{"id":291948,"date":"2026-02-02T10:00:00","date_gmt":"2026-02-02T09:00:00","guid":{"rendered":"https:\/\/www.tucomarca.com\/wordpress\/segunda\/?p=291948"},"modified":"2026-02-02T21:15:53","modified_gmt":"2026-02-02T20:15:53","slug":"la-diputacio-de-valencia-agraix-la-solidaritat-de-les-confessions-religioses-despres-de-la-dana","status":"publish","type":"post","link":"https:\/\/www.tucomarca.com\/wordpress\/segunda\/ca\/la-diputacio-de-valencia-agraix-la-solidaritat-de-les-confessions-religioses-despres-de-la-dana\/","title":{"rendered":"La Diputaci\u00f3 de Val\u00e8ncia agra\u00efx la solidaritat de les confessions religioses despr\u00e9s de la DANA"},"content":{"rendered":"\n<h3 class=\"wp-block-heading\">Momp\u00f3 es reunix amb representants d&#8217;11 tradicions religioses: \u201cMentres discutim des de la difer\u00e8ncia, vosaltres actueu des del que ens \u00e9s com\u00fa\u201d.<\/h3>\n\n\n\n<p>El president de la Diputaci\u00f3 de Val\u00e8ncia, Vicent Momp\u00f3, s&#8217;ha reunit este dilluns amb una vintena de representants cat\u00f2lics, jueus, musulmans, budistes i evang\u00e8lics, entre altres credos religiosos, per a agrair-los la seua labor despr\u00e9s de la DANA. \u201cEns heu recordat que la solidaritat no ent\u00e9n de fronteres i que la dignitat humana est\u00e0 sempre per damunt de qualsevol difer\u00e8ncia\u201d, ha destacat Momp\u00f3, al mateix temps que ha recordat que \u201cenmig de l&#8217;emerg\u00e8ncia, les difer\u00e8ncies van desapar\u00e9ixer. Nom\u00e9s va quedar l&#8217;important: la m\u00e0 tendida, l&#8217;abra\u00e7 sincer, el menjar calent, el consol silenci\u00f3s, l&#8217;ajuda al qual ho havia perdut tot\u201d.<\/p>\n\n\n\n<p>Per aix\u00f2, Momp\u00f3, els ha donat les gr\u00e0cies \u201camb maj\u00fascules\u201d: \u201cquan la dana va colpejar amb for\u00e7a la nostra prov\u00edncia, quan l&#8217;aigua ho va destrossar tot al seu pas, no sols es va posar a prova la capacitat de resposta de les administracions, sin\u00f3 tamb\u00e9 la nostra condici\u00f3 humana i en eixe examen col\u00b7lectiu, vosaltres vau estar a l&#8217;altura\u201d.<\/p>\n\n\n\n<p>A m\u00e9s, el president ha posat en valor els valors de \u201cla humilitat, del servici, del comprom\u00eds sense focus, de la capacitat d&#8217;anteposar el b\u00e9 com\u00fa a l&#8217;inter\u00e9s propi\u201d de les congregacions religioses: \u201cVivim temps d&#8217;extrema polaritzaci\u00f3, de discursos durs, de trinxeres ideol\u00f2giques i d&#8217;una societat cada vegada m\u00e9s cansada de l&#8217;enfrontament constant. Potser, la pol\u00edtica hauria de mirar m\u00e9s sovint a espais com els vostres perqu\u00e8 mentres discutim des de la difer\u00e8ncia, vosaltres actueu des del que ens \u00e9s com\u00fa. I mentres la pol\u00edtica corre el risc d&#8217;oblidar per a qui existix, vosaltres el teniu clar: per a les persones, especialment per a les que m\u00e9s ho necessiten\u201d.<\/p>\n\n\n\n<p>Els representants de les diferents confessions religioses han concretat la seua ajuda despr\u00e9s de la dana i han agra\u00eft esta trobada ja que \u00e9s la primera vegada que una instituci\u00f3 els reunix i escolta la seua labor i les seues peticions. Una reuni\u00f3 que, destaquen, afavorix el di\u00e0leg interreligi\u00f3s i la coordinaci\u00f3. Per aix\u00f2, han sol\u00b7licitat m\u00e9s ferramentes d&#8217;este tipus perqu\u00e8, ha esgrimit Francisco Javier Piquer Ramos, president del CECVA (Consell Evang\u00e8lic de la Comunitat Valenciana), \u201c\u00e9s necessari plasmar institucionalment el pluralisme religi\u00f3s\u201d.<\/p>\n\n\n\n<figure class=\"wp-block-image size-large\"><img loading=\"lazy\" decoding=\"async\" width=\"1024\" height=\"691\" src=\"http:\/\/www.tucomarca.com\/wordpress\/segunda\/wp-content\/uploads\/2026\/02\/DipuReunionConfesionesReligiosas2-1024x691.jpg\" alt=\"\" class=\"wp-image-291945\" srcset=\"https:\/\/www.tucomarca.com\/wordpress\/segunda\/wp-content\/uploads\/2026\/02\/DipuReunionConfesionesReligiosas2-1024x691.jpg 1024w, https:\/\/www.tucomarca.com\/wordpress\/segunda\/wp-content\/uploads\/2026\/02\/DipuReunionConfesionesReligiosas2-300x202.jpg 300w, https:\/\/www.tucomarca.com\/wordpress\/segunda\/wp-content\/uploads\/2026\/02\/DipuReunionConfesionesReligiosas2-768x518.jpg 768w, https:\/\/www.tucomarca.com\/wordpress\/segunda\/wp-content\/uploads\/2026\/02\/DipuReunionConfesionesReligiosas2.jpg 1181w\" sizes=\"auto, (max-width: 1024px) 100vw, 1024px\" \/><\/figure>\n\n\n\n<p>A m\u00e9s, el di\u00e0leg permet a les religions aprofundir en el que els unix, uns valors compartits que s&#8217;han reflectit en dos an\u00e8cdotes que han contat l&#8217;arquebisbe de Val\u00e8ncia, Enrique Benavent i un dels representants de l&#8217;Islam a Val\u00e8ncia, Abdul Rahim Yaghmour Soubhi. El primer ha explicat que este diumenge va estar en la Parr\u00f2quia de Sant Jordi de Paiporta i els feligresos li van comptar amb alegria que despr\u00e9s de la DANA un grup de j\u00f3vens musulmans van netejar l&#8217;esgl\u00e9sia i el segon ha comptat el mateix per\u00f2 al rev\u00e9s: j\u00f3vens cat\u00f2lics ajudant en les mesquites.<\/p>\n\n\n\n<p>\u201cNo hi ha un xoc entre religions, per\u00f2 som illots que han d&#8217;unir-se en un continent\u201d, ha advertit Abdul Rahim, igual que el representant Hinduisme, F\u00e9lix Balboa Lez\u00e1un (Swami Rameshwarananda Giri) ha reclamat \u201cdi\u00e0leg per a fer millor el b\u00e9\u201d. En la mateixa l\u00ednia, s&#8217;ha pronunciat la representant dels Mormons, Mar\u00eda Antonia Gonz\u00e1lez, qui ha subratllat que en la DANA totes les religions van treballar \u201cindependentment, per\u00f2 hagueren sigut m\u00e9s eficients si s&#8217;hagueren coordinat\u201d.&nbsp;<\/p>\n\n\n\n<p>Aix\u00ed i tot, l&#8217;arquebisbe de Val\u00e8ncia ha remarcat que en la DANA \u201cens v\u00e0rem unir, va haver-hi moments de col\u00b7laboraci\u00f3 sense mirar la pertinen\u00e7a a la tradici\u00f3 religiosa\u201d. Sobre la trobada, l&#8217;arquebisbe ha assenyalat que ha sigut un moment \u201cper a compartir valors, que s\u00f3n essencials per a la vida de la humanitat, i ens ha confirmat d&#8217;alguna manera que totes les persones som germanes\u201d.<\/p>\n","protected":false},"excerpt":{"rendered":"<div class=\"mh-excerpt\">Momp\u00f3 es reunix amb representants d&#8217;11 tradicions religioses: \u201cMentres discutim des de la difer\u00e8ncia, vosaltres actueu des del que ens \u00e9s com\u00fa\u201d. El president de la Diputaci\u00f3 de Val\u00e8ncia, Vicent Momp\u00f3, s&#8217;ha reunit este dilluns <a class=\"mh-excerpt-more\" href=\"https:\/\/www.tucomarca.com\/wordpress\/segunda\/ca\/la-diputacio-de-valencia-agraix-la-solidaritat-de-les-confessions-religioses-despres-de-la-dana\/\" title=\"La Diputaci\u00f3 de Val\u00e8ncia agra\u00efx la solidaritat de les confessions religioses despr\u00e9s de la DANA\">[+] <\/a><\/div>\n","protected":false},"author":12,"featured_media":291944,"comment_status":"open","ping_status":"open","sticky":false,"template":"","format":"standard","meta":{"footnotes":""},"categories":[21466,10898,10948,10894,10904,10903,10947,10896,10897],"tags":[23851,15409,11246],"class_list":{"0":"post-291948","1":"post","2":"type-post","3":"status-publish","4":"format-standard","5":"has-post-thumbnail","7":"category-dana-ca","8":"category-ventana-ca","9":"category-infraestructuras-ca","10":"category-la-comarca-ca","11":"category-sin-categorizar-ca","12":"category-medio-ambiente-la-comarca-ca","13":"category-politica","14":"category-seccion-ca","15":"category-sucesos-la-comarca-ca","16":"tag-confesiones-religiosas-ca","17":"tag-dana-2-ca","18":"tag-diputacio-de-valencia-ca"},"_links":{"self":[{"href":"https:\/\/www.tucomarca.com\/wordpress\/segunda\/ca\/wp-json\/wp\/v2\/posts\/291948","targetHints":{"allow":["GET"]}}],"collection":[{"href":"https:\/\/www.tucomarca.com\/wordpress\/segunda\/ca\/wp-json\/wp\/v2\/posts"}],"about":[{"href":"https:\/\/www.tucomarca.com\/wordpress\/segunda\/ca\/wp-json\/wp\/v2\/types\/post"}],"author":[{"embeddable":true,"href":"https:\/\/www.tucomarca.com\/wordpress\/segunda\/ca\/wp-json\/wp\/v2\/users\/12"}],"replies":[{"embeddable":true,"href":"https:\/\/www.tucomarca.com\/wordpress\/segunda\/ca\/wp-json\/wp\/v2\/comments?post=291948"}],"version-history":[{"count":0,"href":"https:\/\/www.tucomarca.com\/wordpress\/segunda\/ca\/wp-json\/wp\/v2\/posts\/291948\/revisions"}],"wp:featuredmedia":[{"embeddable":true,"href":"https:\/\/www.tucomarca.com\/wordpress\/segunda\/ca\/wp-json\/wp\/v2\/media\/291944"}],"wp:attachment":[{"href":"https:\/\/www.tucomarca.com\/wordpress\/segunda\/ca\/wp-json\/wp\/v2\/media?parent=291948"}],"wp:term":[{"taxonomy":"category","embeddable":true,"href":"https:\/\/www.tucomarca.com\/wordpress\/segunda\/ca\/wp-json\/wp\/v2\/categories?post=291948"},{"taxonomy":"post_tag","embeddable":true,"href":"https:\/\/www.tucomarca.com\/wordpress\/segunda\/ca\/wp-json\/wp\/v2\/tags?post=291948"}],"curies":[{"name":"wp","href":"https:\/\/api.w.org\/{rel}","templated":true}]}}