{"id":291985,"date":"2026-02-02T09:15:00","date_gmt":"2026-02-02T08:15:00","guid":{"rendered":"https:\/\/www.tucomarca.com\/wordpress\/segunda\/?p=291985"},"modified":"2026-02-02T21:41:11","modified_gmt":"2026-02-02T20:41:11","slug":"la-do-utiel-requena-presenta-per-primera-vegada-a-valencia-els-seus-vins-seleccionats-i-lagenda-del-vi-2026","status":"publish","type":"post","link":"https:\/\/www.tucomarca.com\/wordpress\/segunda\/ca\/la-do-utiel-requena-presenta-per-primera-vegada-a-valencia-els-seus-vins-seleccionats-i-lagenda-del-vi-2026\/","title":{"rendered":"La DO Utiel-Requena presenta per primera vegada a Val\u00e8ncia els seus Vins Seleccionats i l&#8217;Agenda del Vi 2026"},"content":{"rendered":"\n<p>La Denominaci\u00f3 d&#8217;Origen Utiel-Requena ha presentat els Vins Seleccionats i l&#8217;Agenda del Vi 2026 en un acte celebrat per primera vegada a Val\u00e8ncia en el qual es va optar per reunir totes dues presentacions per a ampliar la seua difusi\u00f3.<\/p>\n\n\n\n<p>El Consell Regulador realitza anualment tastos a cegues amb experts en\u00f2legs per a seleccionar els vins que representaran a la DO Utiel-Requena durant tot l&#8217;any. Els vins triats en les diferents categories actuen com a ambaixadors en accions promocionals i reben una etiqueta especial que els distingeix com a Vi Seleccionat 2026 de la DO Utiel-Requena.<\/p>\n\n\n\n<p>En aquesta edici\u00f3, el comit\u00e9 de tast va estar format per tastadors de l&#8217;Associaci\u00f3 d&#8217;En\u00f2legs de la Comunitat Valenciana (AECV), amb representaci\u00f3 d&#8217;Alacant, Val\u00e8ncia i Utiel-Requena. Durant la presentaci\u00f3, el president de la AECV, Rafael Ochando, va dirigir unes paraules en les quals va posar en valor el nivell dels vins catats i el treball que estan realitzant els cellers de la DO Utiel-Requena.<\/p>\n\n\n\n<p>Els Vins Seleccionats DO Utiel-Requena 2026 s\u00f3n:<\/p>\n\n\n\n<ul class=\"wp-block-list\">\n<li>Espumoso Utiel-Requena: Bobal Brut \u2013 Vicente Gandia\u00a0<\/li>\n\n\n\n<li>Blanco Utiel-Requena: Nodus Sauvignon Blanc \u2013 Bodegas Nodus\u00a0<\/li>\n\n\n\n<li>Rosado Utiel-Requena: Alto Cuevas \u2013 Bodegas Covilor<\/li>\n\n\n\n<li>Tinto Monovarietal de Bobal Utiel-Requena: Bobos \u2013 Hispano Suizas<\/li>\n\n\n\n<li>Tinto Utiel-Requena: Sue\u00f1os del Mediterr\u00e1neo \u2013 Bodegas Utielanas<\/li>\n<\/ul>\n\n\n\n<figure class=\"wp-block-image size-large\"><img loading=\"lazy\" decoding=\"async\" width=\"1024\" height=\"473\" src=\"http:\/\/www.tucomarca.com\/wordpress\/segunda\/wp-content\/uploads\/2026\/02\/VinosSeleccionados2-1024x473.jpeg\" alt=\"\" class=\"wp-image-291983\" srcset=\"https:\/\/www.tucomarca.com\/wordpress\/segunda\/wp-content\/uploads\/2026\/02\/VinosSeleccionados2-1024x473.jpeg 1024w, https:\/\/www.tucomarca.com\/wordpress\/segunda\/wp-content\/uploads\/2026\/02\/VinosSeleccionados2-300x139.jpeg 300w, https:\/\/www.tucomarca.com\/wordpress\/segunda\/wp-content\/uploads\/2026\/02\/VinosSeleccionados2-768x355.jpeg 768w, https:\/\/www.tucomarca.com\/wordpress\/segunda\/wp-content\/uploads\/2026\/02\/VinosSeleccionados2-1536x710.jpeg 1536w, https:\/\/www.tucomarca.com\/wordpress\/segunda\/wp-content\/uploads\/2026\/02\/VinosSeleccionados2.jpeg 2000w\" sizes=\"auto, (max-width: 1024px) 100vw, 1024px\" \/><\/figure>\n\n\n\n<p>En total es van presentar 59 vins de 29 cellers, destacant l&#8217;augment any rere any en el nombre de vins presentats, especialment en les categories de blanc i rosat. Quant al tast de selecci\u00f3, els tastadors van destacar el nivell global alt dels vins, amb blancs frescos i equilibrats, rosats de gran qualitat, negres intensos i ben estructurats i monovarietales de Boval que reflecteixen fidelment la identitat de la varietat. Els espumosos van mostrar, a m\u00e9s, un notable potencial i recorregut dins de la DO.<\/p>\n\n\n\n<p>El president del Consell Regulador, Jos\u00e9 Miguel Medina, es va mostrar molt satisfet amb l&#8217;alta participaci\u00f3 de cellers, que cada any presenten m\u00e9s vins, i va agrair a la AECV la seua col\u00b7laboraci\u00f3 i els seus comentaris sobre els tastos.<\/p>\n\n\n\n<p>Seguint amb l&#8217;esdeveniment, tamb\u00e9 es va presentar l&#8217;Agenda del Vi 2026 que enguany incorpora m\u00e9s cellers i amplia la informaci\u00f3 al enoturista, com els idiomes en 30 de gener de 2026 P\u00e1g 4 els que es realitzen els tastos, la possibilitat de restauraci\u00f3 i allotjament del celler o si aquest compte amb el distintiu Vi\u00f1er\u00f3n DO Utiel-Requena.<\/p>\n\n\n\n<p>Com a novetat, mostren les activitats de enoturismo dividides per municipis. L&#8217;Agenda del vi evoluciona i creix any rere any. Per a aquesta edici\u00f3 s&#8217;ha destacat la seua portada, amb solapa desplegable i molt visual, i el segell de Ciutat Espanyola del Vi 2026 que ha aconseguit Requena per a enguany.<\/p>\n\n\n\n<p>Durant la presentaci\u00f3 es va dur a terme una taula redona amb la participaci\u00f3 de Joaqu\u00edn Gonz\u00e1lez, tinenta d&#8217;alcalde de Requena, que va parlar sobre el reconeixement de la ciutat i la seua import\u00e0ncia per al desenvolupament del enoturismo a la comarca. Tamb\u00e9 va intervindre Jaime Nicolau, periodista del mitj\u00e0 5barricas, qui va destacar la gran labor del enoturismo a la comarca i com ha anat creixent en els \u00faltims anys.<\/p>\n\n\n\n<p>Les agendes estaran disponibles en tots els esdeveniments de la DO Utiel-Requena, aix\u00ed com en oficines de turisme, enotecas, la seu del Consell Regulador i digitalment en la p\u00e0gina web de la DO, permetent a cellers, institucions, professionals, enoturistas i winelovers accedir a tots els plans sobre el enoturismo i la cultura del vi a la nostra comarca.<\/p>\n","protected":false},"excerpt":{"rendered":"<div class=\"mh-excerpt\">La Denominaci\u00f3 d&#8217;Origen Utiel-Requena ha presentat els Vins Seleccionats i l&#8217;Agenda del Vi 2026 en un acte celebrat per primera vegada a Val\u00e8ncia en el qual es va optar per reunir totes dues presentacions per <a class=\"mh-excerpt-more\" href=\"https:\/\/www.tucomarca.com\/wordpress\/segunda\/ca\/la-do-utiel-requena-presenta-per-primera-vegada-a-valencia-els-seus-vins-seleccionats-i-lagenda-del-vi-2026\/\" title=\"La DO Utiel-Requena presenta per primera vegada a Val\u00e8ncia els seus Vins Seleccionats i l&#8217;Agenda del Vi 2026\">[+] <\/a><\/div>\n","protected":false},"author":12,"featured_media":291982,"comment_status":"open","ping_status":"open","sticky":false,"template":"","format":"standard","meta":{"footnotes":""},"categories":[11006,10894,11007,10908,10909,10896,11059],"tags":[23854,13169],"class_list":{"0":"post-291985","1":"post","2":"type-post","3":"status-publish","4":"format-standard","5":"has-post-thumbnail","7":"category-canal-vinos","8":"category-la-comarca-ca","9":"category-ocio-y-cultura-ca","10":"category-requena-ca","11":"category-requena-utiel-ca","12":"category-seccion-ca","13":"category-utiel-ca","14":"tag-agenda-vino-2026-ca","15":"tag-d-o-utiel-requena-2-ca"},"_links":{"self":[{"href":"https:\/\/www.tucomarca.com\/wordpress\/segunda\/ca\/wp-json\/wp\/v2\/posts\/291985","targetHints":{"allow":["GET"]}}],"collection":[{"href":"https:\/\/www.tucomarca.com\/wordpress\/segunda\/ca\/wp-json\/wp\/v2\/posts"}],"about":[{"href":"https:\/\/www.tucomarca.com\/wordpress\/segunda\/ca\/wp-json\/wp\/v2\/types\/post"}],"author":[{"embeddable":true,"href":"https:\/\/www.tucomarca.com\/wordpress\/segunda\/ca\/wp-json\/wp\/v2\/users\/12"}],"replies":[{"embeddable":true,"href":"https:\/\/www.tucomarca.com\/wordpress\/segunda\/ca\/wp-json\/wp\/v2\/comments?post=291985"}],"version-history":[{"count":0,"href":"https:\/\/www.tucomarca.com\/wordpress\/segunda\/ca\/wp-json\/wp\/v2\/posts\/291985\/revisions"}],"wp:featuredmedia":[{"embeddable":true,"href":"https:\/\/www.tucomarca.com\/wordpress\/segunda\/ca\/wp-json\/wp\/v2\/media\/291982"}],"wp:attachment":[{"href":"https:\/\/www.tucomarca.com\/wordpress\/segunda\/ca\/wp-json\/wp\/v2\/media?parent=291985"}],"wp:term":[{"taxonomy":"category","embeddable":true,"href":"https:\/\/www.tucomarca.com\/wordpress\/segunda\/ca\/wp-json\/wp\/v2\/categories?post=291985"},{"taxonomy":"post_tag","embeddable":true,"href":"https:\/\/www.tucomarca.com\/wordpress\/segunda\/ca\/wp-json\/wp\/v2\/tags?post=291985"}],"curies":[{"name":"wp","href":"https:\/\/api.w.org\/{rel}","templated":true}]}}