{"id":292044,"date":"2026-02-03T12:00:00","date_gmt":"2026-02-03T11:00:00","guid":{"rendered":"https:\/\/www.tucomarca.com\/wordpress\/segunda\/?p=292044"},"modified":"2026-02-03T21:12:04","modified_gmt":"2026-02-03T20:12:04","slug":"susana-camarero-destaca-que-la-comunitat-valenciana-registra-la-xifra-de-persones-desocupades-mes-baixa-dun-mes-de-gener-des-de-2007","status":"publish","type":"post","link":"https:\/\/www.tucomarca.com\/wordpress\/segunda\/ca\/susana-camarero-destaca-que-la-comunitat-valenciana-registra-la-xifra-de-persones-desocupades-mes-baixa-dun-mes-de-gener-des-de-2007\/","title":{"rendered":"Susana Camarero destaca que la Comunitat Valenciana registra la xifra de persones desocupades m\u00e9s baixa d&#8217;un mes de gener des de 2007"},"content":{"rendered":"\n<h3 class=\"wp-block-heading\">La Comunitat Valenciana lidera el creixement percentual anual d&#8217;afiliats i de persones aut\u00f2nomes a Espanya, i \u00e9s la segona comunitat aut\u00f2noma amb major descens anual de l&#8217;atur en persones menors de 25 anys.<\/h3>\n\n\n\n<h3 class=\"wp-block-heading\">Per segon mes consecutiu, la Comunitat Valenciana lidera el creixement anual de contractes indefinits.<\/h3>\n\n\n\n<p>La vicepresidenta primera i consellera d&#8217;Habitatge, Ocupaci\u00f3, Joventut i Igualtat, Susana Camarero, ha valorat les dades d&#8217;atur registrat corresponents al mes de gener, que reflecteixen que la Comunitat Valenciana mant\u00e9 per huit\u00e9 mes consecutiu el nombre de persones desocupades per davall de les 300.000. L&#8217;atur registrat aquest mes de gener ha augmentat en 1.788 persones, la qual cosa suposa una pujada del 0,62%, sensiblement inferior a l&#8217;augment registrat en el conjunt d&#8217;Espanya (1,26%).<\/p>\n\n\n\n<p>Camarero ha explicat que, com \u00e9s habitual, el mes de gener registra un augment de l&#8217;atur respecte a desembre, a causa de la finalitzaci\u00f3 de la campanya nadalenca. \u201cEs tracta d&#8217;un increment estacional i previsible, que no altera la tend\u00e8ncia positiva del mercat laboral valenci\u00e0\u201d, ha assenyalat.<\/p>\n\n\n\n<p>En aquest sentit, la vicepresidenta primera ha subratllat que &#8220;la dada de gener de 2026 \u00e9s la xifra de persones desocupades m\u00e9s baixa d&#8217;un mes de gener des de 2007, i a m\u00e9s constitueix el segon menor increment mensual de tota la s\u00e8rie hist\u00f2rica, tant en valor absolut com en percentatge&#8221;.<\/p>\n\n\n\n<p><strong>Millor comportament que la mitjana nacional<\/strong><\/p>\n\n\n\n<p>En termes interanuals, la Comunitat Valenciana registra 26.850 persones desocupades menys que fa un any, la qual cosa suposa un descens del 8,4%, i la situa com la segona comunitat aut\u00f2noma amb major reducci\u00f3 anual de l&#8217;atur, nom\u00e9s per darrere d&#8217;Andalusia.<\/p>\n\n\n\n<p>Aix\u00ed mateix, Camarero ha posat en valor que, pese a l&#8217;augment t\u00e8cnic de l&#8217;atur al gener, la correcci\u00f3 desestacionalitzada \u00e9s positiva, la qual cosa confirma que la Comunitat Valenciana mant\u00e9 una traject\u00f2ria m\u00e9s favorable que la mitjana nacional, amb una menor pujada mensual, una millor caiguda interanual i un comportament m\u00e9s s\u00f2lid de l&#8217;ocupaci\u00f3.<\/p>\n\n\n\n<p>\u201cFins i tot en un mes tradicionalment complex com a gener, la Comunitat Valenciana presenta millors dades que el conjunt d&#8217;Espanya, la qual cosa demostra la fortalesa de la nostra evoluci\u00f3 laboral\u201d, ha afirmat.<\/p>\n\n\n\n<p><strong>Descens destacat de l&#8217;atur juvenil<\/strong><\/p>\n\n\n\n<p>La vicepresidenta primera ha ressaltat tamb\u00e9 el comportament de l&#8217;atur juvenil, destacant que la Comunitat Valenciana \u00e9s la segona comunitat aut\u00f2noma amb major descens anual de persones menors de 25 anys en atur, amb 2.167 joves desocupats menys, la qual cosa representa quasi un ter\u00e7 del descens nacional (7.472).<\/p>\n\n\n\n<p>En termes percentuals, la Comunitat Valenciana registra una baixada del 11,12%, xifra que quasi triplica el descens mig nacional (-3,97%), la qual cosa la situa com la segona autonomia en el r\u00e0nquing nacional.<\/p>\n\n\n\n<p>\u201cQuasi un de cada tres joves que ix de l&#8217;atur a Espanya el fa en la Comunitat Valenciana, i aix\u00f2 no \u00e9s casualitat\u201d, ha assenyalat Camarero, qui ha destacat la import\u00e0ncia de continuar refor\u00e7ant les pol\u00edtiques actives dirigides a aquest col\u00b7lectiu.<\/p>\n\n\n\n<p><strong>R\u00e8cord d&#8217;afiliaci\u00f3 a la Seguretat Social<\/strong><\/p>\n\n\n\n<p>La vicepresidenta primera ha destacat tamb\u00e9 les dades d&#8217;afiliaci\u00f3 a la Seguretat Social, que reforcen l&#8217;evoluci\u00f3 positiva del mercat laboral valenci\u00e0. El mes de gener, la Comunitat Valenciana ha aconseguit els 2.230.708 afiliats, la qual cosa suposa la millor xifra d&#8217;afiliaci\u00f3 registrada mai en un mes de gener.<\/p>\n\n\n\n<p>En termes interanuals, l&#8217;afiliaci\u00f3 augmenta en 78.188 persones, la qual cosa representa un creixement del 3,63%, m\u00e9s d&#8217;un punt per damunt de la mitjana nacional (2,26%). D&#8217;aquesta manera, la Comunitat Valenciana lidera, per cinqu\u00e9 mes consecutiu, el creixement percentual anual d&#8217;afiliats a Espanya.<\/p>\n\n\n\n<p>A m\u00e9s, per segon mes consecutiu, la Comunitat Valenciana lidera el creixement anual de contractes indefinits a Espanya amb un +4,8%, sent la mitjana nacional de -4,7%, deu punts percentuals de difer\u00e8ncia.<\/p>\n\n\n\n<p>\u201cAquestes dades confirmen que la Comunitat Valenciana no sols redueix l&#8217;atur, sin\u00f3 que crea ocupaci\u00f3 de manera sostinguda i amb m\u00e9s intensitat que la mitjana nacional\u201d, ha subratllat Camarero, qui ha destacat que l&#8217;augment d&#8217;afiliaci\u00f3 reflecteix \u201cuna economia m\u00e9s din\u00e0mica i un mercat laboral que continua guanyant fortalesa\u201d.<\/p>\n\n\n\n<p><strong>Lideratge en creixement de persones aut\u00f2nomes<\/strong><\/p>\n\n\n\n<p>Aix\u00ed mateix, Susana Camarero ha posat en valor l&#8217;evoluci\u00f3 del treball aut\u00f2nom, assenyalant que la Comunitat Valenciana registra al gener un total de 387.206 persones aut\u00f2nomes, amb un increment interanual de 12.090 afiliacions, la qual cosa suposa un creixement del 3,22%, molt superior a l&#8217;increment nacional (1,12%).<\/p>\n\n\n\n<p>La vicepresidenta primera ha destacat que, per segon mes consecutiu, la Comunitat Valenciana lidera l&#8217;augment anual de persones aut\u00f2nomes a Espanya, tant en termes absoluts com percentuals, quasi triplicant la mitjana nacional.<\/p>\n\n\n\n<p>A m\u00e9s, ha subratllat que aquest creixement representa, per a un mes de gener, el major augment percentual de persones aut\u00f2nomes des de 2008, la qual cosa evidencia la confian\u00e7a en l&#8217;activitat econ\u00f2mica i en l&#8217;emprenedoria en la Comunitat Valenciana.<\/p>\n\n\n\n<p>\u201cL&#8217;impuls del treball aut\u00f2nom \u00e9s clau per al creixement econ\u00f2mic, la creaci\u00f3 d&#8217;ocupaci\u00f3 i la vertebraci\u00f3 territorial, i per aix\u00f2 continuem refor\u00e7ant les pol\u00edtiques de suport als qui decideixen emprendre\u201d, ha concl\u00f2s Camarero.<\/p>\n\n\n\n<p><strong>Evoluci\u00f3 positiva de l&#8217;atur femen\u00ed<\/strong><\/p>\n\n\n\n<p>Respecte a l&#8217;atur femen\u00ed, Camarero ha destacat que, per segon mes consecutiu, la Comunitat Valenciana \u00e9s la segona comunitat amb major descens anual, amb 15.016 dones parades menys, la qual cosa suposa una baixada del 7,7%, enfront del 6,0% del conjunt d&#8217;Espanya.<\/p>\n\n\n\n<p><strong>Descens de l&#8217;atur per sectors<\/strong><\/p>\n\n\n\n<p>Per sectors econ\u00f2mics, Camarero ha subratllat que la Comunitat Valenciana lidera el descens anual de l&#8217;atur en la ind\u00fastria, amb 3.682 persones desocupades menys, un -9,7%, enfront del -6,3% de la mitjana nacional. \u201cUn de cada quatre aturats menys en la ind\u00fastria a nivell nacional \u00e9s de la Comunitat Valenciana\u201d, ha destacat.<\/p>\n\n\n\n<p>En el sector de la construcci\u00f3, la Comunitat Valenciana \u00e9s la segona amb major descens, amb 2.834 aturats menys, un -12,0%, enfront del -10,1% nacional.<\/p>\n\n\n\n<p>En el sector serveis, per segon mes consecutiu, la Comunitat Valenciana registra el segon millor dada d&#8217;Espanya tant en valor absolut (19.542 persones desocupades menys) com en percentatge (-8,6%), molt per damunt de la mitjana nacional (-5,5%).<\/p>\n\n\n\n<p><strong>Refor\u00e7 de les pol\u00edtiques actives d&#8217;ocupaci\u00f3<\/strong><\/p>\n\n\n\n<p>Finalment, Susana Camarero ha recordat que el Consell est\u00e0 refor\u00e7ant les pol\u00edtiques actives d&#8217;ocupaci\u00f3, amb especial atenci\u00f3 a persones joves, col\u00b7lectius de dif\u00edcil inserci\u00f3 i persones amb discapacitat, a trav\u00e9s de noves ajudes a la contractaci\u00f3 indefinida impulsades per Labora, amb subvencions que poden aconseguir fins a 25.000 euros per contracte.<\/p>\n\n\n\n<p>\u201cEl nostre objectiu \u00e9s consolidar aquesta evoluci\u00f3 positiva amb ocupaci\u00f3 estable, inclusiu i de qualitat, i continuar reduint la desocupaci\u00f3 de manera estructural en la Comunitat Valenciana\u201d, ha concl\u00f2s.<\/p>\n","protected":false},"excerpt":{"rendered":"<div class=\"mh-excerpt\">La Comunitat Valenciana lidera el creixement percentual anual d&#8217;afiliats i de persones aut\u00f2nomes a Espanya, i \u00e9s la segona comunitat aut\u00f2noma amb major descens anual de l&#8217;atur en persones menors de 25 anys. Per segon <a class=\"mh-excerpt-more\" href=\"https:\/\/www.tucomarca.com\/wordpress\/segunda\/ca\/susana-camarero-destaca-que-la-comunitat-valenciana-registra-la-xifra-de-persones-desocupades-mes-baixa-dun-mes-de-gener-des-de-2007\/\" title=\"Susana Camarero destaca que la Comunitat Valenciana registra la xifra de persones desocupades m\u00e9s baixa d&#8217;un mes de gener des de 2007\">[+] <\/a><\/div>\n","protected":false},"author":12,"featured_media":148122,"comment_status":"open","ping_status":"open","sticky":false,"template":"","format":"standard","meta":{"footnotes":""},"categories":[10898,10948,10894,10904,10947,10896],"tags":[17261,11498,11969],"class_list":{"0":"post-292044","1":"post","2":"type-post","3":"status-publish","4":"format-standard","5":"has-post-thumbnail","7":"category-ventana-ca","8":"category-infraestructuras-ca","9":"category-la-comarca-ca","10":"category-sin-categorizar-ca","11":"category-politica","12":"category-seccion-ca","13":"tag-afiliacion-a-la-seguridad-social-ca","14":"tag-generalitat-valenciana-ca","15":"tag-paro-ca"},"_links":{"self":[{"href":"https:\/\/www.tucomarca.com\/wordpress\/segunda\/ca\/wp-json\/wp\/v2\/posts\/292044","targetHints":{"allow":["GET"]}}],"collection":[{"href":"https:\/\/www.tucomarca.com\/wordpress\/segunda\/ca\/wp-json\/wp\/v2\/posts"}],"about":[{"href":"https:\/\/www.tucomarca.com\/wordpress\/segunda\/ca\/wp-json\/wp\/v2\/types\/post"}],"author":[{"embeddable":true,"href":"https:\/\/www.tucomarca.com\/wordpress\/segunda\/ca\/wp-json\/wp\/v2\/users\/12"}],"replies":[{"embeddable":true,"href":"https:\/\/www.tucomarca.com\/wordpress\/segunda\/ca\/wp-json\/wp\/v2\/comments?post=292044"}],"version-history":[{"count":0,"href":"https:\/\/www.tucomarca.com\/wordpress\/segunda\/ca\/wp-json\/wp\/v2\/posts\/292044\/revisions"}],"wp:featuredmedia":[{"embeddable":true,"href":"https:\/\/www.tucomarca.com\/wordpress\/segunda\/ca\/wp-json\/wp\/v2\/media\/148122"}],"wp:attachment":[{"href":"https:\/\/www.tucomarca.com\/wordpress\/segunda\/ca\/wp-json\/wp\/v2\/media?parent=292044"}],"wp:term":[{"taxonomy":"category","embeddable":true,"href":"https:\/\/www.tucomarca.com\/wordpress\/segunda\/ca\/wp-json\/wp\/v2\/categories?post=292044"},{"taxonomy":"post_tag","embeddable":true,"href":"https:\/\/www.tucomarca.com\/wordpress\/segunda\/ca\/wp-json\/wp\/v2\/tags?post=292044"}],"curies":[{"name":"wp","href":"https:\/\/api.w.org\/{rel}","templated":true}]}}