{"id":292050,"date":"2026-02-03T11:45:00","date_gmt":"2026-02-03T10:45:00","guid":{"rendered":"https:\/\/www.tucomarca.com\/wordpress\/segunda\/?p=292050"},"modified":"2026-02-03T21:21:35","modified_gmt":"2026-02-03T20:21:35","slug":"la-diputacio-aprova-12-nous-projectes-del-pla-obert-en-la-serrania-i-el-rincon-de-ademuz-amb-una-inversio-de-718-000-euros","status":"publish","type":"post","link":"https:\/\/www.tucomarca.com\/wordpress\/segunda\/ca\/la-diputacio-aprova-12-nous-projectes-del-pla-obert-en-la-serrania-i-el-rincon-de-ademuz-amb-una-inversio-de-718-000-euros\/","title":{"rendered":"La Diputaci\u00f3 aprova 12 nous projectes del Pla Obert en la Serran\u00eda i el Rinc\u00f3n de Ademuz amb una inversi\u00f3 de 718.000 euros"},"content":{"rendered":"\n<h3 class=\"wp-block-heading\">La corporaci\u00f3 destina mig mili\u00f3 d&#8217;euros a quatre projectes de la Serran\u00eda i 218.000 euros a huit actuacions en el Rinc\u00f3n de Ademuz.<\/h3>\n\n\n\n<h3 class=\"wp-block-heading\">Entre les propostes aprovades destaquen la construcci\u00f3 d&#8217;una nau que servir\u00e0 per a aparcament a Dome\u00f1o i la renovaci\u00f3 de part de l&#8217;enllumenat p\u00fablic a Vallanca.<\/h3>\n\n\n\n<p>La Diputaci\u00f3 de Val\u00e8ncia ha aprovat una nova resoluci\u00f3 del Pla Obert d\u2019Inversions que autoritza el finan\u00e7ament de dotze nous projectes municipals a les comarques de la Serran\u00eda i el Rinc\u00f3n de Ademuz, que suposen una inversi\u00f3 global de 718.000 euros. En concret, l&#8217;\u00e0rea de Cooperaci\u00f3 que dirigix la vicepresidenta Nat\u00e0lia Enguix, coordinadora del pla provincial, ha donat llum verda a quatre projectes de tres localitats de la Serran\u00eda, que sumen 500.446 euros, i a altres huit actuacions en tres municipis del Rinc\u00f3n de Ademuz, amb un finan\u00e7ament de 218.000 euros.<\/p>\n\n\n\n<p>Entre els projectes validats en l&#8217;\u00faltim decret destaca la construcci\u00f3 d&#8217;una nova nau que servir\u00e0 com a aparcament de vehicles en la localitat serrana de Dome\u00f1o, una actuaci\u00f3 que comptar\u00e0 amb 389.000 procedents de la Diputaci\u00f3. Tamb\u00e9 en la Serran\u00eda, l&#8217;Ajuntament de Pedralba construir\u00e0 una nova pista de p\u00e0del en el poliesportiu municipal, i a m\u00e9s renovar\u00e0 la gespa d&#8217;altres dos pistes de p\u00e0del. Finalment, i gr\u00e0cies als diners de la instituci\u00f3 provincial, Chelva podr\u00e0 incrementar i millorar el mobiliari de la llar del jubilat.<\/p>\n\n\n\n<p>Quant a les inversions aprovades en el Rinc\u00f3n de Ademuz, el municipi de Vallanca acapara un total de cinc nous projectes, entre els quals ressalta instal\u00b7laci\u00f3 d&#8217;una nova xarxa d&#8217;enllumenat p\u00fablic al carrer Fuente el Ponce. L&#8217;ajuntament de la localitat tamb\u00e9 rebr\u00e0 finan\u00e7ament provincial per a millorar la sala multiusos del centre BTT Santer\u00f3n, dotar d&#8217;equipament de cuina als quiosquets i adquirir tanques per als vianants personalitzades.<\/p>\n\n\n\n<p>Per part seua, Casas Bajas portar\u00e0 a escometre la repavimentaci\u00f3 del Camino del Calvario i del Camino del Pinar, mentres que Ademuz adquirir\u00e0 un tractor per a tasques de manteniment en parcs i jardins i per a treballs de gesti\u00f3 forestal.<\/p>\n\n\n\n<p><strong>Nou decret del Pla Obert&nbsp;<\/strong><\/p>\n\n\n\n<p>La Diputaci\u00f3 de Val\u00e8ncia ha aprovat una nova resoluci\u00f3 del Pla Obert d\u2019Inversions que autoritza el finan\u00e7ament de 54 projectes municipals en tota la prov\u00edncia, amb una inversi\u00f3 global de 7.805.114 euros. Amb esta aprovaci\u00f3, el programa, que compta amb un pressupost total de 350.000.000 euros, aconseguix ja un import aprovat de 137.098.915 euros repartits en un total de 926 actuacions.<\/p>\n\n\n\n<p>El nou decret, impulsat des de l&#8217;\u00e0rea de Cooperaci\u00f3 Municipal que dirigix la vicepresidenta primera, Nat\u00e0lia Enguix, refor\u00e7a \u201cel car\u00e0cter obert, \u00e0gil i flexible del pla, permetent als municipis decidir en qu\u00e8 invertir els seus recursos sense esperar a convocat\u00f2ries ni ajustar-se a l\u00ednies tancades\u201d. La vicepresidenta insistix que amb el Pla Obert \u201c\u00e9s la Diputaci\u00f3 la que s&#8217;adapta als pobles i no al rev\u00e9s: acompanyem amb agilitat i recursos perqu\u00e8 inversions com les de la Serran\u00eda i el Rinc\u00f3n de Ademuz siguen una realitat al m\u00e9s prompte possible\u201d.<\/p>\n\n\n\n<p>Per part seua, el president de la instituci\u00f3 provincial, Vicent Momp\u00f3, considera que el Pla Obert \u201c\u00e9s la millor mostra que esta Diputaci\u00f3 est\u00e0 al servici dels municipis, especialment dels m\u00e9s xicotets\u201d. Al seu ju\u00ed, el pla \u201cpermet vertebrar el nostre territori des de la confian\u00e7a als ajuntaments, eliminant traves i posant el focus en el que de veritat importa: que tots els ciutadans de la prov\u00edncia, visquen on visquen, tinguen acc\u00e9s a unes infraestructures dignes i de qualitat\u201d.<\/p>\n","protected":false},"excerpt":{"rendered":"<div class=\"mh-excerpt\">La corporaci\u00f3 destina mig mili\u00f3 d&#8217;euros a quatre projectes de la Serran\u00eda i 218.000 euros a huit actuacions en el Rinc\u00f3n de Ademuz. Entre les propostes aprovades destaquen la construcci\u00f3 d&#8217;una nau que servir\u00e0 per <a class=\"mh-excerpt-more\" href=\"https:\/\/www.tucomarca.com\/wordpress\/segunda\/ca\/la-diputacio-aprova-12-nous-projectes-del-pla-obert-en-la-serrania-i-el-rincon-de-ademuz-amb-una-inversio-de-718-000-euros\/\" title=\"La Diputaci\u00f3 aprova 12 nous projectes del Pla Obert en la Serran\u00eda i el Rinc\u00f3n de Ademuz amb una inversi\u00f3 de 718.000 euros\">[+] <\/a><\/div>\n","protected":false},"author":12,"featured_media":292048,"comment_status":"open","ping_status":"open","sticky":false,"template":"","format":"standard","meta":{"footnotes":""},"categories":[10890,10926,10924,11039,11035,11046,10898,10948,10894,10903,11025,10947,10896,10962],"tags":[11928,11080,20262,19988,12039,18825],"class_list":{"0":"post-292050","1":"post","2":"type-post","3":"status-publish","4":"format-standard","5":"has-post-thumbnail","7":"category-ademus","8":"category-ademus-ca","9":"category-cases-baixes","10":"category-chelva-ca","11":"category-domeno-ca","12":"category-los-serranos-ca","13":"category-ventana-ca","14":"category-infraestructuras-ca","15":"category-la-comarca-ca","16":"category-medio-ambiente-la-comarca-ca","17":"category-pedralba-ca","18":"category-politica","19":"category-seccion-ca","20":"category-vallanca-ca","21":"tag-la-serrania-ca","22":"tag-los-serranos-ca","23":"tag-natalia-enguix-ca","24":"tag-pla-obert-dinversions-ca","25":"tag-rincon-de-ademuz-ca","26":"tag-vicent-mompo-ca"},"_links":{"self":[{"href":"https:\/\/www.tucomarca.com\/wordpress\/segunda\/ca\/wp-json\/wp\/v2\/posts\/292050","targetHints":{"allow":["GET"]}}],"collection":[{"href":"https:\/\/www.tucomarca.com\/wordpress\/segunda\/ca\/wp-json\/wp\/v2\/posts"}],"about":[{"href":"https:\/\/www.tucomarca.com\/wordpress\/segunda\/ca\/wp-json\/wp\/v2\/types\/post"}],"author":[{"embeddable":true,"href":"https:\/\/www.tucomarca.com\/wordpress\/segunda\/ca\/wp-json\/wp\/v2\/users\/12"}],"replies":[{"embeddable":true,"href":"https:\/\/www.tucomarca.com\/wordpress\/segunda\/ca\/wp-json\/wp\/v2\/comments?post=292050"}],"version-history":[{"count":0,"href":"https:\/\/www.tucomarca.com\/wordpress\/segunda\/ca\/wp-json\/wp\/v2\/posts\/292050\/revisions"}],"wp:featuredmedia":[{"embeddable":true,"href":"https:\/\/www.tucomarca.com\/wordpress\/segunda\/ca\/wp-json\/wp\/v2\/media\/292048"}],"wp:attachment":[{"href":"https:\/\/www.tucomarca.com\/wordpress\/segunda\/ca\/wp-json\/wp\/v2\/media?parent=292050"}],"wp:term":[{"taxonomy":"category","embeddable":true,"href":"https:\/\/www.tucomarca.com\/wordpress\/segunda\/ca\/wp-json\/wp\/v2\/categories?post=292050"},{"taxonomy":"post_tag","embeddable":true,"href":"https:\/\/www.tucomarca.com\/wordpress\/segunda\/ca\/wp-json\/wp\/v2\/tags?post=292050"}],"curies":[{"name":"wp","href":"https:\/\/api.w.org\/{rel}","templated":true}]}}