{"id":292070,"date":"2026-02-03T09:10:00","date_gmt":"2026-02-03T08:10:00","guid":{"rendered":"https:\/\/www.tucomarca.com\/wordpress\/segunda\/?p=292070"},"modified":"2026-02-04T09:09:21","modified_gmt":"2026-02-04T08:09:21","slug":"lassociacio-luna-negra-i-lajuntament-dalborache-impulsen-el-projecte-sociocultural-la-hoya-baila","status":"publish","type":"post","link":"https:\/\/www.tucomarca.com\/wordpress\/segunda\/ca\/lassociacio-luna-negra-i-lajuntament-dalborache-impulsen-el-projecte-sociocultural-la-hoya-baila\/","title":{"rendered":"L\u2019associaci\u00f3 Luna Negra i l\u2019Ajuntament d\u2019Alborache impulsen el projecte sociocultural \u201cLa Hoya Baila\u201d"},"content":{"rendered":"\n<p>L\u2019Associaci\u00f3 <strong>Luna Negra<\/strong>, en col\u00b7laboraci\u00f3 amb l\u2019<strong>Ajuntament d\u2019Alborache<\/strong>, ha posat en marxa el projecte sociocultural <strong>\u201cLa Hoya Baila\u201d<\/strong>, una iniciativa dirigida a dinamitzar la vida social de la comarca i fomentar la conviv\u00e8ncia ve\u00efnal a trav\u00e9s del ball.<\/p>\n\n\n<div class=\"wp-block-image\">\n<figure class=\"alignleft size-large is-resized\"><img loading=\"lazy\" decoding=\"async\" width=\"724\" height=\"1024\" src=\"http:\/\/www.tucomarca.com\/wordpress\/segunda\/wp-content\/uploads\/2026\/02\/LaHoyaBaila-724x1024.jpg\" alt=\"\" class=\"wp-image-292071\" style=\"width:376px;height:auto\" srcset=\"https:\/\/www.tucomarca.com\/wordpress\/segunda\/wp-content\/uploads\/2026\/02\/LaHoyaBaila-724x1024.jpg 724w, https:\/\/www.tucomarca.com\/wordpress\/segunda\/wp-content\/uploads\/2026\/02\/LaHoyaBaila-212x300.jpg 212w, https:\/\/www.tucomarca.com\/wordpress\/segunda\/wp-content\/uploads\/2026\/02\/LaHoyaBaila-768x1086.jpg 768w, https:\/\/www.tucomarca.com\/wordpress\/segunda\/wp-content\/uploads\/2026\/02\/LaHoyaBaila.jpg 886w\" sizes=\"auto, (max-width: 724px) 100vw, 724px\" \/><\/figure>\n<\/div>\n\n\n<p>Des de l\u2019associaci\u00f3 es convida a participar ve\u00efns i ve\u00efnes de totes les poblacions de la comarca en aquest nou espai de trobada, concebut com una activitat saludable, participativa i oberta a tots els p\u00fablics. L\u2019estrena oficial del projecte tindr\u00e0 lloc <strong>aquest dissabte 7 de febrer<\/strong>, en horari de <strong>19.00 a 20.30 hores<\/strong>, al <strong>Local Social d\u2019Alborache<\/strong>, situat a l\u2019<strong>Av. de la M\u00fasica, 68<\/strong>.<\/p>\n\n\n\n<p>L\u2019esdeveniment ser\u00e0 <strong>gratu\u00eft i d\u2019acc\u00e9s lliure<\/strong>, amb l\u2019objectiu de facilitar la participaci\u00f3 i refor\u00e7ar els lla\u00e7os socials entre els habitants dels diferents municipis de la Hoya. Des de l\u2019organitzaci\u00f3 s\u2019ha informat que no hi haur\u00e0 servei de bar, encara que es permetr\u00e0 als assistents portar la seua pr\u00f2pia beguda.<\/p>\n\n\n\n<p>Durant la jornada, les persones participants podran gaudir d\u2019una <strong>selecci\u00f3 musical en espanyol<\/strong>, amb estils variats com <strong>pasdobles, c\u00fambia, bachata, balls de sal\u00f3<\/strong>, entre altres, creant un ambient dist\u00e9s i festiu.<\/p>\n\n\n\n<p>Amb <strong>\u201cLa Hoya Baila\u201d<\/strong>, l\u2019Associaci\u00f3 Luna Negra i l\u2019Ajuntament d\u2019Alborache aposten per la cultura, l\u2019activitat f\u00edsica i la conviv\u00e8ncia com a eines per enfortir el teixit social de la comarca i oferir noves alternatives d\u2019oci a la ciutadania.<\/p>\n\n\n\n<p>Facebook:&nbsp;<a href=\"https:\/\/www.facebook.com\/LaHoyaBaila\">https:\/\/www.facebook.com\/LaHoyaBaila<\/a><br>Instagram:&nbsp;<a href=\"https:\/\/www.instagram.com\/lahoyabaila\/\">https:\/\/www.instagram.com\/lahoyabaila\/<\/a><br>Para avisos el canal de WhatsApp:&nbsp;<a href=\"https:\/\/whatsapp.com\/channel\/0029VbCb0jKCXC3Rn0Bejt2b\">https:\/\/whatsapp.com\/channel\/0029VbCb0jKCXC3Rn0Bejt2b<\/a>&nbsp;<\/p>\n","protected":false},"excerpt":{"rendered":"<div class=\"mh-excerpt\">L\u2019Associaci\u00f3 Luna Negra, en col\u00b7laboraci\u00f3 amb l\u2019Ajuntament d\u2019Alborache, ha posat en marxa el projecte sociocultural \u201cLa Hoya Baila\u201d, una iniciativa dirigida a dinamitzar la vida social de la comarca i fomentar la conviv\u00e8ncia ve\u00efnal a <a class=\"mh-excerpt-more\" href=\"https:\/\/www.tucomarca.com\/wordpress\/segunda\/ca\/lassociacio-luna-negra-i-lajuntament-dalborache-impulsen-el-projecte-sociocultural-la-hoya-baila\/\" title=\"L\u2019associaci\u00f3 Luna Negra i l\u2019Ajuntament d\u2019Alborache impulsen el projecte sociocultural \u201cLa Hoya Baila\u201d\">[+] <\/a><\/div>\n","protected":false},"author":12,"featured_media":292074,"comment_status":"open","ping_status":"open","sticky":false,"template":"","format":"standard","meta":{"footnotes":""},"categories":[11019,10973,10894,10912,11007,10896],"tags":[11224,23862,10914],"class_list":{"0":"post-292070","1":"post","2":"type-post","3":"status-publish","4":"format-standard","5":"has-post-thumbnail","7":"category-agenda-ca","8":"category-alborache-ca","9":"category-la-comarca-ca","10":"category-la-hoya-ca","11":"category-ocio-y-cultura-ca","12":"category-seccion-ca","13":"tag-alborache-ca","14":"tag-la-hoya-baila-ca","15":"tag-la-hoya-de-bunol-chiva-ca"},"_links":{"self":[{"href":"https:\/\/www.tucomarca.com\/wordpress\/segunda\/ca\/wp-json\/wp\/v2\/posts\/292070","targetHints":{"allow":["GET"]}}],"collection":[{"href":"https:\/\/www.tucomarca.com\/wordpress\/segunda\/ca\/wp-json\/wp\/v2\/posts"}],"about":[{"href":"https:\/\/www.tucomarca.com\/wordpress\/segunda\/ca\/wp-json\/wp\/v2\/types\/post"}],"author":[{"embeddable":true,"href":"https:\/\/www.tucomarca.com\/wordpress\/segunda\/ca\/wp-json\/wp\/v2\/users\/12"}],"replies":[{"embeddable":true,"href":"https:\/\/www.tucomarca.com\/wordpress\/segunda\/ca\/wp-json\/wp\/v2\/comments?post=292070"}],"version-history":[{"count":0,"href":"https:\/\/www.tucomarca.com\/wordpress\/segunda\/ca\/wp-json\/wp\/v2\/posts\/292070\/revisions"}],"wp:featuredmedia":[{"embeddable":true,"href":"https:\/\/www.tucomarca.com\/wordpress\/segunda\/ca\/wp-json\/wp\/v2\/media\/292074"}],"wp:attachment":[{"href":"https:\/\/www.tucomarca.com\/wordpress\/segunda\/ca\/wp-json\/wp\/v2\/media?parent=292070"}],"wp:term":[{"taxonomy":"category","embeddable":true,"href":"https:\/\/www.tucomarca.com\/wordpress\/segunda\/ca\/wp-json\/wp\/v2\/categories?post=292070"},{"taxonomy":"post_tag","embeddable":true,"href":"https:\/\/www.tucomarca.com\/wordpress\/segunda\/ca\/wp-json\/wp\/v2\/tags?post=292070"}],"curies":[{"name":"wp","href":"https:\/\/api.w.org\/{rel}","templated":true}]}}