{"id":292110,"date":"2026-02-05T10:10:00","date_gmt":"2026-02-05T09:10:00","guid":{"rendered":"https:\/\/www.tucomarca.com\/wordpress\/segunda\/?p=292110"},"modified":"2026-02-06T09:10:13","modified_gmt":"2026-02-06T08:10:13","slug":"la-falla-reyes-catolicos-presenta-els-seus-representants-de-2026","status":"publish","type":"post","link":"https:\/\/www.tucomarca.com\/wordpress\/segunda\/ca\/la-falla-reyes-catolicos-presenta-els-seus-representants-de-2026\/","title":{"rendered":"La Falla Reyes Cat\u00f3licos presenta els seus representants de 2026"},"content":{"rendered":"\n<p>La Falla <strong>Reyes Cat\u00f3licos i Adyacentes<\/strong> celebrar\u00e0 el pr\u00f2xim <strong>dissabte 7 de febrer<\/strong>, a les <strong>18.00 hores<\/strong>, al <strong>Teatre Montecarlo<\/strong>, un dels actes m\u00e9s esperats del seu calendari faller: la <strong>Presentaci\u00f3 dels seus representants per a l\u2019exercici 2026<\/strong>.<\/p>\n\n\n\n<p>En este acte tan assenyalat, la comissi\u00f3 donar\u00e0 la benvinguda oficial a qui ostentar\u00e0 la m\u00e0xima representaci\u00f3 fallera durant el pr\u00f2xim any: <strong>Ainhoa G\u00f3mez Valero<\/strong>, com a <strong>Fallera Major Infantil<\/strong>; <strong>Gabriel Fern\u00e1ndez Espert<\/strong>, com a <strong>President Infantil<\/strong>; i <strong>Valeria Fern\u00e1ndez Espert<\/strong>, com a <strong>Fallera Major<\/strong>.<\/p>\n\n\n\n<p>La presentaci\u00f3 d\u2019enguany tindr\u00e0 un car\u00e0cter especialment significatiu, ja que la Falla Reyes Cat\u00f3licos i Adyacentes viur\u00e0 un moment hist\u00f2ric en comptar, per primera vegada en els seus 56 anys de traject\u00f2ria, amb una Fallera Major Infantil. Este fet suposa un abans i un despr\u00e9s en la hist\u00f2ria de la comissi\u00f3 i posa de manifest el creixement de la falla i la implicaci\u00f3 cada vegada m\u00e9s activa dels m\u00e9s menuts en la festa.<\/p>\n\n\n\n<p><strong>Ainhoa G\u00f3mez Valero<\/strong> assumir\u00e0 este il\u00b7lusionant paper. N\u00e9ta de Mar\u00eda Eugenia, presidenta de la comissi\u00f3 durant els \u00faltims anys i referent del m\u00f3n faller local, Ainhoa simbolitza la continu\u00eftat i l\u2019arrelament de la tradici\u00f3 fallera en la seua fam\u00edlia. Des de la comissi\u00f3 destaquen el seu car\u00e0cter dol\u00e7 i proper, confiant que sabr\u00e0 representar amb il\u00b7lusi\u00f3 i entusiasme l\u2019esperit de les Falles.<\/p>\n\n\n\n<p><strong>Gabriel Fern\u00e1ndez Espert,<\/strong> president infantil i germ\u00e0 de la Fallera Major; forma part de la comissi\u00f3 des que va n\u00e0ixer i, amb tan sols 9 anys, ja compta amb un gran curr\u00edculum faller. \u00c9s una persona molt volguda per tota la comissi\u00f3, la seua segona fam\u00edlia.<\/p>\n\n\n\n<p><strong>Valeria Fern\u00e1ndez Espert<\/strong> ser\u00e0 exaltada com a Fallera Major 2026, una fallera de bressol que continua una profunda tradici\u00f3 familiar. Filla, n\u00e9ta i neboda de fundadors de la falla, Valeria encarna el comprom\u00eds, les arrels i la passi\u00f3 per una festa que forma part de la seua identitat.<\/p>\n\n\n\n<p>La Falla Reyes Cat\u00f3licos i Adyacentes es prepara aix\u00ed per a viure una vesprada carregada d\u2019orgull faller, donant inici a un nou exercici que es presenta ple d\u2019il\u00b7lusi\u00f3 i moments inoblidables.<\/p>\n","protected":false},"excerpt":{"rendered":"<div class=\"mh-excerpt\">La Falla Reyes Cat\u00f3licos i Adyacentes celebrar\u00e0 el pr\u00f2xim dissabte 7 de febrer, a les 18.00 hores, al Teatre Montecarlo, un dels actes m\u00e9s esperats del seu calendari faller: la Presentaci\u00f3 dels seus representants per <a class=\"mh-excerpt-more\" href=\"https:\/\/www.tucomarca.com\/wordpress\/segunda\/ca\/la-falla-reyes-catolicos-presenta-els-seus-representants-de-2026\/\" title=\"La Falla Reyes Cat\u00f3licos presenta els seus representants de 2026\">[+] <\/a><\/div>\n","protected":false},"author":12,"featured_media":292107,"comment_status":"open","ping_status":"open","sticky":false,"template":"","format":"standard","meta":{"footnotes":""},"categories":[11019,10911,10894,10912,11007,10896],"tags":[10913,11948,10914],"class_list":{"0":"post-292110","1":"post","2":"type-post","3":"status-publish","4":"format-standard","5":"has-post-thumbnail","7":"category-agenda-ca","8":"category-bunol-ca","9":"category-la-comarca-ca","10":"category-la-hoya-ca","11":"category-ocio-y-cultura-ca","12":"category-seccion-ca","13":"tag-bunol-ca","14":"tag-falla-reyes-catolicos-y-adyacentes-ca","15":"tag-la-hoya-de-bunol-chiva-ca"},"_links":{"self":[{"href":"https:\/\/www.tucomarca.com\/wordpress\/segunda\/ca\/wp-json\/wp\/v2\/posts\/292110","targetHints":{"allow":["GET"]}}],"collection":[{"href":"https:\/\/www.tucomarca.com\/wordpress\/segunda\/ca\/wp-json\/wp\/v2\/posts"}],"about":[{"href":"https:\/\/www.tucomarca.com\/wordpress\/segunda\/ca\/wp-json\/wp\/v2\/types\/post"}],"author":[{"embeddable":true,"href":"https:\/\/www.tucomarca.com\/wordpress\/segunda\/ca\/wp-json\/wp\/v2\/users\/12"}],"replies":[{"embeddable":true,"href":"https:\/\/www.tucomarca.com\/wordpress\/segunda\/ca\/wp-json\/wp\/v2\/comments?post=292110"}],"version-history":[{"count":0,"href":"https:\/\/www.tucomarca.com\/wordpress\/segunda\/ca\/wp-json\/wp\/v2\/posts\/292110\/revisions"}],"wp:featuredmedia":[{"embeddable":true,"href":"https:\/\/www.tucomarca.com\/wordpress\/segunda\/ca\/wp-json\/wp\/v2\/media\/292107"}],"wp:attachment":[{"href":"https:\/\/www.tucomarca.com\/wordpress\/segunda\/ca\/wp-json\/wp\/v2\/media?parent=292110"}],"wp:term":[{"taxonomy":"category","embeddable":true,"href":"https:\/\/www.tucomarca.com\/wordpress\/segunda\/ca\/wp-json\/wp\/v2\/categories?post=292110"},{"taxonomy":"post_tag","embeddable":true,"href":"https:\/\/www.tucomarca.com\/wordpress\/segunda\/ca\/wp-json\/wp\/v2\/tags?post=292110"}],"curies":[{"name":"wp","href":"https:\/\/api.w.org\/{rel}","templated":true}]}}