{"id":292134,"date":"2026-02-04T10:45:00","date_gmt":"2026-02-04T09:45:00","guid":{"rendered":"https:\/\/www.tucomarca.com\/wordpress\/segunda\/?p=292134"},"modified":"2026-02-04T20:36:56","modified_gmt":"2026-02-04T19:36:56","slug":"siete-aguas-celebra-la-festivitat-de-sant-blas-2026-mantenint-viva-una-de-les-seues-tradicions-mes-arrelades","status":"publish","type":"post","link":"https:\/\/www.tucomarca.com\/wordpress\/segunda\/ca\/siete-aguas-celebra-la-festivitat-de-sant-blas-2026-mantenint-viva-una-de-les-seues-tradicions-mes-arrelades\/","title":{"rendered":"Fotogaler\u00eda: Siete Aguas celebra la festivitat de Sant Blas 2026 mantenint viva una de les seues tradicions m\u00e9s arrelades"},"content":{"rendered":"\n<p>Siete Aguas ha celebrat un any m\u00e9s la <strong>festivitat de Sant Blas<\/strong>, una de les celebracions m\u00e9s castisses i tradicionals del municipi, que ha tornat a reunir ve\u00efns i ve\u00efnes al voltant de la devoci\u00f3, la conviv\u00e8ncia i el respecte per les tradicions populars.<\/p>\n\n\n\n<p>Des de l\u2019<strong>Ajuntament de Siete Aguas<\/strong>, com \u00e9s habitual, s\u2019ha volgut agrair profundament a totes les persones que mantenen viva esta festa. En especial, a la <strong>Cofrad\u00eda de las Camareras\/os de San Blas<\/strong>, aix\u00ed com a la sempre present col\u00b7laboraci\u00f3 de la <strong>Brigada Municipal<\/strong>, l\u2019<strong>Associaci\u00f3 d\u2019Ames de Casa<\/strong>, la <strong>Policia Local<\/strong>, la <strong>Iglesia Parroquial San Juan Bautista<\/strong> i el conjunt de ve\u00efns i ve\u00efnes del municipi.<\/p>\n\n\n\n<p>Enguany, a m\u00e9s, Siete Aguas ha rebut unes <strong>precioses cistelles florals<\/strong>, cortesia de la <strong>Fallera Mayor Infantil de Valencia, Marta Mercader Roig<\/strong>, i de la seua fam\u00edlia, un gest que ha sigut molt valorat per tot el poble. Des del consistori s\u2019ha expressat l\u2019agra\u00efment per este detall tan especial cap al municipi.<\/p>\n\n\n\n<p>Aix\u00ed mateix, s\u2019ha volgut destacar la <strong>magn\u00edfica tasca de restauraci\u00f3 de la imatge de San Blas i de l\u2019Ermita<\/strong>, realitzada per la <strong>Cofrad\u00eda<\/strong>, un treball que contribueix a preservar el patrimoni religi\u00f3s i cultural de Siete Aguas.<\/p>\n\n\n\n<p>Amb la celebraci\u00f3 de la festivitat de <strong>San Blas 2026<\/strong>, Siete Aguas ha tornat a demostrar el seu comprom\u00eds amb les seues arrels i amb una tradici\u00f3 que forma part de la seua identitat, al crit de: <em>\u00ab\u00a1Viva San Blas bendito, que nos guarde la gola y el apetito!\u00bb<\/em>.<\/p>\n\n\n\n<figure class=\"wp-block-gallery has-nested-images columns-2 is-cropped wp-block-gallery-1 is-layout-flex wp-block-gallery-is-layout-flex\">\n<figure class=\"wp-block-image size-large\"><img loading=\"lazy\" decoding=\"async\" width=\"1024\" height=\"1024\" data-id=\"292117\" src=\"https:\/\/www.tucomarca.com\/wordpress\/segunda\/wp-content\/uploads\/2026\/02\/7ASanBlas02-1024x1024.jpg\" alt=\"\" class=\"wp-image-292117\" srcset=\"https:\/\/www.tucomarca.com\/wordpress\/segunda\/wp-content\/uploads\/2026\/02\/7ASanBlas02-1024x1024.jpg 1024w, https:\/\/www.tucomarca.com\/wordpress\/segunda\/wp-content\/uploads\/2026\/02\/7ASanBlas02-300x300.jpg 300w, https:\/\/www.tucomarca.com\/wordpress\/segunda\/wp-content\/uploads\/2026\/02\/7ASanBlas02-290x290.jpg 290w, https:\/\/www.tucomarca.com\/wordpress\/segunda\/wp-content\/uploads\/2026\/02\/7ASanBlas02-768x768.jpg 768w, https:\/\/www.tucomarca.com\/wordpress\/segunda\/wp-content\/uploads\/2026\/02\/7ASanBlas02.jpg 1536w\" sizes=\"auto, (max-width: 1024px) 100vw, 1024px\" \/><\/figure>\n\n\n\n<figure class=\"wp-block-image size-large\"><img loading=\"lazy\" decoding=\"async\" width=\"1024\" height=\"1024\" data-id=\"292123\" src=\"https:\/\/www.tucomarca.com\/wordpress\/segunda\/wp-content\/uploads\/2026\/02\/7ASanBlas05-1024x1024.jpg\" alt=\"\" class=\"wp-image-292123\" srcset=\"https:\/\/www.tucomarca.com\/wordpress\/segunda\/wp-content\/uploads\/2026\/02\/7ASanBlas05-1024x1024.jpg 1024w, https:\/\/www.tucomarca.com\/wordpress\/segunda\/wp-content\/uploads\/2026\/02\/7ASanBlas05-300x300.jpg 300w, https:\/\/www.tucomarca.com\/wordpress\/segunda\/wp-content\/uploads\/2026\/02\/7ASanBlas05-290x290.jpg 290w, https:\/\/www.tucomarca.com\/wordpress\/segunda\/wp-content\/uploads\/2026\/02\/7ASanBlas05-768x768.jpg 768w, https:\/\/www.tucomarca.com\/wordpress\/segunda\/wp-content\/uploads\/2026\/02\/7ASanBlas05.jpg 1536w\" sizes=\"auto, (max-width: 1024px) 100vw, 1024px\" \/><\/figure>\n\n\n\n<figure class=\"wp-block-image size-large\"><img loading=\"lazy\" decoding=\"async\" width=\"1024\" height=\"1024\" data-id=\"292127\" src=\"https:\/\/www.tucomarca.com\/wordpress\/segunda\/wp-content\/uploads\/2026\/02\/7ASanBlas07-1024x1024.jpg\" alt=\"\" class=\"wp-image-292127\" srcset=\"https:\/\/www.tucomarca.com\/wordpress\/segunda\/wp-content\/uploads\/2026\/02\/7ASanBlas07-1024x1024.jpg 1024w, https:\/\/www.tucomarca.com\/wordpress\/segunda\/wp-content\/uploads\/2026\/02\/7ASanBlas07-300x300.jpg 300w, https:\/\/www.tucomarca.com\/wordpress\/segunda\/wp-content\/uploads\/2026\/02\/7ASanBlas07-290x290.jpg 290w, https:\/\/www.tucomarca.com\/wordpress\/segunda\/wp-content\/uploads\/2026\/02\/7ASanBlas07-768x768.jpg 768w, https:\/\/www.tucomarca.com\/wordpress\/segunda\/wp-content\/uploads\/2026\/02\/7ASanBlas07.jpg 1200w\" sizes=\"auto, (max-width: 1024px) 100vw, 1024px\" \/><\/figure>\n\n\n\n<figure class=\"wp-block-image size-large\"><img loading=\"lazy\" decoding=\"async\" width=\"1024\" height=\"1024\" data-id=\"292125\" src=\"https:\/\/www.tucomarca.com\/wordpress\/segunda\/wp-content\/uploads\/2026\/02\/7ASanBlas06-1024x1024.jpg\" alt=\"\" class=\"wp-image-292125\" srcset=\"https:\/\/www.tucomarca.com\/wordpress\/segunda\/wp-content\/uploads\/2026\/02\/7ASanBlas06-1024x1024.jpg 1024w, https:\/\/www.tucomarca.com\/wordpress\/segunda\/wp-content\/uploads\/2026\/02\/7ASanBlas06-300x300.jpg 300w, https:\/\/www.tucomarca.com\/wordpress\/segunda\/wp-content\/uploads\/2026\/02\/7ASanBlas06-290x290.jpg 290w, https:\/\/www.tucomarca.com\/wordpress\/segunda\/wp-content\/uploads\/2026\/02\/7ASanBlas06-768x768.jpg 768w, https:\/\/www.tucomarca.com\/wordpress\/segunda\/wp-content\/uploads\/2026\/02\/7ASanBlas06.jpg 1500w\" sizes=\"auto, (max-width: 1024px) 100vw, 1024px\" \/><\/figure>\n\n\n\n<figure class=\"wp-block-image size-large\"><img loading=\"lazy\" decoding=\"async\" width=\"1024\" height=\"1024\" data-id=\"292115\" src=\"https:\/\/www.tucomarca.com\/wordpress\/segunda\/wp-content\/uploads\/2026\/02\/7ASanBlas01-1024x1024.jpg\" alt=\"\" class=\"wp-image-292115\" srcset=\"https:\/\/www.tucomarca.com\/wordpress\/segunda\/wp-content\/uploads\/2026\/02\/7ASanBlas01-1024x1024.jpg 1024w, https:\/\/www.tucomarca.com\/wordpress\/segunda\/wp-content\/uploads\/2026\/02\/7ASanBlas01-300x300.jpg 300w, https:\/\/www.tucomarca.com\/wordpress\/segunda\/wp-content\/uploads\/2026\/02\/7ASanBlas01-290x290.jpg 290w, https:\/\/www.tucomarca.com\/wordpress\/segunda\/wp-content\/uploads\/2026\/02\/7ASanBlas01-768x768.jpg 768w, https:\/\/www.tucomarca.com\/wordpress\/segunda\/wp-content\/uploads\/2026\/02\/7ASanBlas01.jpg 1536w\" sizes=\"auto, (max-width: 1024px) 100vw, 1024px\" \/><\/figure>\n\n\n\n<figure class=\"wp-block-image size-large\"><img loading=\"lazy\" decoding=\"async\" width=\"1024\" height=\"1024\" data-id=\"292129\" src=\"https:\/\/www.tucomarca.com\/wordpress\/segunda\/wp-content\/uploads\/2026\/02\/7ASanBlas08-1024x1024.jpg\" alt=\"\" class=\"wp-image-292129\" srcset=\"https:\/\/www.tucomarca.com\/wordpress\/segunda\/wp-content\/uploads\/2026\/02\/7ASanBlas08-1024x1024.jpg 1024w, https:\/\/www.tucomarca.com\/wordpress\/segunda\/wp-content\/uploads\/2026\/02\/7ASanBlas08-300x300.jpg 300w, https:\/\/www.tucomarca.com\/wordpress\/segunda\/wp-content\/uploads\/2026\/02\/7ASanBlas08-290x290.jpg 290w, https:\/\/www.tucomarca.com\/wordpress\/segunda\/wp-content\/uploads\/2026\/02\/7ASanBlas08-768x768.jpg 768w, https:\/\/www.tucomarca.com\/wordpress\/segunda\/wp-content\/uploads\/2026\/02\/7ASanBlas08.jpg 1536w\" sizes=\"auto, (max-width: 1024px) 100vw, 1024px\" \/><\/figure>\n\n\n\n<figure class=\"wp-block-image size-large\"><img loading=\"lazy\" decoding=\"async\" width=\"1024\" height=\"1024\" data-id=\"292131\" src=\"https:\/\/www.tucomarca.com\/wordpress\/segunda\/wp-content\/uploads\/2026\/02\/7ASanBlas09-1024x1024.jpg\" alt=\"\" class=\"wp-image-292131\" srcset=\"https:\/\/www.tucomarca.com\/wordpress\/segunda\/wp-content\/uploads\/2026\/02\/7ASanBlas09-1024x1024.jpg 1024w, https:\/\/www.tucomarca.com\/wordpress\/segunda\/wp-content\/uploads\/2026\/02\/7ASanBlas09-300x300.jpg 300w, https:\/\/www.tucomarca.com\/wordpress\/segunda\/wp-content\/uploads\/2026\/02\/7ASanBlas09-290x290.jpg 290w, https:\/\/www.tucomarca.com\/wordpress\/segunda\/wp-content\/uploads\/2026\/02\/7ASanBlas09-768x768.jpg 768w, https:\/\/www.tucomarca.com\/wordpress\/segunda\/wp-content\/uploads\/2026\/02\/7ASanBlas09.jpg 1536w\" sizes=\"auto, (max-width: 1024px) 100vw, 1024px\" \/><\/figure>\n\n\n\n<figure class=\"wp-block-image size-large\"><img loading=\"lazy\" decoding=\"async\" width=\"1024\" height=\"1024\" data-id=\"292121\" src=\"https:\/\/www.tucomarca.com\/wordpress\/segunda\/wp-content\/uploads\/2026\/02\/7ASanBlas04-1024x1024.jpg\" alt=\"\" class=\"wp-image-292121\" srcset=\"https:\/\/www.tucomarca.com\/wordpress\/segunda\/wp-content\/uploads\/2026\/02\/7ASanBlas04-1024x1024.jpg 1024w, https:\/\/www.tucomarca.com\/wordpress\/segunda\/wp-content\/uploads\/2026\/02\/7ASanBlas04-300x300.jpg 300w, https:\/\/www.tucomarca.com\/wordpress\/segunda\/wp-content\/uploads\/2026\/02\/7ASanBlas04-290x290.jpg 290w, https:\/\/www.tucomarca.com\/wordpress\/segunda\/wp-content\/uploads\/2026\/02\/7ASanBlas04-768x768.jpg 768w, https:\/\/www.tucomarca.com\/wordpress\/segunda\/wp-content\/uploads\/2026\/02\/7ASanBlas04.jpg 1536w\" sizes=\"auto, (max-width: 1024px) 100vw, 1024px\" \/><\/figure>\n<\/figure>\n","protected":false},"excerpt":{"rendered":"<div class=\"mh-excerpt\">Siete Aguas ha celebrat un any m\u00e9s la festivitat de Sant Blas, una de les celebracions m\u00e9s castisses i tradicionals del municipi, que ha tornat a reunir ve\u00efns i ve\u00efnes al voltant de la devoci\u00f3, <a class=\"mh-excerpt-more\" href=\"https:\/\/www.tucomarca.com\/wordpress\/segunda\/ca\/siete-aguas-celebra-la-festivitat-de-sant-blas-2026-mantenint-viva-una-de-les-seues-tradicions-mes-arrelades\/\" title=\"Fotogaler\u00eda: Siete Aguas celebra la festivitat de Sant Blas 2026 mantenint viva una de les seues tradicions m\u00e9s arrelades\">[+] <\/a><\/div>\n","protected":false},"author":12,"featured_media":292120,"comment_status":"open","ping_status":"open","sticky":false,"template":"","format":"gallery","meta":{"footnotes":""},"categories":[10894,10912,11004,11007,11008,10896,10979],"tags":[10914,18750,11157],"class_list":{"0":"post-292134","1":"post","2":"type-post","3":"status-publish","4":"format-gallery","5":"has-post-thumbnail","7":"category-la-comarca-ca","8":"category-la-hoya-ca","9":"category-la-semana-en-imagenes-ca","10":"category-ocio-y-cultura-ca","11":"category-pueblos-en-fiestas-ca","12":"category-seccion-ca","13":"category-siete-aguas-ca","14":"tag-la-hoya-de-bunol-chiva-ca","15":"tag-san-blas-ca","16":"tag-siete-aguas-ca","17":"post_format-post-format-gallery"},"_links":{"self":[{"href":"https:\/\/www.tucomarca.com\/wordpress\/segunda\/ca\/wp-json\/wp\/v2\/posts\/292134","targetHints":{"allow":["GET"]}}],"collection":[{"href":"https:\/\/www.tucomarca.com\/wordpress\/segunda\/ca\/wp-json\/wp\/v2\/posts"}],"about":[{"href":"https:\/\/www.tucomarca.com\/wordpress\/segunda\/ca\/wp-json\/wp\/v2\/types\/post"}],"author":[{"embeddable":true,"href":"https:\/\/www.tucomarca.com\/wordpress\/segunda\/ca\/wp-json\/wp\/v2\/users\/12"}],"replies":[{"embeddable":true,"href":"https:\/\/www.tucomarca.com\/wordpress\/segunda\/ca\/wp-json\/wp\/v2\/comments?post=292134"}],"version-history":[{"count":0,"href":"https:\/\/www.tucomarca.com\/wordpress\/segunda\/ca\/wp-json\/wp\/v2\/posts\/292134\/revisions"}],"wp:featuredmedia":[{"embeddable":true,"href":"https:\/\/www.tucomarca.com\/wordpress\/segunda\/ca\/wp-json\/wp\/v2\/media\/292120"}],"wp:attachment":[{"href":"https:\/\/www.tucomarca.com\/wordpress\/segunda\/ca\/wp-json\/wp\/v2\/media?parent=292134"}],"wp:term":[{"taxonomy":"category","embeddable":true,"href":"https:\/\/www.tucomarca.com\/wordpress\/segunda\/ca\/wp-json\/wp\/v2\/categories?post=292134"},{"taxonomy":"post_tag","embeddable":true,"href":"https:\/\/www.tucomarca.com\/wordpress\/segunda\/ca\/wp-json\/wp\/v2\/tags?post=292134"}],"curies":[{"name":"wp","href":"https:\/\/api.w.org\/{rel}","templated":true}]}}