{"id":292154,"date":"2026-02-04T11:15:00","date_gmt":"2026-02-04T10:15:00","guid":{"rendered":"https:\/\/www.tucomarca.com\/wordpress\/segunda\/?p=292154"},"modified":"2026-02-04T20:31:24","modified_gmt":"2026-02-04T19:31:24","slug":"xest-i-benetusser-salien-en-la-cerca-de-financament-per-a-la-seua-reconstruccio-despres-de-la-riuada","status":"publish","type":"post","link":"https:\/\/www.tucomarca.com\/wordpress\/segunda\/ca\/xest-i-benetusser-salien-en-la-cerca-de-financament-per-a-la-seua-reconstruccio-despres-de-la-riuada\/","title":{"rendered":"Xest i Benet\u00fasser s&#8217;alien en la cerca de finan\u00e7ament per a la seua reconstrucci\u00f3 despr\u00e9s de la riuada"},"content":{"rendered":"\n<h3 class=\"wp-block-heading\">Els dos municipis optaran de manera conjunta a un finan\u00e7ament de 6,3 milions d&#8217;euros per a afrontar diferents projectes de reconstrucci\u00f3.<\/h3>\n\n\n\n<p>Els municipis de Benet\u00fasser i Xest uniran els seus projectes de reconstrucci\u00f3 despr\u00e9s de la riuada per a participar en la convocat\u00f2ria EDIL DANA que en el cas de ser aprovada els atorgaria 6,3 milions d&#8217;euros en total per a afrontar projectes de recuperaci\u00f3 i millora de les localitats.<\/p>\n\n\n\n<p>L&#8217;alcaldessa de Benet\u00fasser Eva Sanz i l&#8217;alcalde de Xest Jos\u00e9 Morell s&#8217;han reunit aquest mat\u00ed juntament amb personal t\u00e8cnic i les regidores d&#8217;Urbanisme dels dos consistoris Livia Guillem i M\u00aa \u00c1ngeles Llorente per a ultimar la presentaci\u00f3 conjunta de tots dos municipis a la pr\u00f2xima convocat\u00f2ria EDIL DANA, finan\u00e7ada amb fons FEDER de la Uni\u00f3 Europea i gestionat pel Ministeri d&#8217;Hisenda del Govern d&#8217;Espanya.<\/p>\n\n\n\n<p>Durant la reuni\u00f3 tots dos municipis han detallat els projectes que cadascun d&#8217;ells afrontaria amb el finan\u00e7ament rebut, 2.242.000 euros en el cas de Xest i 4.057.000 en el cas de Benet\u00fasser, repartida segons criteri poblacional.<\/p>\n\n\n\n<p>En el cas de la localitat de la Foia de Bunyol el finan\u00e7ament anir\u00e0 destinada a executar una obra que amplie la capacitat del barranc Silleta, que creua la localitat i que va ser el responsable de la inundaci\u00f3 del municipi el 29 d&#8217;octubre de 2024, amb l&#8217;objectiu d&#8217;estar millor preparat en el cas que es repetisca un episodi climatol\u00f2gic com el patit. Aquesta actuaci\u00f3 anir\u00e0 acompanyada per la reurbanitzaci\u00f3 de la zona amb ampliaci\u00f3 de les voreres i la incusi\u00f3n de m\u00e9s zones d&#8217;arbratge.<\/p>\n\n\n\n<p>Per la seua part Benet\u00fasser dedicar\u00e0 el finan\u00e7ament a la construcci\u00f3 d&#8217;un p\u00e0rquing dissuasiu en altura que puga donar servei a la poblaci\u00f3 davant l&#8217;augment de la demanda d&#8217;espais d&#8217;aparcament. A m\u00e9s, el futur p\u00e0rquing en altura reduir\u00e0 el gran nombre de vehicles estacionats al carrer que van suposar un perill per a la integritat de les persones durant la riuada. Un altre dels objectius de la intervenci\u00f3 ser\u00e0 guanyar espai en les vies p\u00fabliques per a ampliar les zones verdes i projectar la conversi\u00f3 en zona de vianants algun sector del municipi.<\/p>\n\n\n\n<p>Per a l&#8217;alcaldessa de Benet\u00fasser Eva Sanz estem davant \u201cuna gran oportunitat\u201d de finan\u00e7ament que resoldria en el cas de Benet\u00fasser un problema i que a m\u00e9s \u201cmilloraria la resili\u00e8ncia de la localitat en cas d&#8217;una nova barrancada\u201d. \u201cEl projecte est\u00e0 en la l\u00ednia que est\u00e0 marcant tota la reconstrucci\u00f3 de Benet\u00fasser que \u00e9s la de solucionar problemes, millorar el municipi en aquest cas dotant-lo de m\u00e9s zones verdes i finalment estar millor preparats per si es repetira la riuada\u201d, ha explicat Sanz.<\/p>\n\n\n\n<p>Per part seua, Jos\u00e9 Morell, alcalde de Xest, subratlla que \u201csi alguna cosa ens ha ensenyat la cat\u00e0strofe del 29 d&#8217;octubre de 2024 \u00e9s que hem d&#8217;estar preparats per a altres episodis climatol\u00f2gics extrems similars, per la qual cosa hem d&#8217;invertir en tot all\u00f2 que siga necessari per a mitigar l&#8217;impacte d&#8217;aquests fen\u00f2mens, ja que aix\u00f2 suposar\u00e0, en el futur, un enorme estalvi econ\u00f2mic i, sobretot, la preservaci\u00f3 de les vides de les nostres ve\u00efnes i ve\u00efns\u201d.<\/p>\n","protected":false},"excerpt":{"rendered":"<div class=\"mh-excerpt\">Els dos municipis optaran de manera conjunta a un finan\u00e7ament de 6,3 milions d&#8217;euros per a afrontar diferents projectes de reconstrucci\u00f3. Els municipis de Benet\u00fasser i Xest uniran els seus projectes de reconstrucci\u00f3 despr\u00e9s de <a class=\"mh-excerpt-more\" href=\"https:\/\/www.tucomarca.com\/wordpress\/segunda\/ca\/xest-i-benetusser-salien-en-la-cerca-de-financament-per-a-la-seua-reconstruccio-despres-de-la-riuada\/\" title=\"Xest i Benet\u00fasser s&#8217;alien en la cerca de finan\u00e7ament per a la seua reconstrucci\u00f3 despr\u00e9s de la riuada\">[+] <\/a><\/div>\n","protected":false},"author":12,"featured_media":292153,"comment_status":"open","ping_status":"open","sticky":false,"template":"","format":"standard","meta":{"footnotes":""},"categories":[21466,10948,10894,10904,10912,10903,10947,10896,10897,10974],"tags":[23867,11071,15409,10914,21976],"class_list":{"0":"post-292154","1":"post","2":"type-post","3":"status-publish","4":"format-standard","5":"has-post-thumbnail","7":"category-dana-ca","8":"category-infraestructuras-ca","9":"category-la-comarca-ca","10":"category-sin-categorizar-ca","11":"category-la-hoya-ca","12":"category-medio-ambiente-la-comarca-ca","13":"category-politica","14":"category-seccion-ca","15":"category-sucesos-la-comarca-ca","16":"category-cheste-ca","17":"tag-benetusser-2-ca","18":"tag-cheste","19":"tag-dana-2-ca","20":"tag-la-hoya-de-bunol-chiva-ca","21":"tag-reconstruccion-ca"},"_links":{"self":[{"href":"https:\/\/www.tucomarca.com\/wordpress\/segunda\/ca\/wp-json\/wp\/v2\/posts\/292154","targetHints":{"allow":["GET"]}}],"collection":[{"href":"https:\/\/www.tucomarca.com\/wordpress\/segunda\/ca\/wp-json\/wp\/v2\/posts"}],"about":[{"href":"https:\/\/www.tucomarca.com\/wordpress\/segunda\/ca\/wp-json\/wp\/v2\/types\/post"}],"author":[{"embeddable":true,"href":"https:\/\/www.tucomarca.com\/wordpress\/segunda\/ca\/wp-json\/wp\/v2\/users\/12"}],"replies":[{"embeddable":true,"href":"https:\/\/www.tucomarca.com\/wordpress\/segunda\/ca\/wp-json\/wp\/v2\/comments?post=292154"}],"version-history":[{"count":0,"href":"https:\/\/www.tucomarca.com\/wordpress\/segunda\/ca\/wp-json\/wp\/v2\/posts\/292154\/revisions"}],"wp:featuredmedia":[{"embeddable":true,"href":"https:\/\/www.tucomarca.com\/wordpress\/segunda\/ca\/wp-json\/wp\/v2\/media\/292153"}],"wp:attachment":[{"href":"https:\/\/www.tucomarca.com\/wordpress\/segunda\/ca\/wp-json\/wp\/v2\/media?parent=292154"}],"wp:term":[{"taxonomy":"category","embeddable":true,"href":"https:\/\/www.tucomarca.com\/wordpress\/segunda\/ca\/wp-json\/wp\/v2\/categories?post=292154"},{"taxonomy":"post_tag","embeddable":true,"href":"https:\/\/www.tucomarca.com\/wordpress\/segunda\/ca\/wp-json\/wp\/v2\/tags?post=292154"}],"curies":[{"name":"wp","href":"https:\/\/api.w.org\/{rel}","templated":true}]}}