{"id":292181,"date":"2026-02-04T11:45:00","date_gmt":"2026-02-04T10:45:00","guid":{"rendered":"https:\/\/www.tucomarca.com\/wordpress\/segunda\/?p=292181"},"modified":"2026-02-04T20:45:27","modified_gmt":"2026-02-04T19:45:27","slug":"benaguasil-acull-la-jornada-dintercanvi-del-programa-europeu-traditions2eu","status":"publish","type":"post","link":"https:\/\/www.tucomarca.com\/wordpress\/segunda\/ca\/benaguasil-acull-la-jornada-dintercanvi-del-programa-europeu-traditions2eu\/","title":{"rendered":"Benaguasil acull la jornada d&#8217;intercanvi del programa europeu Traditions2EU"},"content":{"rendered":"\n<p>Benaguasil ha sigut aquesta setmana seu de la jornada d&#8217;intercanvi del programa europeu Traditions2EU, una iniciativa finan\u00e7ada per la Uni\u00f3 Europea a trav\u00e9s del programa CERV, en la qual el municipi participa al costat de l&#8217;entitat Finnova.<\/p>\n\n\n\n<p>La trobada ha coincidit amb la celebraci\u00f3 de Sant Blas, una de les festivitats amb major arrelament en la localitat, la qual cosa va permetre a les persones participants con\u00e9ixer de primera m\u00e0 les tradicions locals. Durant la primera jornada, el grup va assistir a l&#8217;encesa de la foguera i va gaudir dels balls regionals que se celebren al voltant d&#8217;aquesta emblem\u00e0tica cita festiva.<\/p>\n\n\n\n<p>Pr\u00e8viament, van compartir un xocolate amb dol\u00e7os tradicionals al costat dels ve\u00efns i ve\u00efnes de Benaguasil que van participar en la primera fase del projecte celebrada a Brussel\u00b7les.<\/p>\n\n\n\n<p>Les activitats van continuar l&#8217;endem\u00e0 amb una sessi\u00f3 dedicada a les tradicions locals i al patrimoni cultural del municipi. En aquest context, es van realitzar visites al Museu de Cer\u00e0mica Valenciana Pepe Escamilla, al Museu Etnol\u00f2gic i a la col\u00b7lecci\u00f3 de barguenyos de l&#8217;artes\u00e0 local Luis Carretero, posant en valor el llegat cultural i artesanal de Benaguasil.<\/p>\n\n\n\n<p>La jornada va concloure amb un taller pr\u00e0ctic d&#8217;elaboraci\u00f3 de paella, en el qual representants de la UDP i de les Mestresses de casa Tyrius van compartir els seus coneixements culinaris amb els participants, fomentant l&#8217;intercanvi cultural i la conviv\u00e8ncia.<\/p>\n\n\n\n<p>El regidor de Projectes Europeus, Stephane Soriano, va participar en la jornada centrada en tradicions, innovaci\u00f3 i futur dels projectes europeus, destacant la import\u00e0ncia d&#8217;aquesta mena d&#8217;iniciatives per a refor\u00e7ar la identitat local dins del marc europeu. Per part seua, la regidor de Festes, Ana Aleixandre, va subratllar que aquesta trobada suposa \u201cuna oportunitat per a compartir coneixements i experi\u00e8ncies, aix\u00ed com per a donar a con\u00e9ixer les nostres tradicions m\u00e9s arrelades\u201d.<a><\/a><\/p>\n\n\n\n<figure class=\"wp-block-gallery has-nested-images columns-default is-cropped wp-block-gallery-1 is-layout-flex wp-block-gallery-is-layout-flex\">\n<figure class=\"wp-block-image size-large\"><img loading=\"lazy\" decoding=\"async\" width=\"1024\" height=\"768\" data-id=\"292177\" src=\"https:\/\/www.tucomarca.com\/wordpress\/segunda\/wp-content\/uploads\/2026\/02\/jornadaBenaguasil-1024x768.jpg\" alt=\"\" class=\"wp-image-292177\" srcset=\"https:\/\/www.tucomarca.com\/wordpress\/segunda\/wp-content\/uploads\/2026\/02\/jornadaBenaguasil-1024x768.jpg 1024w, https:\/\/www.tucomarca.com\/wordpress\/segunda\/wp-content\/uploads\/2026\/02\/jornadaBenaguasil-300x225.jpg 300w, https:\/\/www.tucomarca.com\/wordpress\/segunda\/wp-content\/uploads\/2026\/02\/jornadaBenaguasil-768x576.jpg 768w, https:\/\/www.tucomarca.com\/wordpress\/segunda\/wp-content\/uploads\/2026\/02\/jornadaBenaguasil-1536x1152.jpg 1536w, https:\/\/www.tucomarca.com\/wordpress\/segunda\/wp-content\/uploads\/2026\/02\/jornadaBenaguasil-678x509.jpg 678w, https:\/\/www.tucomarca.com\/wordpress\/segunda\/wp-content\/uploads\/2026\/02\/jornadaBenaguasil-326x245.jpg 326w, https:\/\/www.tucomarca.com\/wordpress\/segunda\/wp-content\/uploads\/2026\/02\/jornadaBenaguasil-80x60.jpg 80w, https:\/\/www.tucomarca.com\/wordpress\/segunda\/wp-content\/uploads\/2026\/02\/jornadaBenaguasil.jpg 1600w\" sizes=\"auto, (max-width: 1024px) 100vw, 1024px\" \/><\/figure>\n\n\n\n<figure class=\"wp-block-image size-large\"><img loading=\"lazy\" decoding=\"async\" width=\"1024\" height=\"768\" data-id=\"292173\" src=\"https:\/\/www.tucomarca.com\/wordpress\/segunda\/wp-content\/uploads\/2026\/02\/BenaguasilMuseoEtnologico-1024x768.jpg\" alt=\"\" class=\"wp-image-292173\" srcset=\"https:\/\/www.tucomarca.com\/wordpress\/segunda\/wp-content\/uploads\/2026\/02\/BenaguasilMuseoEtnologico-1024x768.jpg 1024w, https:\/\/www.tucomarca.com\/wordpress\/segunda\/wp-content\/uploads\/2026\/02\/BenaguasilMuseoEtnologico-300x225.jpg 300w, https:\/\/www.tucomarca.com\/wordpress\/segunda\/wp-content\/uploads\/2026\/02\/BenaguasilMuseoEtnologico-768x576.jpg 768w, https:\/\/www.tucomarca.com\/wordpress\/segunda\/wp-content\/uploads\/2026\/02\/BenaguasilMuseoEtnologico-1536x1152.jpg 1536w, https:\/\/www.tucomarca.com\/wordpress\/segunda\/wp-content\/uploads\/2026\/02\/BenaguasilMuseoEtnologico-678x509.jpg 678w, https:\/\/www.tucomarca.com\/wordpress\/segunda\/wp-content\/uploads\/2026\/02\/BenaguasilMuseoEtnologico-326x245.jpg 326w, https:\/\/www.tucomarca.com\/wordpress\/segunda\/wp-content\/uploads\/2026\/02\/BenaguasilMuseoEtnologico-80x60.jpg 80w, https:\/\/www.tucomarca.com\/wordpress\/segunda\/wp-content\/uploads\/2026\/02\/BenaguasilMuseoEtnologico.jpg 1600w\" sizes=\"auto, (max-width: 1024px) 100vw, 1024px\" \/><\/figure>\n<\/figure>\n","protected":false},"excerpt":{"rendered":"<div class=\"mh-excerpt\">Benaguasil ha sigut aquesta setmana seu de la jornada d&#8217;intercanvi del programa europeu Traditions2EU, una iniciativa finan\u00e7ada per la Uni\u00f3 Europea a trav\u00e9s del programa CERV, en la qual el municipi participa al costat de <a class=\"mh-excerpt-more\" href=\"https:\/\/www.tucomarca.com\/wordpress\/segunda\/ca\/benaguasil-acull-la-jornada-dintercanvi-del-programa-europeu-traditions2eu\/\" title=\"Benaguasil acull la jornada d&#8217;intercanvi del programa europeu Traditions2EU\">[+] <\/a><\/div>\n","protected":false},"author":12,"featured_media":292180,"comment_status":"open","ping_status":"open","sticky":false,"template":"","format":"gallery","meta":{"footnotes":""},"categories":[10952,10892,10894,11007,10947,10896],"tags":[11136,10899,23869,13969],"class_list":{"0":"post-292181","1":"post","2":"type-post","3":"status-publish","4":"format-gallery","5":"has-post-thumbnail","7":"category-benaguasil-ca","8":"category-camp-de-turia-ca","9":"category-la-comarca-ca","10":"category-ocio-y-cultura-ca","11":"category-politica","12":"category-seccion-ca","13":"tag-benaguasil-ca","14":"tag-camp-de-turia-ca","15":"tag-programa-europeo-traditions2eu-ca","16":"tag-stephane-soriano-ca","17":"post_format-post-format-gallery"},"_links":{"self":[{"href":"https:\/\/www.tucomarca.com\/wordpress\/segunda\/ca\/wp-json\/wp\/v2\/posts\/292181","targetHints":{"allow":["GET"]}}],"collection":[{"href":"https:\/\/www.tucomarca.com\/wordpress\/segunda\/ca\/wp-json\/wp\/v2\/posts"}],"about":[{"href":"https:\/\/www.tucomarca.com\/wordpress\/segunda\/ca\/wp-json\/wp\/v2\/types\/post"}],"author":[{"embeddable":true,"href":"https:\/\/www.tucomarca.com\/wordpress\/segunda\/ca\/wp-json\/wp\/v2\/users\/12"}],"replies":[{"embeddable":true,"href":"https:\/\/www.tucomarca.com\/wordpress\/segunda\/ca\/wp-json\/wp\/v2\/comments?post=292181"}],"version-history":[{"count":0,"href":"https:\/\/www.tucomarca.com\/wordpress\/segunda\/ca\/wp-json\/wp\/v2\/posts\/292181\/revisions"}],"wp:featuredmedia":[{"embeddable":true,"href":"https:\/\/www.tucomarca.com\/wordpress\/segunda\/ca\/wp-json\/wp\/v2\/media\/292180"}],"wp:attachment":[{"href":"https:\/\/www.tucomarca.com\/wordpress\/segunda\/ca\/wp-json\/wp\/v2\/media?parent=292181"}],"wp:term":[{"taxonomy":"category","embeddable":true,"href":"https:\/\/www.tucomarca.com\/wordpress\/segunda\/ca\/wp-json\/wp\/v2\/categories?post=292181"},{"taxonomy":"post_tag","embeddable":true,"href":"https:\/\/www.tucomarca.com\/wordpress\/segunda\/ca\/wp-json\/wp\/v2\/tags?post=292181"}],"curies":[{"name":"wp","href":"https:\/\/api.w.org\/{rel}","templated":true}]}}