{"id":292224,"date":"2026-02-04T12:30:00","date_gmt":"2026-02-04T11:30:00","guid":{"rendered":"https:\/\/www.tucomarca.com\/wordpress\/segunda\/?p=292224"},"modified":"2026-02-04T21:01:10","modified_gmt":"2026-02-04T20:01:10","slug":"perez-llorca-ressalta-el-lideratge-del-sector-agroalimentari-valencia-amb-un-record-dexportacions-de-mes-de-10-000-milions-en-2025","status":"publish","type":"post","link":"https:\/\/www.tucomarca.com\/wordpress\/segunda\/ca\/perez-llorca-ressalta-el-lideratge-del-sector-agroalimentari-valencia-amb-un-record-dexportacions-de-mes-de-10-000-milions-en-2025\/","title":{"rendered":"P\u00e9rez Llorca ressalta el lideratge del sector agroalimentari valenci\u00e0 amb un r\u00e8cord d\u2019exportacions de m\u00e9s de 10.000 milions en 2025"},"content":{"rendered":"\n<h3 class=\"wp-block-heading\">La ind\u00fastria agroaliment\u00e0ria valenciana encap\u00e7ala la contribuci\u00f3 a la balan\u00e7a comercial exterior de la Comunitat Valenciana amb un saldo de m\u00e9s de 2.905 milions d\u2019euros.<\/h3>\n\n\n\n<h3 class=\"wp-block-heading\">El cap de l\u2019executiu valenci\u00e0 subratlla els prop de 60 milions d\u2019euros anuals que es destinen a la ind\u00fastria agroaliment\u00e0ria valenciana per a ajudar en la seua modernitzaci\u00f3, digitalitzaci\u00f3 i internacionalitzaci\u00f3.<\/h3>\n\n\n\n<h3 class=\"wp-block-heading\">El president destaca el suport del Govern Valenci\u00e0 al sector primari davant de la PAC, Mercosur, la compet\u00e8ncia deslleial de tercers pa\u00efsos o el canvi d\u2019h\u00e0bits de consum i demana una major implicaci\u00f3 del Govern d\u2019Espanya en els controls de les importacions.<\/h3>\n\n\n\n<h3 class=\"wp-block-heading\">El cap del Consell valora les pol\u00edtiques de la Conselleria d\u2019Agricultura en mat\u00e8ria de fiscalitat com el de la transmissi\u00f3 de la terra entre pares i fills, aix\u00ed com la \u201cbusca d\u2019impostos zero\u201d en mat\u00e8ria agr\u00e0ria \u201cper a evitar l\u2019extinci\u00f3 del camp valenci\u00e0\u201d.\u00a0<\/h3>\n\n\n\n<h3 class=\"wp-block-heading\">P\u00e9rez Llorca es reunix el primer dia de Fruit Logistica amb els responsables d\u2019empreses de la ind\u00fastria agroaliment\u00e0ria presents en este certamen, un dels m\u00e9s importants del m\u00f3n.<\/h3>\n\n\n\n<p>El president de la Generalitat, Juanfran P\u00e9rez Llorca, ha destacat el lideratge del sector agroalimentari de la Comunitat Valenciana, despr\u00e9s de trencar el r\u00e8cord d\u2019exportacions en 2025, en arribar als 10.197 milions d\u2019euros en vendes, gr\u00e0cies a la inversi\u00f3, obertura de mercats i aposta per la competitivitat i innovaci\u00f3.<\/p>\n\n\n\n<p>Aix\u00ed ho ha posat de manifest, despr\u00e9s de la reuni\u00f3 que ha mantingut el president, acompanyat del conseller d\u2019Agricultura, Aigua, Ramaderia i Pesca, Miguel Barrachina, amb representants de les principals empreses exportadores presents en l\u2019estand de la Generalitat Valenciana, en el qual han tractat la situaci\u00f3 dels mercats actuals, l\u2019exportaci\u00f3 de productes, els reptes que albira el sector, aix\u00ed com el suport que oferix el Consell, entre altres temes.<\/p>\n\n\n\n<p>\u201cEstes empreses s\u00f3n un bon exemple de la pot\u00e8ncia i el prestigi del nostre teixit empresarial que ha aconseguit que el seu sector siga el que m\u00e9s contribu\u00efx a la balan\u00e7a comercial exterior de la Comunitat amb un saldo de 2.905 milions d\u2019euros\u201d, ha precisat P\u00e9rez Llorca, despr\u00e9s del recorregut que ha fet pels estands de les companyies valencianes presents en esta fira.<\/p>\n\n\n\n<p>El president ha subratllat que \u201cesta voluntat es reflectix en els quasi 60 milions d\u2019euros que, cada any, canalitzem en diferents l\u00ednies de subvencions a la ind\u00fastria agroaliment\u00e0ria valenciana per a ajudar en la seua modernitzaci\u00f3, digitalitzaci\u00f3 i, per descomptat, internacionalitzaci\u00f3\u201d.<\/p>\n\n\n\n<p>No es pot oblidar que l\u2019agricultura mediterr\u00e0nia, al seu ju\u00ed, \u201ccontinua sent la m\u00e9s rendible d\u2019Europa a pesar que \u00e9s la que menys ajudes p\u00fabliques rep, el 18 % davant de m\u00e9s del 30 % de l\u2019agricultura continental centreeuropea\u201d.<\/p>\n\n\n\n<figure class=\"wp-block-gallery has-nested-images columns-2 is-cropped wp-block-gallery-1 is-layout-flex wp-block-gallery-is-layout-flex\">\n<figure class=\"wp-block-image size-large\"><img loading=\"lazy\" decoding=\"async\" width=\"1024\" height=\"691\" data-id=\"292215\" src=\"https:\/\/www.tucomarca.com\/wordpress\/segunda\/wp-content\/uploads\/2026\/02\/GVA_FRUIT1-17-1024x691.jpg\" alt=\"\" class=\"wp-image-292215\" srcset=\"https:\/\/www.tucomarca.com\/wordpress\/segunda\/wp-content\/uploads\/2026\/02\/GVA_FRUIT1-17-1024x691.jpg 1024w, https:\/\/www.tucomarca.com\/wordpress\/segunda\/wp-content\/uploads\/2026\/02\/GVA_FRUIT1-17-300x202.jpg 300w, https:\/\/www.tucomarca.com\/wordpress\/segunda\/wp-content\/uploads\/2026\/02\/GVA_FRUIT1-17-768x518.jpg 768w, https:\/\/www.tucomarca.com\/wordpress\/segunda\/wp-content\/uploads\/2026\/02\/GVA_FRUIT1-17.jpg 1181w\" sizes=\"auto, (max-width: 1024px) 100vw, 1024px\" \/><\/figure>\n\n\n\n<figure class=\"wp-block-image size-large\"><img loading=\"lazy\" decoding=\"async\" width=\"1024\" height=\"691\" data-id=\"292221\" src=\"https:\/\/www.tucomarca.com\/wordpress\/segunda\/wp-content\/uploads\/2026\/02\/GVA_FRUIT1-2-1024x691.jpg\" alt=\"\" class=\"wp-image-292221\" srcset=\"https:\/\/www.tucomarca.com\/wordpress\/segunda\/wp-content\/uploads\/2026\/02\/GVA_FRUIT1-2-1024x691.jpg 1024w, https:\/\/www.tucomarca.com\/wordpress\/segunda\/wp-content\/uploads\/2026\/02\/GVA_FRUIT1-2-300x202.jpg 300w, https:\/\/www.tucomarca.com\/wordpress\/segunda\/wp-content\/uploads\/2026\/02\/GVA_FRUIT1-2-768x518.jpg 768w, https:\/\/www.tucomarca.com\/wordpress\/segunda\/wp-content\/uploads\/2026\/02\/GVA_FRUIT1-2.jpg 1181w\" sizes=\"auto, (max-width: 1024px) 100vw, 1024px\" \/><\/figure>\n\n\n\n<figure class=\"wp-block-image size-large\"><img loading=\"lazy\" decoding=\"async\" width=\"1024\" height=\"691\" data-id=\"292219\" src=\"https:\/\/www.tucomarca.com\/wordpress\/segunda\/wp-content\/uploads\/2026\/02\/GVA_FRUIT-35-1024x691.jpg\" alt=\"\" class=\"wp-image-292219\" srcset=\"https:\/\/www.tucomarca.com\/wordpress\/segunda\/wp-content\/uploads\/2026\/02\/GVA_FRUIT-35-1024x691.jpg 1024w, https:\/\/www.tucomarca.com\/wordpress\/segunda\/wp-content\/uploads\/2026\/02\/GVA_FRUIT-35-300x202.jpg 300w, https:\/\/www.tucomarca.com\/wordpress\/segunda\/wp-content\/uploads\/2026\/02\/GVA_FRUIT-35-768x518.jpg 768w, https:\/\/www.tucomarca.com\/wordpress\/segunda\/wp-content\/uploads\/2026\/02\/GVA_FRUIT-35.jpg 1181w\" sizes=\"auto, (max-width: 1024px) 100vw, 1024px\" \/><\/figure>\n<\/figure>\n\n\n\n<p><strong>Reptes de futur com la PAC, Mercosur i la compet\u00e8ncia deslleial<\/strong><\/p>\n\n\n\n<p>Entre els principals reptes als quals s\u2019enfronta el sector primari de la Comunitat Valenciana, P\u00e9rez Llorca ha assenyalat la pol\u00edtica agr\u00e0ria comuna europea que \u201cno \u00e9s sensible a les caracter\u00edstiques mediterr\u00e0nies, la compet\u00e8ncia deslleial de tercers pa\u00efsos o el canvi dels h\u00e0bits de consum\u201d.<\/p>\n\n\n\n<p>Al respecte, el cap del Consell ha assegurat que \u201csempre defendrem al sector primari exigint l\u2019activaci\u00f3 de les cl\u00e0usules de salvaguarda autom\u00e0tiques que introdu\u00efx garanties reals per al sector primari espanyol abans de la ratificaci\u00f3 del Tractat de Mercosur\u201d.<\/p>\n\n\n\n<p>\u201cVolem que el Govern d\u2019Espanya estiga molt m\u00e9s comprom\u00e9s a controlar que els productes que venen d\u2019altres pa\u00efsos complisquen les mateixes regles, les mateixes normes. Que complisquen les mateixes exig\u00e8ncies que tenen els productes valencians\u201d, ha matisat el cap del Consell.<\/p>\n\n\n\n<p><strong>Aband\u00f3 de les terres de cultiu i abaixada d\u2019impostos&nbsp;<\/strong><\/p>\n\n\n\n<p>Q\u00fcestionat per l\u2019aband\u00f3 que est\u00e0 patint el camp valenci\u00e0, P\u00e9rez Llorca ha secundat les pol\u00edtiques que es duen a terme des de la Conselleria d\u2019Agricultura, Aigua, Ramaderia i Pesca, \u201cperqu\u00e8 l\u2019agricultura de la nostra Comunitat no s\u2019extingisca\u201d.<\/p>\n\n\n\n<p>Igualment, ha precisat que \u201ctransmetre les terres, entre pares i fills costa menys impostos a la Comunitat Valenciana en comparaci\u00f3 amb altres comunitats aut\u00f2nomes\u201d i ha afegit que \u201chem d\u2019arribar als impostos zero en mat\u00e8ria d\u2019agricultura, ja que \u00e9s una manera d\u2019incentivar que el camp no es perda i la seua producci\u00f3 arribe al mercat, perqu\u00e8 els nostres exportadors i productors tinguen encara m\u00e9s pes a Europa\u201d.<\/p>\n\n\n\n<p>En esta l\u00ednia, ha afirmat que la Comunitat Valenciana ha abaixat impostos i ha augmentat la recaptaci\u00f3 i ha agregat que \u201csom una Comunitat que ha baixat molt la desocupaci\u00f3. Un de cada dos j\u00f3vens a Espanya treballa en la nostra terra\u201d.<\/p>\n\n\n\n<p>Finalment, el cap de l\u2019executiu valenci\u00e0 ha recalcat que totes les empreses que estan en la fira, una de les m\u00e9s importants del m\u00f3n \u201csaben que tenen tot el suport de la Generalitat que posa a la seua disposici\u00f3, ac\u00ed a Berl\u00edn, tot el necessari per a maximitzar les seues oportunitats de negoci\u201d.<\/p>\n","protected":false},"excerpt":{"rendered":"<div class=\"mh-excerpt\">La ind\u00fastria agroaliment\u00e0ria valenciana encap\u00e7ala la contribuci\u00f3 a la balan\u00e7a comercial exterior de la Comunitat Valenciana amb un saldo de m\u00e9s de 2.905 milions d\u2019euros. El cap de l\u2019executiu valenci\u00e0 subratlla els prop de 60 <a class=\"mh-excerpt-more\" href=\"https:\/\/www.tucomarca.com\/wordpress\/segunda\/ca\/perez-llorca-ressalta-el-lideratge-del-sector-agroalimentari-valencia-amb-un-record-dexportacions-de-mes-de-10-000-milions-en-2025\/\" title=\"P\u00e9rez Llorca ressalta el lideratge del sector agroalimentari valenci\u00e0 amb un r\u00e8cord d\u2019exportacions de m\u00e9s de 10.000 milions en 2025\">[+] <\/a><\/div>\n","protected":false},"author":12,"featured_media":292218,"comment_status":"open","ping_status":"open","sticky":false,"template":"","format":"gallery","meta":{"footnotes":""},"categories":[10905,10898,10948,10894,10904,10947,10896],"tags":[23877,11498,23466,23878],"class_list":{"0":"post-292224","1":"post","2":"type-post","3":"status-publish","4":"format-gallery","5":"has-post-thumbnail","7":"category-agricultura-la-comarca-ca","8":"category-ventana-ca","9":"category-infraestructuras-ca","10":"category-la-comarca-ca","11":"category-sin-categorizar-ca","12":"category-politica","13":"category-seccion-ca","14":"tag-fruit-logistica-ca","15":"tag-generalitat-valenciana-ca","16":"tag-juanfran-perez-llorca-ca","17":"tag-sector-agroalimentario-ca","18":"post_format-post-format-gallery"},"_links":{"self":[{"href":"https:\/\/www.tucomarca.com\/wordpress\/segunda\/ca\/wp-json\/wp\/v2\/posts\/292224","targetHints":{"allow":["GET"]}}],"collection":[{"href":"https:\/\/www.tucomarca.com\/wordpress\/segunda\/ca\/wp-json\/wp\/v2\/posts"}],"about":[{"href":"https:\/\/www.tucomarca.com\/wordpress\/segunda\/ca\/wp-json\/wp\/v2\/types\/post"}],"author":[{"embeddable":true,"href":"https:\/\/www.tucomarca.com\/wordpress\/segunda\/ca\/wp-json\/wp\/v2\/users\/12"}],"replies":[{"embeddable":true,"href":"https:\/\/www.tucomarca.com\/wordpress\/segunda\/ca\/wp-json\/wp\/v2\/comments?post=292224"}],"version-history":[{"count":0,"href":"https:\/\/www.tucomarca.com\/wordpress\/segunda\/ca\/wp-json\/wp\/v2\/posts\/292224\/revisions"}],"wp:featuredmedia":[{"embeddable":true,"href":"https:\/\/www.tucomarca.com\/wordpress\/segunda\/ca\/wp-json\/wp\/v2\/media\/292218"}],"wp:attachment":[{"href":"https:\/\/www.tucomarca.com\/wordpress\/segunda\/ca\/wp-json\/wp\/v2\/media?parent=292224"}],"wp:term":[{"taxonomy":"category","embeddable":true,"href":"https:\/\/www.tucomarca.com\/wordpress\/segunda\/ca\/wp-json\/wp\/v2\/categories?post=292224"},{"taxonomy":"post_tag","embeddable":true,"href":"https:\/\/www.tucomarca.com\/wordpress\/segunda\/ca\/wp-json\/wp\/v2\/tags?post=292224"}],"curies":[{"name":"wp","href":"https:\/\/api.w.org\/{rel}","templated":true}]}}