{"id":292262,"date":"2026-02-05T11:30:00","date_gmt":"2026-02-05T10:30:00","guid":{"rendered":"https:\/\/www.tucomarca.com\/wordpress\/segunda\/?p=292262"},"modified":"2026-02-05T20:53:27","modified_gmt":"2026-02-05T19:53:27","slug":"la-diputacio-reforca-el-seu-compromis-i-amplia-el-suport-al-circuit-de-carreras-runcancer","status":"publish","type":"post","link":"https:\/\/www.tucomarca.com\/wordpress\/segunda\/ca\/la-diputacio-reforca-el-seu-compromis-i-amplia-el-suport-al-circuit-de-carreras-runcancer\/","title":{"rendered":"La Diputaci\u00f3 refor\u00e7a el seu comprom\u00eds i amplia el suport al Circuit de Carreras Runc\u00e1ncer"},"content":{"rendered":"\n<h3 class=\"wp-block-heading\">L&#8217;\u00e0rea de Turisme i Esports que dirigix el diputat Pedro Cuesta augmenta un 50% la quantitat que destina al circuit solidari organitzat per l&#8217;Asociaci\u00f3n Espa\u00f1ola Contra el C\u00e1ncer a Val\u00e8ncia.<\/h3>\n\n\n\n<p>Coincidint amb el Dia Mundial Contra el C\u00e0ncer, que se celebra este 4 de febrer, la Diputaci\u00f3 de Val\u00e8ncia ha anunciat un important increment del seu ja ferm suport al Circuit de Carreras RunC\u00e1ncer, organitzat per l&#8217;Asociaci\u00f3n Espa\u00f1ola Contra el C\u00e1ncer a Val\u00e8ncia, el qual destina el 100% de la seua recaptaci\u00f3 en cada carrera a la lluita contra esta malaltia.<\/p>\n\n\n\n<p>Despr\u00e9s de fer costat al circuit des dels seus inicis, la instituci\u00f3 provincial ha decidit refor\u00e7ar el seu comprom\u00eds amb la iniciativa augmentant la seua ajuda des dels 100.000 fins als 150.000 euros per a la 12a edici\u00f3 que se celebrar\u00e0 al llarg de 2026. El diputat de Turisme i Esports de la Diputaci\u00f3, Pedro Cuesta, ha mantingut un encontre amb el gerent de l&#8217;Associaci\u00f3, Javier Llombart, per a escenificar este suport ferm i continuat. Durant la reuni\u00f3 s&#8217;han dissenyat les l\u00ednies mestres de la col\u00b7laboraci\u00f3 que mantenen les dos entitats per a esta nova edici\u00f3 d&#8217;un circuit que \u00e9s 100% solidari, i que recorre m\u00e9s d&#8217;un centenar de municipis de la prov\u00edncia divulgant els seus valors.<\/p>\n\n\n\n<p>\u201cDes de la primera edici\u00f3, la Diputaci\u00f3 de Val\u00e8ncia ha cregut en RunC\u00e1ncer com un projecte que va molt m\u00e9s all\u00e0 de l&#8217;esport. Un circuit que, a trav\u00e9s de la lluita contra el c\u00e0ncer, unix a municipis de tota la prov\u00edncia entorn de la solidaritat, la vida saludable i el comprom\u00eds amb la investigaci\u00f3 oncol\u00f2gica, convertint cada carrera i marxa en una mostra col\u00b7lectiva de suport a les persones amb c\u00e0ncer i a les seues fam\u00edlies\u201d, ha manifestat Pedro Cuesta.<\/p>\n\n\n\n<p>Per part seua, des de l&#8217;Asociaci\u00f3n Espa\u00f1ola Contra el C\u00e1ncer a Val\u00e8ncia han volgut agrair \u201cel suport ferm i continuat de la Diputaci\u00f3, una instituci\u00f3 que ha estat al costat del circuit des dels seus inicis i que, despr\u00e9s de 12 edicions, continua apostant amb m\u00e9s for\u00e7a si cap pels seus valors. La seua implicaci\u00f3 amb este projecte demostra que la col\u00b7laboraci\u00f3 entre institucions, entitats i ciutadania \u00e9s clau per a continuar avan\u00e7ant en la lluita contra el c\u00e0ncer\u201d.&nbsp;<\/p>\n\n\n\n<p><strong>Turisme, solidaritat i esport&nbsp;<\/strong><\/p>\n\n\n\n<p>L&#8217;edici\u00f3 de 2026 del Circuit Runc\u00e1ncer donar\u00e0 el tret d&#8217;eixida oficial el mes vinent de mar\u00e7 amb la celebraci\u00f3 de les seues primeres marxes i carreres. Enguany, la Diputaci\u00f3 dona suport al circuit mitjan\u00e7ant dos vessants. D&#8217;una banda, refor\u00e7a el seu suport al Circuit de Carreras RunC\u00e1ncer, contribuint al fet que cada prova continue sent un punt de trobada per a milers de persones compromeses amb la causa, i ajudant a consolidar un calendari que recorre la pr\u00e0ctica totalitat de la prov\u00edncia.<\/p>\n\n\n\n<p>D&#8217;altra banda, la corporaci\u00f3 aposta per impulsar el turisme solidari entre municipis de la prov\u00edncia de Val\u00e8ncia, amb el projecte Dest\u00ed RunC\u00e1ncer. Una iniciativa que convida a descobrir el territori valenci\u00e0 d&#8217;una forma diferent, combinant esport, conviv\u00e8ncia i solidaritat, i fomentant que marxadors, corredors i acompanyants es desplacen entre localitats per a participar en les diferents proves del circuit.<\/p>\n\n\n\n<p><\/p>\n","protected":false},"excerpt":{"rendered":"<div class=\"mh-excerpt\">L&#8217;\u00e0rea de Turisme i Esports que dirigix el diputat Pedro Cuesta augmenta un 50% la quantitat que destina al circuit solidari organitzat per l&#8217;Asociaci\u00f3n Espa\u00f1ola Contra el C\u00e1ncer a Val\u00e8ncia. Coincidint amb el Dia Mundial <a class=\"mh-excerpt-more\" href=\"https:\/\/www.tucomarca.com\/wordpress\/segunda\/ca\/la-diputacio-reforca-el-seu-compromis-i-amplia-el-suport-al-circuit-de-carreras-runcancer\/\" title=\"La Diputaci\u00f3 refor\u00e7a el seu comprom\u00eds i amplia el suport al Circuit de Carreras Runc\u00e1ncer\">[+] <\/a><\/div>\n","protected":false},"author":12,"featured_media":292261,"comment_status":"open","ping_status":"open","sticky":false,"template":"","format":"standard","meta":{"footnotes":""},"categories":[11003,10898,10894,10904,10947,10896],"tags":[11107,11246,15707],"class_list":{"0":"post-292262","1":"post","2":"type-post","3":"status-publish","4":"format-standard","5":"has-post-thumbnail","7":"category-sports","8":"category-ventana-ca","9":"category-la-comarca-ca","10":"category-sin-categorizar-ca","11":"category-politica","12":"category-seccion-ca","13":"tag-aecc-ca","14":"tag-diputacio-de-valencia-ca","15":"tag-run-cancer-ca"},"_links":{"self":[{"href":"https:\/\/www.tucomarca.com\/wordpress\/segunda\/ca\/wp-json\/wp\/v2\/posts\/292262","targetHints":{"allow":["GET"]}}],"collection":[{"href":"https:\/\/www.tucomarca.com\/wordpress\/segunda\/ca\/wp-json\/wp\/v2\/posts"}],"about":[{"href":"https:\/\/www.tucomarca.com\/wordpress\/segunda\/ca\/wp-json\/wp\/v2\/types\/post"}],"author":[{"embeddable":true,"href":"https:\/\/www.tucomarca.com\/wordpress\/segunda\/ca\/wp-json\/wp\/v2\/users\/12"}],"replies":[{"embeddable":true,"href":"https:\/\/www.tucomarca.com\/wordpress\/segunda\/ca\/wp-json\/wp\/v2\/comments?post=292262"}],"version-history":[{"count":0,"href":"https:\/\/www.tucomarca.com\/wordpress\/segunda\/ca\/wp-json\/wp\/v2\/posts\/292262\/revisions"}],"wp:featuredmedia":[{"embeddable":true,"href":"https:\/\/www.tucomarca.com\/wordpress\/segunda\/ca\/wp-json\/wp\/v2\/media\/292261"}],"wp:attachment":[{"href":"https:\/\/www.tucomarca.com\/wordpress\/segunda\/ca\/wp-json\/wp\/v2\/media?parent=292262"}],"wp:term":[{"taxonomy":"category","embeddable":true,"href":"https:\/\/www.tucomarca.com\/wordpress\/segunda\/ca\/wp-json\/wp\/v2\/categories?post=292262"},{"taxonomy":"post_tag","embeddable":true,"href":"https:\/\/www.tucomarca.com\/wordpress\/segunda\/ca\/wp-json\/wp\/v2\/tags?post=292262"}],"curies":[{"name":"wp","href":"https:\/\/api.w.org\/{rel}","templated":true}]}}