{"id":292271,"date":"2026-02-05T10:15:00","date_gmt":"2026-02-05T09:15:00","guid":{"rendered":"https:\/\/www.tucomarca.com\/wordpress\/segunda\/?p=292271"},"modified":"2026-02-06T09:25:04","modified_gmt":"2026-02-06T08:25:04","slug":"la-falla-placeta-del-marques-de-turis-exalta-este-cap-de-setmana-les-seues-falleres-majors","status":"publish","type":"post","link":"https:\/\/www.tucomarca.com\/wordpress\/segunda\/ca\/la-falla-placeta-del-marques-de-turis-exalta-este-cap-de-setmana-les-seues-falleres-majors\/","title":{"rendered":"La Falla Placeta del Marqu\u00e9s de Tur\u00eds exalta este cap de setmana les seues Falleres Majors"},"content":{"rendered":"\n<p>La <strong>Falla Placeta del Marqu\u00e9s de Tur\u00eds<\/strong> viur\u00e0 este cap de setmana un dels moments m\u00e9s esperats del seu calendari faller amb l\u2019<strong>Exaltaci\u00f3 de les seues Falleres Majors 2026<\/strong>, que tindr\u00e0 lloc els dies <strong>7 i 8 de febrer<\/strong> al <strong>Teatre Ideal de Tur\u00eds<\/strong>, a partir de les <strong>18.00 hores<\/strong>.<\/p>\n\n\n\n<p>El <strong>dissabte 7 de febrer<\/strong> se celebrar\u00e0 l\u2019<strong>Exaltaci\u00f3 de la Fallera Major<\/strong>, <strong>B\u00e1rbara Baldov\u00ed Cama\u00f1es<\/strong>, acompanyada pel president de la comissi\u00f3, <strong>Jes\u00fas Mar\u00eda Algarra Ib\u00e1\u00f1ez<\/strong>. L\u2019acte estar\u00e0 presentat per <strong>Berta Piqueres Salom<\/strong> i <strong>Guillermo Baldov\u00ed Cama\u00f1es<\/strong>, i comptar\u00e0 com a mantenidora amb <strong>Elpidia Bellver Baldov\u00ed<\/strong>, que ser\u00e0 l\u2019encarregada de dedicar unes emotives paraules a la m\u00e0xima representant. La jornada es completar\u00e0 amb el fi de festa inspirat en <strong>\u201cEl enfermo imaginario\u201d<\/strong>.<\/p>\n\n\n\n<p>El <strong>diumenge 8 de febrer<\/strong> ser\u00e0 el torn de l\u2019<strong>Exaltaci\u00f3 Infantil<\/strong>, en la qual <strong>Alejandra Alcover Llopis<\/strong> ser\u00e0 proclamada <strong>Fallera Major Infantil 2026<\/strong>, junt amb el president infantil <strong>Joan Cervera Beltr\u00e1n<\/strong>. L\u2019acte estar\u00e0 presentat per <strong>Cl\u00e0udia Sancho Montero<\/strong> i <strong>Marc Tar\u00edn Ponce<\/strong>, mentre que la mantenidora ser\u00e0 <strong>Gema Llopis Grau<\/strong>. El tancament de la jornada arribar\u00e0 amb un fi de festa basat en <strong>\u201cHotel Transylvania\u201d<\/strong>, pensat especialment per al p\u00fablic m\u00e9s jove.<\/p>\n\n\n\n<p>Amb estos actes, la <strong>Falla Placeta del Marqu\u00e9s<\/strong> dona el tret d\u2019eixida a un nou exercici faller en el qual les seues representants afronten amb orgull el cam\u00ed cap a les <strong>Falles 2026<\/strong>.<\/p>\n\n\n\n<figure class=\"wp-block-image size-large\"><img loading=\"lazy\" decoding=\"async\" width=\"1024\" height=\"724\" src=\"http:\/\/www.tucomarca.com\/wordpress\/segunda\/wp-content\/uploads\/2026\/02\/FallaMarques2-1024x724.jpg\" alt=\"\" class=\"wp-image-292268\" srcset=\"https:\/\/www.tucomarca.com\/wordpress\/segunda\/wp-content\/uploads\/2026\/02\/FallaMarques2-1024x724.jpg 1024w, https:\/\/www.tucomarca.com\/wordpress\/segunda\/wp-content\/uploads\/2026\/02\/FallaMarques2-300x212.jpg 300w, https:\/\/www.tucomarca.com\/wordpress\/segunda\/wp-content\/uploads\/2026\/02\/FallaMarques2-768x543.jpg 768w, https:\/\/www.tucomarca.com\/wordpress\/segunda\/wp-content\/uploads\/2026\/02\/FallaMarques2-1536x1086.jpg 1536w, https:\/\/www.tucomarca.com\/wordpress\/segunda\/wp-content\/uploads\/2026\/02\/FallaMarques2.jpg 1755w\" sizes=\"auto, (max-width: 1024px) 100vw, 1024px\" \/><\/figure>\n","protected":false},"excerpt":{"rendered":"<div class=\"mh-excerpt\">La Falla Placeta del Marqu\u00e9s de Tur\u00eds viur\u00e0 este cap de setmana un dels moments m\u00e9s esperats del seu calendari faller amb l\u2019Exaltaci\u00f3 de les seues Falleres Majors 2026, que tindr\u00e0 lloc els dies 7 <a class=\"mh-excerpt-more\" href=\"https:\/\/www.tucomarca.com\/wordpress\/segunda\/ca\/la-falla-placeta-del-marques-de-turis-exalta-este-cap-de-setmana-les-seues-falleres-majors\/\" title=\"La Falla Placeta del Marqu\u00e9s de Tur\u00eds exalta este cap de setmana les seues Falleres Majors\">[+] <\/a><\/div>\n","protected":false},"author":12,"featured_media":292267,"comment_status":"open","ping_status":"open","sticky":false,"template":"","format":"standard","meta":{"footnotes":""},"categories":[11019,10894,10902,11007,10896,11047],"tags":[14841,23199,11356,11093],"class_list":{"0":"post-292271","1":"post","2":"type-post","3":"status-publish","4":"format-standard","5":"has-post-thumbnail","7":"category-agenda-ca","8":"category-la-comarca-ca","9":"category-la-ribera-ca","10":"category-ocio-y-cultura-ca","11":"category-seccion-ca","12":"category-turis-ca","13":"tag-falla-placeta-del-marques-ca","14":"tag-fallas-2026-ca","15":"tag-ribera-alta-ca","16":"tag-turis-ca"},"_links":{"self":[{"href":"https:\/\/www.tucomarca.com\/wordpress\/segunda\/ca\/wp-json\/wp\/v2\/posts\/292271","targetHints":{"allow":["GET"]}}],"collection":[{"href":"https:\/\/www.tucomarca.com\/wordpress\/segunda\/ca\/wp-json\/wp\/v2\/posts"}],"about":[{"href":"https:\/\/www.tucomarca.com\/wordpress\/segunda\/ca\/wp-json\/wp\/v2\/types\/post"}],"author":[{"embeddable":true,"href":"https:\/\/www.tucomarca.com\/wordpress\/segunda\/ca\/wp-json\/wp\/v2\/users\/12"}],"replies":[{"embeddable":true,"href":"https:\/\/www.tucomarca.com\/wordpress\/segunda\/ca\/wp-json\/wp\/v2\/comments?post=292271"}],"version-history":[{"count":0,"href":"https:\/\/www.tucomarca.com\/wordpress\/segunda\/ca\/wp-json\/wp\/v2\/posts\/292271\/revisions"}],"wp:featuredmedia":[{"embeddable":true,"href":"https:\/\/www.tucomarca.com\/wordpress\/segunda\/ca\/wp-json\/wp\/v2\/media\/292267"}],"wp:attachment":[{"href":"https:\/\/www.tucomarca.com\/wordpress\/segunda\/ca\/wp-json\/wp\/v2\/media?parent=292271"}],"wp:term":[{"taxonomy":"category","embeddable":true,"href":"https:\/\/www.tucomarca.com\/wordpress\/segunda\/ca\/wp-json\/wp\/v2\/categories?post=292271"},{"taxonomy":"post_tag","embeddable":true,"href":"https:\/\/www.tucomarca.com\/wordpress\/segunda\/ca\/wp-json\/wp\/v2\/tags?post=292271"}],"curies":[{"name":"wp","href":"https:\/\/api.w.org\/{rel}","templated":true}]}}