{"id":292310,"date":"2026-02-05T12:30:00","date_gmt":"2026-02-05T11:30:00","guid":{"rendered":"https:\/\/www.tucomarca.com\/wordpress\/segunda\/?p=292310"},"modified":"2026-02-05T21:18:53","modified_gmt":"2026-02-05T20:18:53","slug":"el-vent-i-les-pluges-causen-caigudes-de-citrics-i-retarden-les-campanyes-de-xufa-i-hortalisses-senos-ava-asaja","status":"publish","type":"post","link":"https:\/\/www.tucomarca.com\/wordpress\/segunda\/ca\/el-vent-i-les-pluges-causen-caigudes-de-citrics-i-retarden-les-campanyes-de-xufa-i-hortalisses-senos-ava-asaja\/","title":{"rendered":"El vent i les pluges causen caigudes de c\u00edtrics i retarden les campanyes de xufa i hortalisses, segons AVA-Asaja"},"content":{"rendered":"\n<h3 class=\"wp-block-heading\">AVA-Asaja demana mesures de suport als agricultors i ramaders afectats, avan\u00e7ar cap a eines eficaces de gesti\u00f3 de riscos i un sistema d&#8217;assegurances agr\u00e0ries adaptat a la nova realitat clim\u00e0tica.<\/h3>\n\n\n\n<p>Les pluges persistents i les fortes ratxes de vent registrades en les \u00faltimes setmanes estan provocant greus afeccions en cultius, ramaderia i infraestructures agr\u00e0ries tant en la Comunitat Valenciana com en la resta d&#8217;Espanya, amb impactes que s&#8217;estenen m\u00e9s enll\u00e0 de la campanya actual i aconsegueixen ja a la planificaci\u00f3 de 2025\/2026.<br>L&#8217;Associaci\u00f3 Valenciana d&#8217;Agricultors (AVA-Asaja) constata danys per \u2018ramejat\u2019 -colps dels fruits amb les branques a causa del vent que deixen marques en la pell que deprecien el seu valor comercial- i, fins i tot, la caiguda a terra de c\u00edtrics i alvocats -sobretot aquelles varietats que es troben en un estat m\u00e9s avan\u00e7at de maduraci\u00f3- que en els pitjors casos arru\u00efnen la campanya als agricultors afectats. Per exemple, l&#8217;associat Vicente Jos\u00e9 Bas ha perdut m\u00e9s del 30% de les seues mandarines Nadorcott en un hort d&#8217;Antella, valorades en 10.000 euros. O el citricultor Fede Soro ha vist com el vent va provocar la caiguda de quasi la meitat de la seua collita de taronges, aproximadament 6.000 quilos, en el seu camp de Vilanova de Castell\u00f3.<br>El vent, amb ratxes superiors als 100 km\/h, tamb\u00e9 ha ocasionat el trencament de branques i l&#8217;arrancada de plan\u00e7ons joves i arbres adults. Aix\u00ed mateix, la successi\u00f3 de precipitacions est\u00e0 retardant diverses setmanes la recol\u00b7lecci\u00f3 de la xufa en l&#8217;horta valenciana i, per tant, la posterior sembra de cre\u00eflles, cebes i altres hortalisses que s&#8217;arrepleguen a la primavera-estiu. L&#8217;exc\u00e9s d&#8217;humitat en el s\u00f2l a m\u00e9s retarda la plantaci\u00f3 de cultius llenyosos. En les zones afectades per la DANA, les pluges igualment estan interrompent algunes labors de reconstrucci\u00f3 d&#8217;infraestructures agr\u00e0ries.<br>A Espanya els danys afecten tant cultius llenyosos com herbacis, a la ramaderia extensiva i a infraestructures b\u00e0siques per al desenvolupament de l&#8217;activitat agr\u00e0ria, com ara cobertes de naus agr\u00edcoles i ramaderes, hivernacles, closos i estructures de protecci\u00f3. Encara que en determinades zones les pluges estan contribuint a l&#8217;ompliment d&#8217;embassaments i garanteixen la pr\u00f2xima campanya de reg, el balan\u00e7 general \u00e9s negatiu, amb explotacions greument afectades i un escenari d&#8217;incertesa per a les pr\u00f2ximes campanyes.<br>AVA-Asaja reclama a les administracions la posada en marxa de mesures de suport als agricultors i ramaders afectats, avan\u00e7ar cap a eines eficaces de gesti\u00f3 de riscos i un sistema d&#8217;assegurances agr\u00e0ries adaptat a la nova realitat clim\u00e0tica, marcada per fen\u00f2mens meteorol\u00f2gics cada vegada m\u00e9s extrems i persistents.<\/p>\n\n\n\n<p><\/p>\n","protected":false},"excerpt":{"rendered":"<div class=\"mh-excerpt\">AVA-Asaja demana mesures de suport als agricultors i ramaders afectats, avan\u00e7ar cap a eines eficaces de gesti\u00f3 de riscos i un sistema d&#8217;assegurances agr\u00e0ries adaptat a la nova realitat clim\u00e0tica. Les pluges persistents i les <a class=\"mh-excerpt-more\" href=\"https:\/\/www.tucomarca.com\/wordpress\/segunda\/ca\/el-vent-i-les-pluges-causen-caigudes-de-citrics-i-retarden-les-campanyes-de-xufa-i-hortalisses-senos-ava-asaja\/\" title=\"El vent i les pluges causen caigudes de c\u00edtrics i retarden les campanyes de xufa i hortalisses, segons AVA-Asaja\">[+] <\/a><\/div>\n","protected":false},"author":12,"featured_media":292309,"comment_status":"open","ping_status":"open","sticky":false,"template":"","format":"standard","meta":{"footnotes":""},"categories":[10905,10898,10948,10894,10904,10902,10903,10947,10896,10897],"tags":[11924,21982,13656],"class_list":{"0":"post-292310","1":"post","2":"type-post","3":"status-publish","4":"format-standard","5":"has-post-thumbnail","7":"category-agricultura-la-comarca-ca","8":"category-ventana-ca","9":"category-infraestructuras-ca","10":"category-la-comarca-ca","11":"category-sin-categorizar-ca","12":"category-la-ribera-ca","13":"category-medio-ambiente-la-comarca-ca","14":"category-politica","15":"category-seccion-ca","16":"category-sucesos-la-comarca-ca","17":"tag-ava-asaja-ca","18":"tag-lluvias-persistentes-ca","19":"tag-temporal-de-viento-ca"},"_links":{"self":[{"href":"https:\/\/www.tucomarca.com\/wordpress\/segunda\/ca\/wp-json\/wp\/v2\/posts\/292310","targetHints":{"allow":["GET"]}}],"collection":[{"href":"https:\/\/www.tucomarca.com\/wordpress\/segunda\/ca\/wp-json\/wp\/v2\/posts"}],"about":[{"href":"https:\/\/www.tucomarca.com\/wordpress\/segunda\/ca\/wp-json\/wp\/v2\/types\/post"}],"author":[{"embeddable":true,"href":"https:\/\/www.tucomarca.com\/wordpress\/segunda\/ca\/wp-json\/wp\/v2\/users\/12"}],"replies":[{"embeddable":true,"href":"https:\/\/www.tucomarca.com\/wordpress\/segunda\/ca\/wp-json\/wp\/v2\/comments?post=292310"}],"version-history":[{"count":0,"href":"https:\/\/www.tucomarca.com\/wordpress\/segunda\/ca\/wp-json\/wp\/v2\/posts\/292310\/revisions"}],"wp:featuredmedia":[{"embeddable":true,"href":"https:\/\/www.tucomarca.com\/wordpress\/segunda\/ca\/wp-json\/wp\/v2\/media\/292309"}],"wp:attachment":[{"href":"https:\/\/www.tucomarca.com\/wordpress\/segunda\/ca\/wp-json\/wp\/v2\/media?parent=292310"}],"wp:term":[{"taxonomy":"category","embeddable":true,"href":"https:\/\/www.tucomarca.com\/wordpress\/segunda\/ca\/wp-json\/wp\/v2\/categories?post=292310"},{"taxonomy":"post_tag","embeddable":true,"href":"https:\/\/www.tucomarca.com\/wordpress\/segunda\/ca\/wp-json\/wp\/v2\/tags?post=292310"}],"curies":[{"name":"wp","href":"https:\/\/api.w.org\/{rel}","templated":true}]}}