{"id":292347,"date":"2026-02-05T08:00:00","date_gmt":"2026-02-05T07:00:00","guid":{"rendered":"https:\/\/www.tucomarca.com\/wordpress\/segunda\/?p=292347"},"modified":"2026-02-06T09:08:38","modified_gmt":"2026-02-06T08:08:38","slug":"el-psoe-de-bunyol-denuncia-errors-molt-greus-en-la-modificacio-de-les-normes-subsidiaries","status":"publish","type":"post","link":"https:\/\/www.tucomarca.com\/wordpress\/segunda\/ca\/el-psoe-de-bunyol-denuncia-errors-molt-greus-en-la-modificacio-de-les-normes-subsidiaries\/","title":{"rendered":"El PSOE de Bunyol denuncia &#8220;errors molt greus en la modificaci\u00f3 de les normes subsidi\u00e0ries&#8221;"},"content":{"rendered":"\n<p>El PSOE de Bunyol ha em\u00e9s un comunicat en el qual critica que, en l&#8217;\u00faltim ple, &#8220;la Modificaci\u00f3 n\u00fam. 14 de les Normes Subsidi\u00e0ries presentada per l&#8217;equip de govern format per PP i XBu\u00f1ol \u00e9s un document p\u00e8ssimament elaborat, incoherent i mancat del rigor m\u00ednim que exigeix la gesti\u00f3 urban\u00edstica d&#8217;un municipi&#8221;. Els socialistes subratllen &#8220;que presenta errors de tal magnitud&#8221; que, al seu judici, &#8220;no deuria ni tan sols exposar-se al p\u00fablic, perqu\u00e8 col\u00b7locaria a l&#8217;Ajuntament en una situaci\u00f3 d&#8217;inseguretat jur\u00eddica&#8221;.<\/p>\n\n\n\n<p>El portaveu socialista,\u00a0<strong>Aurelio Palmer<\/strong>, ha lamentat que el govern local &#8220;haja presentat un document que, tal com est\u00e0 redactat, seria inadmissible en qualsevol administraci\u00f3 seriosa&#8221;.<\/p>\n\n\n\n<p><strong>El cas de l&#8217;edifici de Facundo Tom\u00e1s<\/strong><\/p>\n\n\n\n<p>Per a il\u00b7lustrar &#8220;la gravetat de la proposta presentada pel govern municipal&#8221;, el grup municipal socialista va exposar &#8220;el cas de l&#8217;edifici&nbsp; Facundo Tom\u00e1s, un immoble que ha rebut una inversi\u00f3 p\u00fablica molt significativa i que, aix\u00ed i tot, segueix sense estar finalitzat&#8221;.<\/p>\n\n\n\n<p>&#8220;Segons el planejament actualment vigent \u2014i tamb\u00e9 segons la pr\u00f2pia modificaci\u00f3 que el govern pret\u00e9n aprovar\u2014, l&#8217;edifici est\u00e0&nbsp;qualificat com a s\u00f2l d&#8217;\u00fas dotacional escolar, una categoria que&nbsp;no permet legalment la construcci\u00f3 d&#8217;habitatges. Aix\u00ed i tot, el govern municipal ha insinuat la seua intenci\u00f3 de destinar part de l&#8217;immoble a \u00fas residencial, demostrant \u2014una vegada m\u00e9s\u2014 que actuen sense planificaci\u00f3, sense coneixement i sense respecte a la normativa&#8221;, tal com mantenen des del PSPV-PSOE local.<\/p>\n\n\n\n<p>El Grup Socialista va recordar en el ple que&nbsp;&#8220;construir habitatges en s\u00f2l dotacional escolar sense una modificaci\u00f3 urban\u00edstica pr\u00e8via i adequada pot constituir una infracci\u00f3 urban\u00edstica greu i fins i tot un delicte contra l&#8217;ordenaci\u00f3 del territori, tal com arreplega l&#8217;article 319 del Codi Penal. Les conseq\u00fc\u00e8ncies poden incloure sancions econ\u00f2miques, ordres de demolici\u00f3, responsabilitats professionals i fins i tot penes de pres\u00f3&#8221;.<\/p>\n\n\n\n<p><strong>El PSOE exigeix &#8220;rigor i compliment de la llei&#8221;<\/strong><\/p>\n\n\n\n<p>&#8220;Les declaracions del regidor responsable, afirmant que l&#8217;edifici \u201cno t\u00e9 llum perqu\u00e8 no hi ha cap habitatge condicionat\u201d, evidencien \u2014segons el parer del PSOE\u2014 que el govern local&nbsp;ni tan sols coneix la normativa urban\u00edstica ni l&#8217;\u00fas perm\u00e9s del propi edifici. La resposta del regidor demostra una ignor\u00e0ncia profunda i preocupant en una \u00e0rea tan sensible com l&#8217;urbanisme&#8221;.<\/p>\n\n\n\n<p>El PSOE de Bunyol acusa l&#8217;equip de govern de&nbsp;&#8220;governar a colp d&#8217;ocurr\u00e8ncia, sense planificaci\u00f3, sense criteri t\u00e8cnic i sense respecte per la legalitat urban\u00edstica. Estem davant un exemple m\u00e9s d&#8217;improvisaci\u00f3, falta de transpar\u00e8ncia i menyspreu absolut pel treball ben fet. Bunyol no pot permetre&#8217;s decisions preses des del desconeixement i la sup\u00e8rbia&#8221;, han finalitzat els socialistes.<\/p>\n","protected":false},"excerpt":{"rendered":"<div class=\"mh-excerpt\">El PSOE de Bunyol ha em\u00e9s un comunicat en el qual critica que, en l&#8217;\u00faltim ple, &#8220;la Modificaci\u00f3 n\u00fam. 14 de les Normes Subsidi\u00e0ries presentada per l&#8217;equip de govern format per PP i XBu\u00f1ol \u00e9s <a class=\"mh-excerpt-more\" href=\"https:\/\/www.tucomarca.com\/wordpress\/segunda\/ca\/el-psoe-de-bunyol-denuncia-errors-molt-greus-en-la-modificacio-de-les-normes-subsidiaries\/\" title=\"El PSOE de Bunyol denuncia &#8220;errors molt greus en la modificaci\u00f3 de les normes subsidi\u00e0ries&#8221;\">[+] <\/a><\/div>\n","protected":false},"author":12,"featured_media":292353,"comment_status":"open","ping_status":"open","sticky":false,"template":"","format":"standard","meta":{"footnotes":""},"categories":[10911,10894,10912,10947,10896],"tags":[10913,10914,11319],"class_list":{"0":"post-292347","1":"post","2":"type-post","3":"status-publish","4":"format-standard","5":"has-post-thumbnail","7":"category-bunol-ca","8":"category-la-comarca-ca","9":"category-la-hoya-ca","10":"category-politica","11":"category-seccion-ca","12":"tag-bunol-ca","13":"tag-la-hoya-de-bunol-chiva-ca","14":"tag-pspv-psoe-ca"},"_links":{"self":[{"href":"https:\/\/www.tucomarca.com\/wordpress\/segunda\/ca\/wp-json\/wp\/v2\/posts\/292347","targetHints":{"allow":["GET"]}}],"collection":[{"href":"https:\/\/www.tucomarca.com\/wordpress\/segunda\/ca\/wp-json\/wp\/v2\/posts"}],"about":[{"href":"https:\/\/www.tucomarca.com\/wordpress\/segunda\/ca\/wp-json\/wp\/v2\/types\/post"}],"author":[{"embeddable":true,"href":"https:\/\/www.tucomarca.com\/wordpress\/segunda\/ca\/wp-json\/wp\/v2\/users\/12"}],"replies":[{"embeddable":true,"href":"https:\/\/www.tucomarca.com\/wordpress\/segunda\/ca\/wp-json\/wp\/v2\/comments?post=292347"}],"version-history":[{"count":0,"href":"https:\/\/www.tucomarca.com\/wordpress\/segunda\/ca\/wp-json\/wp\/v2\/posts\/292347\/revisions"}],"wp:featuredmedia":[{"embeddable":true,"href":"https:\/\/www.tucomarca.com\/wordpress\/segunda\/ca\/wp-json\/wp\/v2\/media\/292353"}],"wp:attachment":[{"href":"https:\/\/www.tucomarca.com\/wordpress\/segunda\/ca\/wp-json\/wp\/v2\/media?parent=292347"}],"wp:term":[{"taxonomy":"category","embeddable":true,"href":"https:\/\/www.tucomarca.com\/wordpress\/segunda\/ca\/wp-json\/wp\/v2\/categories?post=292347"},{"taxonomy":"post_tag","embeddable":true,"href":"https:\/\/www.tucomarca.com\/wordpress\/segunda\/ca\/wp-json\/wp\/v2\/tags?post=292347"}],"curies":[{"name":"wp","href":"https:\/\/api.w.org\/{rel}","templated":true}]}}