{"id":292371,"date":"2026-02-06T12:00:00","date_gmt":"2026-02-06T11:00:00","guid":{"rendered":"https:\/\/www.tucomarca.com\/wordpress\/segunda\/?p=292371"},"modified":"2026-02-06T20:26:51","modified_gmt":"2026-02-06T19:26:51","slug":"els-bombers-treballen-en-un-incendi-en-una-granja-de-llombai","status":"publish","type":"post","link":"https:\/\/www.tucomarca.com\/wordpress\/segunda\/ca\/els-bombers-treballen-en-un-incendi-en-una-granja-de-llombai\/","title":{"rendered":"Els bombers treballen en un incendi en una granja de Llombai"},"content":{"rendered":"\n<p>El Consorci Provincial de Bombers de Val\u00e8ncia ha treballat en l\u2019extinci\u00f3 d\u2019un incendi declarat este dijous en una granja del terme municipal de Llombai. El foc afecta les instal\u00b7lacions de l\u2019explotaci\u00f3, concretament la zona del magatzem d\u2019ous i una \u00e0rea exterior on s\u2019emmagatzemaven palets.<\/p>\n\n\n\n<p>Fins al lloc del succ\u00e9s s\u2019han despla\u00e7at quatre dotacions de bombers i tres unitats de comandament del Consorci Provincial de Bombers de Val\u00e8ncia, aix\u00ed com dues unitats de Bombers Forestals de la Generalitat, a causa de la proximitat de vegetaci\u00f3 en l\u2019entorn.<\/p>\n\n\n\n<p>Gr\u00e0cies a la r\u00e0pida intervenci\u00f3 dels efectius, s\u2019ha aconseguit contindre l\u2019avan\u00e7 de l\u2019incendi i evitar la seua propagaci\u00f3 a la massa vegetal pr\u00f2xima. En estos moments, els treballs continuen per a assegurar la zona i procedir a l\u2019extinci\u00f3 completa del foc.<\/p>\n\n\n\n<figure class=\"wp-block-gallery has-nested-images columns-default is-cropped wp-block-gallery-1 is-layout-flex wp-block-gallery-is-layout-flex\">\n<figure class=\"wp-block-image size-large\"><img loading=\"lazy\" decoding=\"async\" width=\"1024\" height=\"576\" data-id=\"292363\" src=\"https:\/\/www.tucomarca.com\/wordpress\/segunda\/wp-content\/uploads\/2026\/02\/HAat8T0XsAABWAL-1024x576.jpeg\" alt=\"\" class=\"wp-image-292363\" srcset=\"https:\/\/www.tucomarca.com\/wordpress\/segunda\/wp-content\/uploads\/2026\/02\/HAat8T0XsAABWAL-1024x576.jpeg 1024w, https:\/\/www.tucomarca.com\/wordpress\/segunda\/wp-content\/uploads\/2026\/02\/HAat8T0XsAABWAL-300x169.jpeg 300w, https:\/\/www.tucomarca.com\/wordpress\/segunda\/wp-content\/uploads\/2026\/02\/HAat8T0XsAABWAL-768x432.jpeg 768w, https:\/\/www.tucomarca.com\/wordpress\/segunda\/wp-content\/uploads\/2026\/02\/HAat8T0XsAABWAL-1536x863.jpeg 1536w, https:\/\/www.tucomarca.com\/wordpress\/segunda\/wp-content\/uploads\/2026\/02\/HAat8T0XsAABWAL-2048x1151.jpeg 2048w, https:\/\/www.tucomarca.com\/wordpress\/segunda\/wp-content\/uploads\/2026\/02\/HAat8T0XsAABWAL-678x381.jpeg 678w\" sizes=\"auto, (max-width: 1024px) 100vw, 1024px\" \/><\/figure>\n\n\n\n<figure class=\"wp-block-image size-large\"><img loading=\"lazy\" decoding=\"async\" width=\"1024\" height=\"576\" data-id=\"292364\" src=\"https:\/\/www.tucomarca.com\/wordpress\/segunda\/wp-content\/uploads\/2026\/02\/HAat8T4XoAAUz4Z-1024x576.jpeg\" alt=\"\" class=\"wp-image-292364\" srcset=\"https:\/\/www.tucomarca.com\/wordpress\/segunda\/wp-content\/uploads\/2026\/02\/HAat8T4XoAAUz4Z-1024x576.jpeg 1024w, https:\/\/www.tucomarca.com\/wordpress\/segunda\/wp-content\/uploads\/2026\/02\/HAat8T4XoAAUz4Z-300x169.jpeg 300w, https:\/\/www.tucomarca.com\/wordpress\/segunda\/wp-content\/uploads\/2026\/02\/HAat8T4XoAAUz4Z-768x432.jpeg 768w, https:\/\/www.tucomarca.com\/wordpress\/segunda\/wp-content\/uploads\/2026\/02\/HAat8T4XoAAUz4Z-1536x863.jpeg 1536w, https:\/\/www.tucomarca.com\/wordpress\/segunda\/wp-content\/uploads\/2026\/02\/HAat8T4XoAAUz4Z-2048x1151.jpeg 2048w, https:\/\/www.tucomarca.com\/wordpress\/segunda\/wp-content\/uploads\/2026\/02\/HAat8T4XoAAUz4Z-678x381.jpeg 678w\" sizes=\"auto, (max-width: 1024px) 100vw, 1024px\" \/><\/figure>\n<\/figure>\n","protected":false},"excerpt":{"rendered":"<div class=\"mh-excerpt\">El Consorci Provincial de Bombers de Val\u00e8ncia ha treballat en l\u2019extinci\u00f3 d\u2019un incendi declarat este dijous en una granja del terme municipal de Llombai. El foc afecta les instal\u00b7lacions de l\u2019explotaci\u00f3, concretament la zona del <a class=\"mh-excerpt-more\" href=\"https:\/\/www.tucomarca.com\/wordpress\/segunda\/ca\/els-bombers-treballen-en-un-incendi-en-una-granja-de-llombai\/\" title=\"Els bombers treballen en un incendi en una granja de Llombai\">[+] <\/a><\/div>\n","protected":false},"author":12,"featured_media":292369,"comment_status":"open","ping_status":"open","sticky":false,"template":"","format":"gallery","meta":{"footnotes":""},"categories":[10898,10894,10902,10997,10896,10897],"tags":[20509,11501,11356],"class_list":{"0":"post-292371","1":"post","2":"type-post","3":"status-publish","4":"format-gallery","5":"has-post-thumbnail","7":"category-ventana-ca","8":"category-la-comarca-ca","9":"category-la-ribera-ca","10":"category-llombai-ca","11":"category-seccion-ca","12":"category-sucesos-la-comarca-ca","13":"tag-consorcio-de-bomberos-de-valencia-ca","14":"tag-llombai-ca","15":"tag-ribera-alta-ca","16":"post_format-post-format-gallery"},"_links":{"self":[{"href":"https:\/\/www.tucomarca.com\/wordpress\/segunda\/ca\/wp-json\/wp\/v2\/posts\/292371","targetHints":{"allow":["GET"]}}],"collection":[{"href":"https:\/\/www.tucomarca.com\/wordpress\/segunda\/ca\/wp-json\/wp\/v2\/posts"}],"about":[{"href":"https:\/\/www.tucomarca.com\/wordpress\/segunda\/ca\/wp-json\/wp\/v2\/types\/post"}],"author":[{"embeddable":true,"href":"https:\/\/www.tucomarca.com\/wordpress\/segunda\/ca\/wp-json\/wp\/v2\/users\/12"}],"replies":[{"embeddable":true,"href":"https:\/\/www.tucomarca.com\/wordpress\/segunda\/ca\/wp-json\/wp\/v2\/comments?post=292371"}],"version-history":[{"count":0,"href":"https:\/\/www.tucomarca.com\/wordpress\/segunda\/ca\/wp-json\/wp\/v2\/posts\/292371\/revisions"}],"wp:featuredmedia":[{"embeddable":true,"href":"https:\/\/www.tucomarca.com\/wordpress\/segunda\/ca\/wp-json\/wp\/v2\/media\/292369"}],"wp:attachment":[{"href":"https:\/\/www.tucomarca.com\/wordpress\/segunda\/ca\/wp-json\/wp\/v2\/media?parent=292371"}],"wp:term":[{"taxonomy":"category","embeddable":true,"href":"https:\/\/www.tucomarca.com\/wordpress\/segunda\/ca\/wp-json\/wp\/v2\/categories?post=292371"},{"taxonomy":"post_tag","embeddable":true,"href":"https:\/\/www.tucomarca.com\/wordpress\/segunda\/ca\/wp-json\/wp\/v2\/tags?post=292371"}],"curies":[{"name":"wp","href":"https:\/\/api.w.org\/{rel}","templated":true}]}}