{"id":292391,"date":"2026-02-06T10:00:00","date_gmt":"2026-02-06T09:00:00","guid":{"rendered":"https:\/\/www.tucomarca.com\/wordpress\/segunda\/?p=292391"},"modified":"2026-02-06T21:50:11","modified_gmt":"2026-02-06T20:50:11","slug":"el-teixit-associatiu-de-xest-simplica-de-ple-en-el-disseny-de-la-futura-agenda-urbana-de-la-reconstruccio","status":"publish","type":"post","link":"https:\/\/www.tucomarca.com\/wordpress\/segunda\/ca\/el-teixit-associatiu-de-xest-simplica-de-ple-en-el-disseny-de-la-futura-agenda-urbana-de-la-reconstruccio\/","title":{"rendered":"El teixit associatiu de Xest s&#8217;implica de ple en el disseny de la futura Agenda Urbana de la Reconstrucci\u00f3"},"content":{"rendered":"\n<p>Les associacions de Xest es van bolcar el passat dimecres en la jornada de participaci\u00f3 ciutadana convocada por ho Ajuntament emmarcada en l&#8217;Agenda Urbana de la Reconstrucci\u00f3. Es tracta d&#8217;una estrat\u00e8gia local dissenyada per a transformar els efectes de la DANA en una oportunitat per a refor\u00e7ar el comprom\u00eds con la sostenibilitat, l&#8217;adaptaci\u00f3 al canvi clim\u00e0tic i la millora de la resili\u00e8ncia territorial, con m\u00e9s de 100 mesures plantejades en tot el municipi.<\/p>\n\n\n\n<p>El partit, que va tindre lloc en el sal\u00f3 de plens, reuni\u00f3 a l&#8217;equip de govern, encap\u00e7alada por l&#8217;alcalde Jos\u00e9 Morell, con representants del teixit associatiu chestano i ciutadans particulars. Aquesta sessi\u00f3 vespertina va complementar una reuni\u00f3 similar celebrada por el mat\u00ed con els t\u00e8cnics municipals, con l&#8217;objectiu de recaptar una visi\u00f3 integral i diversa per a l&#8217;elaboraci\u00f3 de l&#8217;agenda.<\/p>\n\n\n\n<p>Durant la jornada es va abordar un diagn\u00f2stic compartit dels efectes de la DANA des d&#8217;una mirada integral, incorporant l&#8217;experi\u00e8ncia directa de la ciutadania per a comprendre qu\u00e8 ha succe\u00eft, quina ha funcionat i qu\u00e8 es necessari millorar. Aix\u00ed mateix, es va treballar la prioritzaci\u00f3 dels projectes m\u00e9s importants per al municipi, sent el m\u00e9s votat l&#8217;ampliaci\u00f3 del barranc Silleta per a evitar inundacionesen ho nucli urb\u00e0.<\/p>\n\n\n\n<p>L&#8217;alcalde de Xest, Jos\u00e9 Morell, va posar en valor la gran participaci\u00f3 ciutadana en la jornada, assenyalant que \u201cla societat civil de Xest s&#8217;un exemple de com, entre totes i tots, podem tra\u00e7ar un camine comuna no sols en la reconstrucci\u00f3, sin\u00f3 tamb\u00e9 en una planificaci\u00f3 que minimitze l&#8217;impacte d&#8217;esdeveniments d&#8217;aquest tipus\u201d.<\/p>\n\n\n\n<p><strong>Agenda Urbana, estrat\u00e8gia integral<\/strong><\/p>\n\n\n\n<p>L&#8217;Agenda Urbana de la Reconstrucci\u00f3 s&#8217;articula com una estrat\u00e8gia integral que respon tant als desafiaments immediats derivats de la DANA com als reptes estructurals del municipi. A m\u00e9s, cerca posicionar al municipi per a futures convocat\u00f2ries de profunds europeus, com els FEDER.<\/p>\n\n\n\n<p>L&#8217;acci\u00f3 del projecte s&#8217;estructura en quatre fases: diagn\u00f2stic, estrat\u00e8gia, pla d&#8217;acci\u00f3 i seguiment.<\/p>\n\n\n\n<p>El proc\u00e9s de participaci\u00f3 va continuar con una reuni\u00f3 con els grups pol\u00edtics municipals, consolidant aix\u00ed un enfoque col\u00b7laboratiu i transversal en la construcci\u00f3 d&#8217;aquest important full de ruta per a Xest.<\/p>\n","protected":false},"excerpt":{"rendered":"<div class=\"mh-excerpt\">Les associacions de Xest es van bolcar el passat dimecres en la jornada de participaci\u00f3 ciutadana convocada por ho Ajuntament emmarcada en l&#8217;Agenda Urbana de la Reconstrucci\u00f3. Es tracta d&#8217;una estrat\u00e8gia local dissenyada per a <a class=\"mh-excerpt-more\" href=\"https:\/\/www.tucomarca.com\/wordpress\/segunda\/ca\/el-teixit-associatiu-de-xest-simplica-de-ple-en-el-disseny-de-la-futura-agenda-urbana-de-la-reconstruccio\/\" title=\"El teixit associatiu de Xest s&#8217;implica de ple en el disseny de la futura Agenda Urbana de la Reconstrucci\u00f3\">[+] <\/a><\/div>\n","protected":false},"author":12,"featured_media":292390,"comment_status":"open","ping_status":"open","sticky":false,"template":"","format":"standard","meta":{"footnotes":""},"categories":[21466,10948,10894,10904,10912,10903,10947,10896,10974],"tags":[20972,11071,10914],"class_list":{"0":"post-292391","1":"post","2":"type-post","3":"status-publish","4":"format-standard","5":"has-post-thumbnail","7":"category-dana-ca","8":"category-infraestructuras-ca","9":"category-la-comarca-ca","10":"category-sin-categorizar-ca","11":"category-la-hoya-ca","12":"category-medio-ambiente-la-comarca-ca","13":"category-politica","14":"category-seccion-ca","15":"category-cheste-ca","16":"tag-agenda-urbana-ca","17":"tag-cheste","18":"tag-la-hoya-de-bunol-chiva-ca"},"_links":{"self":[{"href":"https:\/\/www.tucomarca.com\/wordpress\/segunda\/ca\/wp-json\/wp\/v2\/posts\/292391","targetHints":{"allow":["GET"]}}],"collection":[{"href":"https:\/\/www.tucomarca.com\/wordpress\/segunda\/ca\/wp-json\/wp\/v2\/posts"}],"about":[{"href":"https:\/\/www.tucomarca.com\/wordpress\/segunda\/ca\/wp-json\/wp\/v2\/types\/post"}],"author":[{"embeddable":true,"href":"https:\/\/www.tucomarca.com\/wordpress\/segunda\/ca\/wp-json\/wp\/v2\/users\/12"}],"replies":[{"embeddable":true,"href":"https:\/\/www.tucomarca.com\/wordpress\/segunda\/ca\/wp-json\/wp\/v2\/comments?post=292391"}],"version-history":[{"count":0,"href":"https:\/\/www.tucomarca.com\/wordpress\/segunda\/ca\/wp-json\/wp\/v2\/posts\/292391\/revisions"}],"wp:featuredmedia":[{"embeddable":true,"href":"https:\/\/www.tucomarca.com\/wordpress\/segunda\/ca\/wp-json\/wp\/v2\/media\/292390"}],"wp:attachment":[{"href":"https:\/\/www.tucomarca.com\/wordpress\/segunda\/ca\/wp-json\/wp\/v2\/media?parent=292391"}],"wp:term":[{"taxonomy":"category","embeddable":true,"href":"https:\/\/www.tucomarca.com\/wordpress\/segunda\/ca\/wp-json\/wp\/v2\/categories?post=292391"},{"taxonomy":"post_tag","embeddable":true,"href":"https:\/\/www.tucomarca.com\/wordpress\/segunda\/ca\/wp-json\/wp\/v2\/tags?post=292391"}],"curies":[{"name":"wp","href":"https:\/\/api.w.org\/{rel}","templated":true}]}}