{"id":292409,"date":"2026-02-06T09:00:00","date_gmt":"2026-02-06T08:00:00","guid":{"rendered":"https:\/\/www.tucomarca.com\/wordpress\/segunda\/?p=292409"},"modified":"2026-02-25T13:35:54","modified_gmt":"2026-02-25T12:35:54","slug":"millares-celebra-aquest-dissabte-la-festivitat-del-seu-patro-sant-blai","status":"publish","type":"post","link":"https:\/\/www.tucomarca.com\/wordpress\/segunda\/ca\/millares-celebra-aquest-dissabte-la-festivitat-del-seu-patro-sant-blai\/","title":{"rendered":"Millares celebra aquest dissabte la festivitat del seu patr\u00f3, Sant Blai"},"content":{"rendered":"\n<p>El municipi de Millares celebra el pr\u00f2xim dissabte 7 de febrer de 2026 la festivitat de Sant Blai, patr\u00f3 de la localitat, amb una jornada d\u2019actes tradicionals organitzats per l\u2019Ajuntament de Millares.<\/p>\n\n\n\n<p>La programaci\u00f3 comen\u00e7ar\u00e0 a les 12,30 hores amb el dispar de les tradicionals salves en honor a Sant Blai. A continuaci\u00f3, tindr\u00e0 lloc una degustaci\u00f3 de productes t\u00edpics al CIM, oferint als ve\u00efns i visitants l\u2019oportunitat de gaudir de la gastronomia local.<\/p>\n\n\n\n<p>De vesprada, a les 19,00 hores, se celebrar\u00e0 la process\u00f3 en honor a Sant Blai, que comptar\u00e0 amb l\u2019acompanyament musical de la Uni\u00f3 Musical Millarense. Una vegada finalitzada la process\u00f3, es procedir\u00e0 al repartiment dels tradicionals rotllos, un dels actes m\u00e9s esperats de la festivitat.<\/p>\n\n\n\n<p>En l\u2019organitzaci\u00f3 dels actes participa l\u2019Ajuntament de Millares, amb la col\u00b7laboraci\u00f3 de Carnisseria Mari, Casa Angelita i Forn Filiberto, contribuint aix\u00ed al manteniment i la promoci\u00f3 de les tradicions locals vinculades a esta celebraci\u00f3.<\/p>\n","protected":false},"excerpt":{"rendered":"<div class=\"mh-excerpt\">El municipi de Millares celebra el pr\u00f2xim dissabte 7 de febrer de 2026 la festivitat de Sant Blai, patr\u00f3 de la localitat, amb una jornada d\u2019actes tradicionals organitzats per l\u2019Ajuntament de Millares. La programaci\u00f3 comen\u00e7ar\u00e0 <a class=\"mh-excerpt-more\" href=\"https:\/\/www.tucomarca.com\/wordpress\/segunda\/ca\/millares-celebra-aquest-dissabte-la-festivitat-del-seu-patro-sant-blai\/\" title=\"Millares celebra aquest dissabte la festivitat del seu patr\u00f3, Sant Blai\">[+] <\/a><\/div>\n","protected":false},"author":12,"featured_media":292408,"comment_status":"open","ping_status":"open","sticky":false,"template":"","format":"standard","meta":{"footnotes":""},"categories":[11019,10963,10894,10970,11007,10896],"tags":[11094,10914,11186,18750],"class_list":{"0":"post-292409","1":"post","2":"type-post","3":"status-publish","4":"format-standard","5":"has-post-thumbnail","7":"category-agenda-ca","8":"category-la-canal-de-navarres-ca","9":"category-la-comarca-ca","10":"category-millares-ca","11":"category-ocio-y-cultura-ca","12":"category-seccion-ca","13":"tag-la-canal-de-navarres","14":"tag-la-hoya-de-bunol-chiva-ca","15":"tag-millares-ca","16":"tag-san-blas-ca"},"_links":{"self":[{"href":"https:\/\/www.tucomarca.com\/wordpress\/segunda\/ca\/wp-json\/wp\/v2\/posts\/292409","targetHints":{"allow":["GET"]}}],"collection":[{"href":"https:\/\/www.tucomarca.com\/wordpress\/segunda\/ca\/wp-json\/wp\/v2\/posts"}],"about":[{"href":"https:\/\/www.tucomarca.com\/wordpress\/segunda\/ca\/wp-json\/wp\/v2\/types\/post"}],"author":[{"embeddable":true,"href":"https:\/\/www.tucomarca.com\/wordpress\/segunda\/ca\/wp-json\/wp\/v2\/users\/12"}],"replies":[{"embeddable":true,"href":"https:\/\/www.tucomarca.com\/wordpress\/segunda\/ca\/wp-json\/wp\/v2\/comments?post=292409"}],"version-history":[{"count":0,"href":"https:\/\/www.tucomarca.com\/wordpress\/segunda\/ca\/wp-json\/wp\/v2\/posts\/292409\/revisions"}],"wp:featuredmedia":[{"embeddable":true,"href":"https:\/\/www.tucomarca.com\/wordpress\/segunda\/ca\/wp-json\/wp\/v2\/media\/292408"}],"wp:attachment":[{"href":"https:\/\/www.tucomarca.com\/wordpress\/segunda\/ca\/wp-json\/wp\/v2\/media?parent=292409"}],"wp:term":[{"taxonomy":"category","embeddable":true,"href":"https:\/\/www.tucomarca.com\/wordpress\/segunda\/ca\/wp-json\/wp\/v2\/categories?post=292409"},{"taxonomy":"post_tag","embeddable":true,"href":"https:\/\/www.tucomarca.com\/wordpress\/segunda\/ca\/wp-json\/wp\/v2\/tags?post=292409"}],"curies":[{"name":"wp","href":"https:\/\/api.w.org\/{rel}","templated":true}]}}