{"id":292460,"date":"2026-02-09T11:45:00","date_gmt":"2026-02-09T10:45:00","guid":{"rendered":"https:\/\/www.tucomarca.com\/wordpress\/segunda\/?p=292460"},"modified":"2026-02-09T19:47:43","modified_gmt":"2026-02-09T18:47:43","slug":"els-bombers-extingeixen-lincendi-dun-vehicle-en-un-carrer-de-setaigues","status":"publish","type":"post","link":"https:\/\/www.tucomarca.com\/wordpress\/segunda\/ca\/els-bombers-extingeixen-lincendi-dun-vehicle-en-un-carrer-de-setaigues\/","title":{"rendered":"Els bombers extingeixen l&#8217;incendi d&#8217;un vehicle en un carrer de Setaig\u00fces"},"content":{"rendered":"\n<p>Els bombers del Consorci Provincial de Bombers de Val\u00e8ncia van intervindre aquest diumenge en un incendi de vehicle registrat al carrer Eduardo Herv\u00e1s, al municipi de Setaig\u00fces.<\/p>\n\n\n\n<p>L\u2019av\u00eds es va rebre a les 22,44 hores, moment en qu\u00e8 es va mobilitzar una dotaci\u00f3 del parc de bombers de Xiva. A la seua arribada, els efectius van comprovar que el foc afectava la part posterior del vehicle.<\/p>\n\n\n\n<p>Els bombers van treballar en l\u2019extinci\u00f3 de l\u2019incendi i en la posterior revisi\u00f3 de la zona, donant per finalitzat el servei a les 23,45 hores. No es van registrar danys personals.<\/p>\n\n\n\n<figure class=\"wp-block-image size-large\"><img loading=\"lazy\" decoding=\"async\" width=\"1024\" height=\"1024\" src=\"http:\/\/www.tucomarca.com\/wordpress\/segunda\/wp-content\/uploads\/2026\/02\/SieteAguasBomberos2-1024x1024.jpg\" alt=\"\" class=\"wp-image-292457\" srcset=\"https:\/\/www.tucomarca.com\/wordpress\/segunda\/wp-content\/uploads\/2026\/02\/SieteAguasBomberos2-1024x1024.jpg 1024w, https:\/\/www.tucomarca.com\/wordpress\/segunda\/wp-content\/uploads\/2026\/02\/SieteAguasBomberos2-300x300.jpg 300w, https:\/\/www.tucomarca.com\/wordpress\/segunda\/wp-content\/uploads\/2026\/02\/SieteAguasBomberos2-290x290.jpg 290w, https:\/\/www.tucomarca.com\/wordpress\/segunda\/wp-content\/uploads\/2026\/02\/SieteAguasBomberos2-768x768.jpg 768w, https:\/\/www.tucomarca.com\/wordpress\/segunda\/wp-content\/uploads\/2026\/02\/SieteAguasBomberos2-1536x1536.jpg 1536w, https:\/\/www.tucomarca.com\/wordpress\/segunda\/wp-content\/uploads\/2026\/02\/SieteAguasBomberos2.jpg 1920w\" sizes=\"auto, (max-width: 1024px) 100vw, 1024px\" \/><\/figure>\n","protected":false},"excerpt":{"rendered":"<div class=\"mh-excerpt\">Els bombers del Consorci Provincial de Bombers de Val\u00e8ncia van intervindre aquest diumenge en un incendi de vehicle registrat al carrer Eduardo Herv\u00e1s, al municipi de Setaig\u00fces. L\u2019av\u00eds es va rebre a les 22,44 hores, <a class=\"mh-excerpt-more\" href=\"https:\/\/www.tucomarca.com\/wordpress\/segunda\/ca\/els-bombers-extingeixen-lincendi-dun-vehicle-en-un-carrer-de-setaigues\/\" title=\"Els bombers extingeixen l&#8217;incendi d&#8217;un vehicle en un carrer de Setaig\u00fces\">[+] <\/a><\/div>\n","protected":false},"author":12,"featured_media":292456,"comment_status":"open","ping_status":"open","sticky":false,"template":"","format":"image","meta":{"footnotes":""},"categories":[10898,10894,10912,10896,10979,10897],"tags":[20509,10914,14135,11157],"class_list":{"0":"post-292460","1":"post","2":"type-post","3":"status-publish","4":"format-image","5":"has-post-thumbnail","7":"category-ventana-ca","8":"category-la-comarca-ca","9":"category-la-hoya-ca","10":"category-seccion-ca","11":"category-siete-aguas-ca","12":"category-sucesos-la-comarca-ca","13":"tag-consorcio-de-bomberos-de-valencia-ca","14":"tag-la-hoya-de-bunol-chiva-ca","15":"tag-parque-de-bomberos-de-chiva-ca","16":"tag-siete-aguas-ca","17":"post_format-post-format-image"},"_links":{"self":[{"href":"https:\/\/www.tucomarca.com\/wordpress\/segunda\/ca\/wp-json\/wp\/v2\/posts\/292460","targetHints":{"allow":["GET"]}}],"collection":[{"href":"https:\/\/www.tucomarca.com\/wordpress\/segunda\/ca\/wp-json\/wp\/v2\/posts"}],"about":[{"href":"https:\/\/www.tucomarca.com\/wordpress\/segunda\/ca\/wp-json\/wp\/v2\/types\/post"}],"author":[{"embeddable":true,"href":"https:\/\/www.tucomarca.com\/wordpress\/segunda\/ca\/wp-json\/wp\/v2\/users\/12"}],"replies":[{"embeddable":true,"href":"https:\/\/www.tucomarca.com\/wordpress\/segunda\/ca\/wp-json\/wp\/v2\/comments?post=292460"}],"version-history":[{"count":0,"href":"https:\/\/www.tucomarca.com\/wordpress\/segunda\/ca\/wp-json\/wp\/v2\/posts\/292460\/revisions"}],"wp:featuredmedia":[{"embeddable":true,"href":"https:\/\/www.tucomarca.com\/wordpress\/segunda\/ca\/wp-json\/wp\/v2\/media\/292456"}],"wp:attachment":[{"href":"https:\/\/www.tucomarca.com\/wordpress\/segunda\/ca\/wp-json\/wp\/v2\/media?parent=292460"}],"wp:term":[{"taxonomy":"category","embeddable":true,"href":"https:\/\/www.tucomarca.com\/wordpress\/segunda\/ca\/wp-json\/wp\/v2\/categories?post=292460"},{"taxonomy":"post_tag","embeddable":true,"href":"https:\/\/www.tucomarca.com\/wordpress\/segunda\/ca\/wp-json\/wp\/v2\/tags?post=292460"}],"curies":[{"name":"wp","href":"https:\/\/api.w.org\/{rel}","templated":true}]}}