{"id":292479,"date":"2026-02-09T11:35:00","date_gmt":"2026-02-09T10:35:00","guid":{"rendered":"https:\/\/www.tucomarca.com\/wordpress\/segunda\/?p=292479"},"modified":"2026-02-25T13:42:46","modified_gmt":"2026-02-25T12:42:46","slug":"la-diputacio-de-valencia-millorara-lacces-als-observatoris-astronomics-daras-de-los-olmos","status":"publish","type":"post","link":"https:\/\/www.tucomarca.com\/wordpress\/segunda\/ca\/la-diputacio-de-valencia-millorara-lacces-als-observatoris-astronomics-daras-de-los-olmos\/","title":{"rendered":"La Diputaci\u00f3 de Val\u00e8ncia millorar\u00e0 l&#8217;acc\u00e9s als observatoris astron\u00f2mics d&#8217;Aras de los Olmos"},"content":{"rendered":"\n<h3 class=\"wp-block-heading\">Les obres, actualment en fase de licitaci\u00f3, permetran condicionar un cam\u00ed, ara de terra, que connecta la CV-355 tant amb el Centre Astron\u00f2mic de l&#8217;Alt T\u00faria com el dependent de la Universitat de Val\u00e8ncia.<\/h3>\n\n\n\n<h3 class=\"wp-block-heading\">La diputada de Carreteres i vicepresidenta segona, Reme Mazzolari, destaca que &#8220;estos centres s\u00f3n un referent per a investigadors, universitats, associacions cient\u00edfiques i per a milers d&#8217;aficionats a l&#8217;astronomia que visiten la zona al llarg de l&#8217;any&#8221;.<\/h3>\n\n\n\n<p>La Diputaci\u00f3 de Val\u00e8ncia ha licitat les obres de millora del cam\u00ed d&#8217;acc\u00e9s a dos observatoris astron\u00f2mics d&#8217;Aras de los Olmos, una actuaci\u00f3 estrat\u00e8gica que, en paraules de la diputada de Carreteres, Reme Mazzolari, &#8220;est\u00e0 destinada a refor\u00e7ar la seguretat vi\u00e0ria i garantir unes condicions adequades d&#8217;acc\u00e9s a un enclavament de refer\u00e8ncia cient\u00edfica, educativa i tur\u00edstica per a la comarca de la Serran\u00eda i per al conjunt de l&#8217;interior valenci\u00e0&#8221;.<\/p>\n\n\n\n<p>L&#8217;actuaci\u00f3 permetr\u00e0 condicionar el cam\u00ed que connecta la carretera CV-355 amb els dos observatoris existents fora del nucli urb\u00e0, en el mateix terme municipal: el del Centre Astron\u00f2mic de l&#8217;Alt T\u00faria, gestionat per l&#8217;Associaci\u00f3 Valenciana d&#8217;Astronomia (CAAT), i l&#8217;observatori professional de la Universitat de Val\u00e8ncia. En l&#8217;\u00faltim tram, el vial es bifurca cap als dos equipaments, per la qual cosa el projecte contempla la millora completa del tra\u00e7at i dels dos ramals finals d&#8217;acc\u00e9s.<\/p>\n\n\n\n<p>Les obres, amb una inversi\u00f3 pr\u00f2xima als 500.000 euros, s&#8217;emmarquen en el programa de millora de Camins d&#8217;Inter\u00e9s Territorial impulsat per la Diputaci\u00f3 i contemplen la millora del ferm, l&#8217;adequaci\u00f3 del drenatge i la instal\u00b7laci\u00f3 de senyalitzaci\u00f3, abalisament i elements de seguretat al llarg de m\u00e9s de 4,6 quil\u00f2metres.<\/p>\n\n\n\n<p>La vicepresidenta segona i diputada de Carreteres, Reme Mazzolari, ha assenyalat que \u201cesta actuaci\u00f3 va molt m\u00e9s enll\u00e0 d&#8217;una millora puntual d&#8217;un cam\u00ed, ja que garantix un acc\u00e9s segur i adequat a unes instal\u00b7lacions que tenen una projecci\u00f3 cient\u00edfica i divulgativa de primer nivell\u201d. En este sentit, ha destacat que els observatoris d&#8217;Aras de los Olmos \u201cs\u00f3n un referent per a investigadors, universitats, associacions cient\u00edfiques i per a milers de persones aficionades a l&#8217;astronomia que visiten la zona al llarg de l&#8217;any\u201d.<\/p>\n\n\n\n<p>Per part seua, l&#8217;alcalde d&#8217;Aras de los Olmos, Rafael Gim\u00e9nez, ha subratllat la necessitat de l&#8217;actuaci\u00f3 i ha recordat que \u201cen estos moments es tracta d&#8217;un cam\u00ed de terra que registra una elevada aflu\u00e8ncia de vehicles, especialment en els dies en qu\u00e8 el CAAT i la Universitat de Val\u00e8ncia organitzen jornades obertes al p\u00fablic, aix\u00ed com els caps de setmana en els quals acudixen nombrosos aficionats a l&#8217;astronomia\u201d. Segons ha explicat, \u201cen algunes d&#8217;estes jornades s&#8217;han arribat a concentrar entre 600 i 800 persones, i el cam\u00ed no reunix actualment les condicions de seguretat necess\u00e0ries per a acollir este volum de tr\u00e0nsit\u201d.<\/p>\n\n\n\n<p>L&#8217;alcalde ha afegit que la millora de l&#8217;acc\u00e9s resulta especialment rellevant en un context de creixent inter\u00e9s per l&#8217;observaci\u00f3 astron\u00f2mica i ha apuntat a grans cites futures, com l&#8217;eclipsi solar previst per al 12 d&#8217;agost de 2026. En refer\u00e8ncia a aix\u00f2, la diputada i vicepresidenta segona Reme Mazzolari, indica que \u201ctenim esta data marcada en el calendari perqu\u00e8 estos dies el cam\u00ed estiga en les millors condicions possibles i puga donar resposta a un esdeveniment d&#8217;abast internacional\u201d.<\/p>\n","protected":false},"excerpt":{"rendered":"<div class=\"mh-excerpt\">Les obres, actualment en fase de licitaci\u00f3, permetran condicionar un cam\u00ed, ara de terra, que connecta la CV-355 tant amb el Centre Astron\u00f2mic de l&#8217;Alt T\u00faria com el dependent de la Universitat de Val\u00e8ncia. La <a class=\"mh-excerpt-more\" href=\"https:\/\/www.tucomarca.com\/wordpress\/segunda\/ca\/la-diputacio-de-valencia-millorara-lacces-als-observatoris-astronomics-daras-de-los-olmos\/\" title=\"La Diputaci\u00f3 de Val\u00e8ncia millorar\u00e0 l&#8217;acc\u00e9s als observatoris astron\u00f2mics d&#8217;Aras de los Olmos\">[+] <\/a><\/div>\n","protected":false},"author":12,"featured_media":292477,"comment_status":"open","ping_status":"open","sticky":false,"template":"","format":"standard","meta":{"footnotes":""},"categories":[11042,11046,10898,10948,10894,11007,10947,10896],"tags":[14714,12823,11246,11928,11080],"class_list":{"0":"post-292479","1":"post","2":"type-post","3":"status-publish","4":"format-standard","5":"has-post-thumbnail","7":"category-aras-de-olmos-ca","8":"category-los-serranos-ca","9":"category-ventana-ca","10":"category-infraestructuras-ca","11":"category-la-comarca-ca","12":"category-ocio-y-cultura-ca","13":"category-politica","14":"category-seccion-ca","15":"tag-aras-de-los-olmos-ca","16":"tag-carreteras-ca","17":"tag-diputacio-de-valencia-ca","18":"tag-la-serrania-ca","19":"tag-los-serranos-ca"},"_links":{"self":[{"href":"https:\/\/www.tucomarca.com\/wordpress\/segunda\/ca\/wp-json\/wp\/v2\/posts\/292479","targetHints":{"allow":["GET"]}}],"collection":[{"href":"https:\/\/www.tucomarca.com\/wordpress\/segunda\/ca\/wp-json\/wp\/v2\/posts"}],"about":[{"href":"https:\/\/www.tucomarca.com\/wordpress\/segunda\/ca\/wp-json\/wp\/v2\/types\/post"}],"author":[{"embeddable":true,"href":"https:\/\/www.tucomarca.com\/wordpress\/segunda\/ca\/wp-json\/wp\/v2\/users\/12"}],"replies":[{"embeddable":true,"href":"https:\/\/www.tucomarca.com\/wordpress\/segunda\/ca\/wp-json\/wp\/v2\/comments?post=292479"}],"version-history":[{"count":0,"href":"https:\/\/www.tucomarca.com\/wordpress\/segunda\/ca\/wp-json\/wp\/v2\/posts\/292479\/revisions"}],"wp:featuredmedia":[{"embeddable":true,"href":"https:\/\/www.tucomarca.com\/wordpress\/segunda\/ca\/wp-json\/wp\/v2\/media\/292477"}],"wp:attachment":[{"href":"https:\/\/www.tucomarca.com\/wordpress\/segunda\/ca\/wp-json\/wp\/v2\/media?parent=292479"}],"wp:term":[{"taxonomy":"category","embeddable":true,"href":"https:\/\/www.tucomarca.com\/wordpress\/segunda\/ca\/wp-json\/wp\/v2\/categories?post=292479"},{"taxonomy":"post_tag","embeddable":true,"href":"https:\/\/www.tucomarca.com\/wordpress\/segunda\/ca\/wp-json\/wp\/v2\/tags?post=292479"}],"curies":[{"name":"wp","href":"https:\/\/api.w.org\/{rel}","templated":true}]}}