{"id":292483,"date":"2026-02-09T09:00:00","date_gmt":"2026-02-09T08:00:00","guid":{"rendered":"https:\/\/www.tucomarca.com\/wordpress\/segunda\/?p=292483"},"modified":"2026-03-15T10:21:01","modified_gmt":"2026-03-15T09:21:01","slug":"el-pug-acusa-el-pp-de-trencar-el-pacte-de-govern-a-godelleta-i-de-deixar-el-govern-local-en-mans-dun-trasfuga","status":"publish","type":"post","link":"https:\/\/www.tucomarca.com\/wordpress\/segunda\/ca\/el-pug-acusa-el-pp-de-trencar-el-pacte-de-govern-a-godelleta-i-de-deixar-el-govern-local-en-mans-dun-trasfuga\/","title":{"rendered":"El PUG acusa el PP de &#8220;trencar el pacte de govern&#8221; a Godelleta i de deixar &#8220;el govern local en mans d&#8217;un tr\u00e1sfuga&#8221;"},"content":{"rendered":"\n<p>La Plataforma de les Urbanitzacions de Godelleta (PUG) ha fet p\u00fablica la &#8220;ruptura per part del PP del pacte de govern signat des de les passades eleccions de 2023 amb el nostre partit&#8221;, tal com han fet constar amb un comunicat oficial.<\/p>\n\n\n\n<p>Des del PUG afigen que el Partit Popular de Godelleta &#8220;se secundar\u00e0 en un regidor tr\u00e0nsfuga del PUG, Max Prades Barcel\u00f3, antic regidor del Partit Socialista, per a continuar la legislatura no respectant els acords signats&#8221;.<\/p>\n\n\n\n<p>&#8220;El PUG den\u00fancia p\u00fablicament davant els mitjans de comunicaci\u00f3 que aquest tr\u00e0nsfuga es nega a retornar l&#8217;acta de regidor al partit, obviant els interessos i responsabilitats pol\u00edtiques d&#8217;aquest, per les quals va ser electe; anteposant els seus propis interessos, demostrant (una vegada m\u00e9s com ja ho va fer anteriorment) que li interessa m\u00e9s viure de la pol\u00edtica que estar al seu servei, la qual cosa li anul\u00b7la moral i professionalment com a servidor p\u00fablic competent&#8221;, han finalitzat des del PUG en el seu comunicat.<\/p>\n","protected":false},"excerpt":{"rendered":"<div class=\"mh-excerpt\">La Plataforma de les Urbanitzacions de Godelleta (PUG) ha fet p\u00fablica la &#8220;ruptura per part del PP del pacte de govern signat des de les passades eleccions de 2023 amb el nostre partit&#8221;, tal com <a class=\"mh-excerpt-more\" href=\"https:\/\/www.tucomarca.com\/wordpress\/segunda\/ca\/el-pug-acusa-el-pp-de-trencar-el-pacte-de-govern-a-godelleta-i-de-deixar-el-govern-local-en-mans-dun-trasfuga\/\" title=\"El PUG acusa el PP de &#8220;trencar el pacte de govern&#8221; a Godelleta i de deixar &#8220;el govern local en mans d&#8217;un tr\u00e1sfuga&#8221;\">[+] <\/a><\/div>\n","protected":false},"author":12,"featured_media":185342,"comment_status":"open","ping_status":"open","sticky":false,"template":"","format":"standard","meta":{"footnotes":""},"categories":[10977,10894,10912,10947,10896],"tags":[11087,10914,19199],"class_list":{"0":"post-292483","1":"post","2":"type-post","3":"status-publish","4":"format-standard","5":"has-post-thumbnail","7":"category-godelleta-ca","8":"category-la-comarca-ca","9":"category-la-hoya-ca","10":"category-politica","11":"category-seccion-ca","12":"tag-godelleta-ca","13":"tag-la-hoya-de-bunol-chiva-ca","14":"tag-pug-ca"},"_links":{"self":[{"href":"https:\/\/www.tucomarca.com\/wordpress\/segunda\/ca\/wp-json\/wp\/v2\/posts\/292483","targetHints":{"allow":["GET"]}}],"collection":[{"href":"https:\/\/www.tucomarca.com\/wordpress\/segunda\/ca\/wp-json\/wp\/v2\/posts"}],"about":[{"href":"https:\/\/www.tucomarca.com\/wordpress\/segunda\/ca\/wp-json\/wp\/v2\/types\/post"}],"author":[{"embeddable":true,"href":"https:\/\/www.tucomarca.com\/wordpress\/segunda\/ca\/wp-json\/wp\/v2\/users\/12"}],"replies":[{"embeddable":true,"href":"https:\/\/www.tucomarca.com\/wordpress\/segunda\/ca\/wp-json\/wp\/v2\/comments?post=292483"}],"version-history":[{"count":0,"href":"https:\/\/www.tucomarca.com\/wordpress\/segunda\/ca\/wp-json\/wp\/v2\/posts\/292483\/revisions"}],"wp:featuredmedia":[{"embeddable":true,"href":"https:\/\/www.tucomarca.com\/wordpress\/segunda\/ca\/wp-json\/wp\/v2\/media\/185342"}],"wp:attachment":[{"href":"https:\/\/www.tucomarca.com\/wordpress\/segunda\/ca\/wp-json\/wp\/v2\/media?parent=292483"}],"wp:term":[{"taxonomy":"category","embeddable":true,"href":"https:\/\/www.tucomarca.com\/wordpress\/segunda\/ca\/wp-json\/wp\/v2\/categories?post=292483"},{"taxonomy":"post_tag","embeddable":true,"href":"https:\/\/www.tucomarca.com\/wordpress\/segunda\/ca\/wp-json\/wp\/v2\/tags?post=292483"}],"curies":[{"name":"wp","href":"https:\/\/api.w.org\/{rel}","templated":true}]}}