{"id":292490,"date":"2026-02-09T11:00:00","date_gmt":"2026-02-09T10:00:00","guid":{"rendered":"https:\/\/www.tucomarca.com\/wordpress\/segunda\/?p=292490"},"modified":"2026-02-09T19:50:47","modified_gmt":"2026-02-09T18:50:47","slug":"mompo-i-raga-analitzen-com-evoluciona-la-reconstruccio-de-riba-roja-despres-de-la-dana","status":"publish","type":"post","link":"https:\/\/www.tucomarca.com\/wordpress\/segunda\/ca\/mompo-i-raga-analitzen-com-evoluciona-la-reconstruccio-de-riba-roja-despres-de-la-dana\/","title":{"rendered":"Momp\u00f3 i Raga analitzen com evoluciona la reconstrucci\u00f3 de Riba-roja despr\u00e9s de la DANA"},"content":{"rendered":"\n<h3 class=\"wp-block-heading\">El president de la Diputaci\u00f3 de Val\u00e8ncia, Vicent Momp\u00f3, es reunix amb l&#8217;alcalde del municipi del Camp de T\u00faria, Robert Raga.<\/h3>\n\n\n\n<h3 class=\"wp-block-heading\">Riba-roja t\u00e9 assignats 2.368.752 euros en el Pla Obert 23\/27, 419.792 m\u00e9s que en els plans de la legislatura anterior.<\/h3>\n\n\n\n<p>El president de la Diputaci\u00f3 de Val\u00e8ncia, Vicent Momp\u00f3, s&#8217;ha reunit este dilluns amb l&#8217;alcalde de Riba-roja de T\u00faria, Robert Raga, per a analitzar com evoluciona la reconstrucci\u00f3 del municipi del Camp de T\u00faria despr\u00e9s de la DANA que va afectar vivendes, al parc natural, al sector industrial i a moltes zones urbanes. \u201cEstem en una fase important de la reconstrucci\u00f3 i necessitem tota l&#8217;ajuda possible de les administracions, en este cas de la Diputaci\u00f3\u201d, ha explicat Raga, qui ha qualificat la reuni\u00f3 de \u201cpositiva\u201d.&nbsp;<\/p>\n\n\n\n<p>Per a l&#8217;alcalde, la reconstrucci\u00f3 \u201cva en la bona direcci\u00f3, per\u00f2 conforme s&#8217;avan\u00e7a veiem inversions necess\u00e0ries\u201d que ha traslladat al president de la Diputaci\u00f3 perqu\u00e8 \u201cs\u00f3n millores per al poble que fan falta\u201d. D&#8217;altra banda, l&#8217;alcalde de Riba-roja ha detallat que arran de les inundacions s&#8217;han variat diversos projectes finan\u00e7ats pel Pla Obert d\u2019Inversions de la Diputaci\u00f3, entre ells el del complex esportiu La Mall\u00e0 i el del pavell\u00f3 poliesportiu municipal. Concretament, Riba-roja t\u00e9 assignats 2.368.752 euros en el Pla Obert 23\/27, 419.792 m\u00e9s que en els plans de la legislatura anterior. Al que cal sumar altres inversions com la de 100.000 euros per a la recuperaci\u00f3 dels equipaments urbans que van ser afectats per la riuada.<\/p>\n\n\n\n<p>A m\u00e9s, Momp\u00f3 i Raga han fet un rep\u00e0s de les inversions de la Diputaci\u00f3 en carreteres, tant les que ja s&#8217;han fet com les que estan en marxa. Ara mateix est\u00e0 en fase de licitaci\u00f3 el condicionament d&#8217;una nova glorieta en la CV-374, que es fa a trav\u00e9s d&#8217;un conveni entre la Diputaci\u00f3 i l&#8217;Ajuntament. El pressupost \u00e9s de 2.059.735 euros, l&#8217;Ajuntament finan\u00e7a 250.000 euros i la redacci\u00f3 del projecte, mentres que la Diputaci\u00f3 es fa c\u00e0rrec de la resta.&nbsp;<\/p>\n\n\n\n<p>Igualment, est\u00e0 en marxa la millora de la seguretat vi\u00e0ria de la travessia de l\u00b4Eliana en la&nbsp; carretera CV-336 que inclou una rotonda en Riba-roja i pr\u00f2ximament es posar\u00e0 en servici la quarta fase del desdoblament de la carretera CV-370 entre Manises i Riba-roja de T\u00faria. Tamb\u00e9 cal destacar que la Diputaci\u00f3 va reobrir al setembre passat el pont entre Riba-roja i les urbanitzacions del marge nord del riu T\u00faria despr\u00e9s de les obres d&#8217;emerg\u00e8ncia posteriors a la DANA.<\/p>\n\n\n\n<p>Per part seua, el president de la Diputaci\u00f3 ha subratllat \u201cla necessitat de la col\u00b7laboraci\u00f3 institucional per a millorar els municipis i dur a terme la reconstrucci\u00f3 de tota la prov\u00edncia, en este cas de Riba-roja\u201d. \u201cLa col\u00b7laboraci\u00f3 entre institucions, entre els ajuntaments i la Diputaci\u00f3, sempre \u00e9s fonamental; per\u00f2 si patixes una cat\u00e0strofe com la del 29 d&#8217;octubre de 2024 \u00e9s imprescindible\u201d, ha def\u00e9s.<\/p>\n\n\n\n<p>En este sentit, ha detallat Momp\u00f3, \u201cel divendres vam estar a Benet\u00fasser veient les obres del clavegueram, hui ens hem reunit amb l&#8217;alcalde de Riba-roja per a veure com avan\u00e7a la reconstrucci\u00f3 i atendre les seues demandes\u201d. \u201cTractem d&#8217;estar al costat dels municipis des del minut zero i el continuem fent perqu\u00e8 estarem acostant el muscle fins que els nostres pobles es recuperen completament\u201d, ha assegurat.<\/p>\n","protected":false},"excerpt":{"rendered":"<div class=\"mh-excerpt\">El president de la Diputaci\u00f3 de Val\u00e8ncia, Vicent Momp\u00f3, es reunix amb l&#8217;alcalde del municipi del Camp de T\u00faria, Robert Raga. Riba-roja t\u00e9 assignats 2.368.752 euros en el Pla Obert 23\/27, 419.792 m\u00e9s que en <a class=\"mh-excerpt-more\" href=\"https:\/\/www.tucomarca.com\/wordpress\/segunda\/ca\/mompo-i-raga-analitzen-com-evoluciona-la-reconstruccio-de-riba-roja-despres-de-la-dana\/\" title=\"Momp\u00f3 i Raga analitzen com evoluciona la reconstrucci\u00f3 de Riba-roja despr\u00e9s de la DANA\">[+] <\/a><\/div>\n","protected":false},"author":12,"featured_media":292489,"comment_status":"open","ping_status":"closed","sticky":false,"template":"","format":"standard","meta":{"footnotes":""},"categories":[10892,21466,10898,10948,10894,10903,10947,10906,10896,10897],"tags":[15409,11246,15024],"class_list":{"0":"post-292490","1":"post","2":"type-post","3":"status-publish","4":"format-standard","5":"has-post-thumbnail","7":"category-camp-de-turia-ca","8":"category-dana-ca","9":"category-ventana-ca","10":"category-infraestructuras-ca","11":"category-la-comarca-ca","12":"category-medio-ambiente-la-comarca-ca","13":"category-politica","14":"category-riba-roja-ca","15":"category-seccion-ca","16":"category-sucesos-la-comarca-ca","17":"tag-dana-2-ca","18":"tag-diputacio-de-valencia-ca","19":"tag-riba-roja-de-turia-ca"},"_links":{"self":[{"href":"https:\/\/www.tucomarca.com\/wordpress\/segunda\/ca\/wp-json\/wp\/v2\/posts\/292490","targetHints":{"allow":["GET"]}}],"collection":[{"href":"https:\/\/www.tucomarca.com\/wordpress\/segunda\/ca\/wp-json\/wp\/v2\/posts"}],"about":[{"href":"https:\/\/www.tucomarca.com\/wordpress\/segunda\/ca\/wp-json\/wp\/v2\/types\/post"}],"author":[{"embeddable":true,"href":"https:\/\/www.tucomarca.com\/wordpress\/segunda\/ca\/wp-json\/wp\/v2\/users\/12"}],"replies":[{"embeddable":true,"href":"https:\/\/www.tucomarca.com\/wordpress\/segunda\/ca\/wp-json\/wp\/v2\/comments?post=292490"}],"version-history":[{"count":0,"href":"https:\/\/www.tucomarca.com\/wordpress\/segunda\/ca\/wp-json\/wp\/v2\/posts\/292490\/revisions"}],"wp:featuredmedia":[{"embeddable":true,"href":"https:\/\/www.tucomarca.com\/wordpress\/segunda\/ca\/wp-json\/wp\/v2\/media\/292489"}],"wp:attachment":[{"href":"https:\/\/www.tucomarca.com\/wordpress\/segunda\/ca\/wp-json\/wp\/v2\/media?parent=292490"}],"wp:term":[{"taxonomy":"category","embeddable":true,"href":"https:\/\/www.tucomarca.com\/wordpress\/segunda\/ca\/wp-json\/wp\/v2\/categories?post=292490"},{"taxonomy":"post_tag","embeddable":true,"href":"https:\/\/www.tucomarca.com\/wordpress\/segunda\/ca\/wp-json\/wp\/v2\/tags?post=292490"}],"curies":[{"name":"wp","href":"https:\/\/api.w.org\/{rel}","templated":true}]}}