{"id":292504,"date":"2026-02-09T09:30:00","date_gmt":"2026-02-09T08:30:00","guid":{"rendered":"https:\/\/www.tucomarca.com\/wordpress\/segunda\/?p=292504"},"modified":"2026-02-09T19:53:46","modified_gmt":"2026-02-09T18:53:46","slug":"anecoop-bodegas-presenta-els-seus-ultims-llancaments-a-wine-paris","status":"publish","type":"post","link":"https:\/\/www.tucomarca.com\/wordpress\/segunda\/ca\/anecoop-bodegas-presenta-els-seus-ultims-llancaments-a-wine-paris\/","title":{"rendered":"Anecoop Bodegas presenta els seus \u00faltims llan\u00e7aments a Wine Paris"},"content":{"rendered":"\n<h3 class=\"wp-block-heading\">El seu estand projecta tradici\u00f3 i innovaci\u00f3, amb refer\u00e8ncies consolidades i noves propostes 0,0% alcohol.<\/h3>\n\n\n\n<h3 class=\"wp-block-heading\">La participaci\u00f3 en este certamen marca l\u2019inici del calendari firal internacional per a la promoci\u00f3 dels vins elaborats per les seues bodegues s\u00f2cies: Cooperativa La Vi\u00f1a (La Font de la Figuera), Bodegas Reymos (Cheste) i Bodegas San Mart\u00edn i Proyecto Unsi (San Mart\u00edn de Unx).<\/h3>\n\n\n\n<p>Anecoop Bodegas ja es troba a Fran\u00e7a per a participar, des de hui i fins a l\u201911 de febrer, en la setena edici\u00f3 de Wine Paris. Amb la seua pres\u00e8ncia en este certamen de refer\u00e8ncia, inicia el calendari internacional firal del sector en un exercici en qu\u00e8 ha desenvolupat un ambici\u00f3s pla de promoci\u00f3, que es refor\u00e7a i s\u2019amplia, per a avan\u00e7ar en el posicionament dels seus vins a escala global.<\/p>\n\n\n\n<p>Amb un espai expositiu propi, situat al Hall 6 \u2013 Stand K255, Anecoop Bodegas desplegar\u00e0 la qualitat i la diversitat dels vins elaborats per les seues bodegues s\u00f2cies: Cooperativa La Vi\u00f1a (La Font de la Figuera), Bodegas Reymos (Cheste) i Bodegas San Mart\u00edn i Proyecto Unsi (San Mart\u00edn de Unx).<\/p>\n\n\n\n<p>Despr\u00e9s de superar totes les expectatives en 2025, Wine Paris celebra la seua edici\u00f3 m\u00e9s ambiciosa. Reunir\u00e0 m\u00e9s de 6.000 expositors i, segons les estimacions, atraur\u00e0 m\u00e9s de 60.000 visitants professionals procedents de 155 mercats, xifres que assenyalen el potencial d\u2019este encontre i la seua capacitat per a connectar productors, distribu\u00efdors i compradors clau d\u2019arreu del m\u00f3n. En este gran aparador de tend\u00e8ncies, en el qual cada interacci\u00f3 pot traduir-se en noves oportunitats de negoci, Anecoop Bodegas ha tancat una intensa agenda de treball per a contactar amb nous clients i fidelitzar la seua cartera actual; un pla comercial que es complementa amb les accions de promoci\u00f3 desenvolupades pel seu equip des del seu estand.<\/p>\n\n\n\n<figure class=\"wp-block-image size-large\"><img loading=\"lazy\" decoding=\"async\" width=\"1024\" height=\"1024\" src=\"http:\/\/www.tucomarca.com\/wordpress\/segunda\/wp-content\/uploads\/2026\/02\/VidaVinaTendidayReymos00alcohol-1024x1024.jpg\" alt=\"\" class=\"wp-image-292501\" srcset=\"https:\/\/www.tucomarca.com\/wordpress\/segunda\/wp-content\/uploads\/2026\/02\/VidaVinaTendidayReymos00alcohol-1024x1024.jpg 1024w, https:\/\/www.tucomarca.com\/wordpress\/segunda\/wp-content\/uploads\/2026\/02\/VidaVinaTendidayReymos00alcohol-300x300.jpg 300w, https:\/\/www.tucomarca.com\/wordpress\/segunda\/wp-content\/uploads\/2026\/02\/VidaVinaTendidayReymos00alcohol-290x290.jpg 290w, https:\/\/www.tucomarca.com\/wordpress\/segunda\/wp-content\/uploads\/2026\/02\/VidaVinaTendidayReymos00alcohol-768x768.jpg 768w, https:\/\/www.tucomarca.com\/wordpress\/segunda\/wp-content\/uploads\/2026\/02\/VidaVinaTendidayReymos00alcohol.jpg 1528w\" sizes=\"auto, (max-width: 1024px) 100vw, 1024px\" \/><\/figure>\n\n\n\n<p><strong>Propostes amb identitat pr\u00f2pia i novetats 0,0% alcohol<\/strong><\/p>\n\n\n\n<p>Anecoop Bodegas projecta en este certamen la qualitat i la versatilitat de la seua oferta i la seua capacitat d\u2019adaptar-se a una demanda en constant evoluci\u00f3 gr\u00e0cies al seu comprom\u00eds amb la innovaci\u00f3 per a satisfer perfils que valoren la diferenciaci\u00f3 i l\u2019autenticitat, a m\u00e9s de respondre al significatiu canvi que viu el sector en el patr\u00f3 de consum cap a propostes 0,0% alcohol.<\/p>\n\n\n\n<p>Al seu estand estaran presents novetats singulars com <em>La Bandida Valenciana<\/em> (Cooperativa La Vi\u00f1a), junt amb altres com la gamma 0,0% alcohol de la fam\u00edlia <em>Juan de Juanes<\/em> o refer\u00e8ncies ja consolidades com <em>La Cova Negra<\/em>.<\/p>\n\n\n\n<p>Les fam\u00edlies <em>Reymos<\/em> i <em>Vida<\/em> (Bodegas Reymos) estaran presents a Wine Paris amb un especial protagonisme per a les seues propostes 0,0% alcohol, excel\u00b7lents opcions per a satisfer les noves prefer\u00e8ncies dels consumidors. Els vins navarresos estan representats per dues refer\u00e8ncies: <em>El Bestiario de Unx<\/em> blanc i <em>Txantxangorri<\/em>.<\/p>\n","protected":false},"excerpt":{"rendered":"<div class=\"mh-excerpt\">El seu estand projecta tradici\u00f3 i innovaci\u00f3, amb refer\u00e8ncies consolidades i noves propostes 0,0% alcohol. La participaci\u00f3 en este certamen marca l\u2019inici del calendari firal internacional per a la promoci\u00f3 dels vins elaborats per les <a class=\"mh-excerpt-more\" href=\"https:\/\/www.tucomarca.com\/wordpress\/segunda\/ca\/anecoop-bodegas-presenta-els-seus-ultims-llancaments-a-wine-paris\/\" title=\"Anecoop Bodegas presenta els seus \u00faltims llan\u00e7aments a Wine Paris\">[+] <\/a><\/div>\n","protected":false},"author":12,"featured_media":292499,"comment_status":"open","ping_status":"open","sticky":false,"template":"","format":"standard","meta":{"footnotes":""},"categories":[11006,10898,10894,10904,10912,11007,10896,10974],"tags":[14667,12655],"class_list":{"0":"post-292504","1":"post","2":"type-post","3":"status-publish","4":"format-standard","5":"has-post-thumbnail","7":"category-canal-vinos","8":"category-ventana-ca","9":"category-la-comarca-ca","10":"category-sin-categorizar-ca","11":"category-la-hoya-ca","12":"category-ocio-y-cultura-ca","13":"category-seccion-ca","14":"category-cheste-ca","15":"tag-anecoop-bodegas-ca","16":"tag-bodegas-reymos-ca"},"_links":{"self":[{"href":"https:\/\/www.tucomarca.com\/wordpress\/segunda\/ca\/wp-json\/wp\/v2\/posts\/292504","targetHints":{"allow":["GET"]}}],"collection":[{"href":"https:\/\/www.tucomarca.com\/wordpress\/segunda\/ca\/wp-json\/wp\/v2\/posts"}],"about":[{"href":"https:\/\/www.tucomarca.com\/wordpress\/segunda\/ca\/wp-json\/wp\/v2\/types\/post"}],"author":[{"embeddable":true,"href":"https:\/\/www.tucomarca.com\/wordpress\/segunda\/ca\/wp-json\/wp\/v2\/users\/12"}],"replies":[{"embeddable":true,"href":"https:\/\/www.tucomarca.com\/wordpress\/segunda\/ca\/wp-json\/wp\/v2\/comments?post=292504"}],"version-history":[{"count":0,"href":"https:\/\/www.tucomarca.com\/wordpress\/segunda\/ca\/wp-json\/wp\/v2\/posts\/292504\/revisions"}],"wp:featuredmedia":[{"embeddable":true,"href":"https:\/\/www.tucomarca.com\/wordpress\/segunda\/ca\/wp-json\/wp\/v2\/media\/292499"}],"wp:attachment":[{"href":"https:\/\/www.tucomarca.com\/wordpress\/segunda\/ca\/wp-json\/wp\/v2\/media?parent=292504"}],"wp:term":[{"taxonomy":"category","embeddable":true,"href":"https:\/\/www.tucomarca.com\/wordpress\/segunda\/ca\/wp-json\/wp\/v2\/categories?post=292504"},{"taxonomy":"post_tag","embeddable":true,"href":"https:\/\/www.tucomarca.com\/wordpress\/segunda\/ca\/wp-json\/wp\/v2\/tags?post=292504"}],"curies":[{"name":"wp","href":"https:\/\/api.w.org\/{rel}","templated":true}]}}