{"id":292580,"date":"2026-02-09T09:05:00","date_gmt":"2026-02-09T08:05:00","guid":{"rendered":"https:\/\/www.tucomarca.com\/wordpress\/segunda\/?p=292580"},"modified":"2026-02-25T13:38:20","modified_gmt":"2026-02-25T12:38:20","slug":"la-comunitat-educativa-de-bunyol-demana-al-consistori-la-recuperacio-de-la-qualitat-del-servei-de-la-biblioteca-municipal","status":"publish","type":"post","link":"https:\/\/www.tucomarca.com\/wordpress\/segunda\/ca\/la-comunitat-educativa-de-bunyol-demana-al-consistori-la-recuperacio-de-la-qualitat-del-servei-de-la-biblioteca-municipal\/","title":{"rendered":"La comunitat educativa de Bunyol demana al consistori &#8220;la recuperaci\u00f3 de la qualitat del servei&#8221; de la biblioteca municipal"},"content":{"rendered":"\n<h3 class=\"wp-block-heading\">Amb el lema &#8220;Recuperem la bioblioteca de sempre&#8221; la comunitat educativa de Bunyol ha em\u00e9s una petici\u00f3 a la corporaci\u00f3 municipal on es demana &#8220;la total qualitat del servei de la Biblioteca Municipal&#8221;.<\/h3>\n\n\n\n<p>&#8220;Com a representants de la Comunitat Educativa de Bunyol, professorat, alumnat i fam\u00edlies de tots els Centres Educatius, ens dirigim a la Corporaci\u00f3 Municipal perqu\u00e8 estem profundament preocupats per la situaci\u00f3 que travessa la Biblioteca Municipal de Bunyol, especialment des de fa ja mig any, per\u00f2 en general des de fa ja un temps. La qualitat del Servei s&#8217;ha vist molt afectada recentment per una gradual retallada en personal i un manifest aband\u00f3 tant de les instal\u00b7lacions com de la inversi\u00f3 i renovaci\u00f3 de l&#8217;equipament d&#8217;aquestes. I tenim const\u00e0ncia que aix\u00f2 \u00faltim no ha sigut per falta de pressupost&#8221;, tal com han fet constar en un comunicat.<\/p>\n\n\n\n<p>Un comunicat que est\u00e0 signat pel Claustre de Professors\/as del CEIP Cervantes, Claustre de Professors\/as del CEIP Sant Llu\u00eds, Claustre de Professors\/as del Col\u00b7legi Sagrada Fam\u00edlia-Talaia de, Bunyol Claustre de Professors\/as de l&#8217;IES La Foia de Bunyol, Claustre de Professors\/as del, Conservatori Professional de Bunyol, AFA del CEIP Cervantes, AFA del CEIP Sant Llu\u00eds, AFA del Col\u00b7legi, Sagrada Fam\u00edlia-Talaia, AFA del Conservatori Professional de Bunyol.<\/p>\n\n\n\n<p>&#8220;La import\u00e0ncia de mantindre al nostre poble una Biblioteca p\u00fablica com la que fins fa no molts anys gaud\u00edem, \u00e9s vital per al futur del mateix i de les seues gents. \u00c9s incomptable l&#8217;alumnat de tots els Centres educatius no sols de Bunyol, sin\u00f3 de la resta de pobles de la comarca, que han passat i passen per all\u00ed buscant un lloc idoni per a l&#8217;estudi, la consulta i el lliure acc\u00e9s a la cultura. I en els \u00faltims mesos, eixe acc\u00e9s ha sigut restringit sensiblement per la retallada en el personal, fins a deixar a una sola persona a c\u00e0rrec de tot un Servei com el de la Biblioteca, la qual cosa ha provocat situacions totalment inaudites com el cessament de prestaci\u00f3 total d&#8217;un servei p\u00fablic quan l&#8217;\u00fanica persona que ha quedat a c\u00e0rrec cau malalta, t\u00e9 vacances o simplement s&#8217;agafa algun dia de lliure disposici\u00f3. Una anomalia in\u00e8dita que no es dona mai en cap altre servei p\u00fablic que ofereix l&#8217;Ajuntament de Bunyol. No ens cabria al cap que el Servei de la Brigada Municipal deixara de realitzar les seues funcions per no tindre operaris, que el Centre Ocupacional tancara les seues portes per no tindre suficients treballadores disponibles o que no es realitzara el servei de neteja de les instal\u00b7lacions municipals per no haver contractat el personal necessari&#8221;.<\/p>\n\n\n\n<p>&#8220;Fins fa ben poc, la Biblioteca Municipal de Bunyol, ha sigut l&#8217;actiu m\u00e9s important per a la difusi\u00f3 de la cultura i el coneixement -podr\u00edem afirmar- en gran part de la comarca, amb una activitat sociocultural i art\u00edstica paral\u00b7lela molt nombrosa i variada realitzada quasi sempre a la Sala Raga, contigua a la Biblioteca. En la situaci\u00f3 actual tan prec\u00e0ria i incerta en qu\u00e8 ha quedat la Biblioteca no es pot garantir ni el manteniment d&#8217;eixes activitats ni per descomptat l&#8217;acc\u00e9s normal i regular de les persones usu\u00e0ries habituals o espor\u00e0diques del servei de pr\u00e9stec i consulta de llibres i altres serveis. \u00c9s necessari recuperar la qualitat i la dignitat del Servei garantint l&#8217;acc\u00e9s a aquest, sense risc de trobar-se la Biblioteca tancada \u201cper falta de personal\u201d. Seria un error imperdonable continuar mantenint aquesta situaci\u00f3 una setmana m\u00e9s&#8221;.<\/p>\n\n\n\n<p>&#8220;Apel\u00b7lem a m\u00e9s, a la sensibilitat de la Sra Alcaldessa de Bunyol, l&#8217;activitat professional lligada de la qual a l&#8217;ensenyament li permet con\u00e9ixer de primera m\u00e0 la import\u00e0ncia de cuidar i respectar un servei tan essencial com les Biblioteques per al correcte desenvolupament acad\u00e8mic i personal dels m\u00e9s joves. \u00c9s vital que recuperem la nostra Biblioteca. La de totes&#8221;.<\/p>\n\n\n\n<p>Aix\u00ed doncs, i per tot l&#8217;exposat anteriorment, sol\u00b7liciten a l&#8217;Ajuntament: &#8220;que es realitze una convocat\u00f2ria p\u00fablica de Borsa de Treball per a cobrir dos llocs que s\u00f3n necessaris a la Biblioteca Municipal de Bunyol i d&#8217;aquesta manera prestar el Servei de manera ininterrompuda. A m\u00e9s, i tal com reflecteix la Llei, en menys de tres anys, eixos llocs haurien de Convocar-se, b\u00e9 per a Personal Laboral fix, b\u00e9 per a funcionari de Carrera per a consolidar eixes places i garantir per molts anys el correcte funcionament del servei&#8221;.<\/p>\n\n\n\n<p>Tamb\u00e9 demanen que, &#8220;mentre dure el proc\u00e9s de la convocat\u00f2ria de Borsa de Treball i el seu proc\u00e9s de selecci\u00f3 (Oposici\u00f3 o concurs de m\u00e8rits) i l&#8217;admissi\u00f3 i nomenament de les noves contractacions, s&#8217;utilitze la Borsa de Treball antiga, per\u00f2 vigent, de la qual s&#8217;ha anat tirant m\u00e0 en els \u00faltims anys per a cobrir els llocs de treball que estan pressupostats i que ara han desaparegut. Que d&#8217;una vegada per sempre se substitu\u00efsquen els equips inform\u00e0tics que porten sol\u00b7licitant-se des de fa molt temps i que han quedat totalment obsolets, desactualizados i que impedeixen el correcte acc\u00e9s per a realitzar els innombrables tr\u00e0mits i gestions telem\u00e0tiques que hui necessita realitzar la poblaci\u00f3 que no disposa a casa d&#8217;un servei d&#8217;Internet&#8221;.<\/p>\n\n\n\n<p>&#8220;Que es facen les tasques de millora, reparaci\u00f3 i\/o substituci\u00f3 de les instal\u00b7lacions i infraestructures que han patit desperfectes pel pas del temps. En aquest sentit, \u00e9s absolutament prioritari que s&#8217;arreglen les goteres i humitats que es porten produint des de fa ja molt temps a la Sala Infantil i que s\u00f3n clarament visibles i impr\u00f2pies d&#8217;una Biblioteca. Que es compren prestatgeries addicionals per a realitzar una reestructuraci\u00f3 de l&#8217;espai i distribuci\u00f3 dels llibres, fet i fet, el millor patrimoni que tenim a la biblioteca&#8221;.<\/p>\n\n\n\n<p>Des de la Comunitat Educativa de Bunyol creuen &#8220;fermament que no s\u00f3n demandes inassumibles per part del govern de l&#8217;Ajuntament de Bunyol, la tasca del qual ha de ser mantindre i garantir la prestaci\u00f3 correcta dels Serveis P\u00fablics que ofereix, posant especial \u00e8mfasi en aquells, com la Biblioteca Municipal, que generen un valor afegit com \u00e9s la difusi\u00f3 i l&#8217;acc\u00e9s universal a la Cultura i al Coneixement. Un patrimoni que ha d&#8217;estar a l&#8217;abast de tots i totes per a avan\u00e7ar com a societat. Esperem que la nostra preocupaci\u00f3 i la de la resta de la poblaci\u00f3 del nostre poble per l&#8217;estat actual de la Biblioteca siga tinguda en compte per l&#8217;actual govern de Bunyol, i es realitzen les actuacions pertinents per a recuperar la dignitat d&#8217;un Servei P\u00fablic que ara com ara es troba abandonat a la seua sort&#8221;.<\/p>\n","protected":false},"excerpt":{"rendered":"<div class=\"mh-excerpt\">Amb el lema &#8220;Recuperem la bioblioteca de sempre&#8221; la comunitat educativa de Bunyol ha em\u00e9s una petici\u00f3 a la corporaci\u00f3 municipal on es demana &#8220;la total qualitat del servei de la Biblioteca Municipal&#8221;. &#8220;Com a <a class=\"mh-excerpt-more\" href=\"https:\/\/www.tucomarca.com\/wordpress\/segunda\/ca\/la-comunitat-educativa-de-bunyol-demana-al-consistori-la-recuperacio-de-la-qualitat-del-servei-de-la-biblioteca-municipal\/\" title=\"La comunitat educativa de Bunyol demana al consistori &#8220;la recuperaci\u00f3 de la qualitat del servei&#8221; de la biblioteca municipal\">[+] <\/a><\/div>\n","protected":false},"author":12,"featured_media":144811,"comment_status":"open","ping_status":"open","sticky":false,"template":"","format":"standard","meta":{"footnotes":""},"categories":[10911,10894,10912,11007,10896],"tags":[10913,10914],"class_list":{"0":"post-292580","1":"post","2":"type-post","3":"status-publish","4":"format-standard","5":"has-post-thumbnail","7":"category-bunol-ca","8":"category-la-comarca-ca","9":"category-la-hoya-ca","10":"category-ocio-y-cultura-ca","11":"category-seccion-ca","12":"tag-bunol-ca","13":"tag-la-hoya-de-bunol-chiva-ca"},"_links":{"self":[{"href":"https:\/\/www.tucomarca.com\/wordpress\/segunda\/ca\/wp-json\/wp\/v2\/posts\/292580","targetHints":{"allow":["GET"]}}],"collection":[{"href":"https:\/\/www.tucomarca.com\/wordpress\/segunda\/ca\/wp-json\/wp\/v2\/posts"}],"about":[{"href":"https:\/\/www.tucomarca.com\/wordpress\/segunda\/ca\/wp-json\/wp\/v2\/types\/post"}],"author":[{"embeddable":true,"href":"https:\/\/www.tucomarca.com\/wordpress\/segunda\/ca\/wp-json\/wp\/v2\/users\/12"}],"replies":[{"embeddable":true,"href":"https:\/\/www.tucomarca.com\/wordpress\/segunda\/ca\/wp-json\/wp\/v2\/comments?post=292580"}],"version-history":[{"count":0,"href":"https:\/\/www.tucomarca.com\/wordpress\/segunda\/ca\/wp-json\/wp\/v2\/posts\/292580\/revisions"}],"wp:featuredmedia":[{"embeddable":true,"href":"https:\/\/www.tucomarca.com\/wordpress\/segunda\/ca\/wp-json\/wp\/v2\/media\/144811"}],"wp:attachment":[{"href":"https:\/\/www.tucomarca.com\/wordpress\/segunda\/ca\/wp-json\/wp\/v2\/media?parent=292580"}],"wp:term":[{"taxonomy":"category","embeddable":true,"href":"https:\/\/www.tucomarca.com\/wordpress\/segunda\/ca\/wp-json\/wp\/v2\/categories?post=292580"},{"taxonomy":"post_tag","embeddable":true,"href":"https:\/\/www.tucomarca.com\/wordpress\/segunda\/ca\/wp-json\/wp\/v2\/tags?post=292580"}],"curies":[{"name":"wp","href":"https:\/\/api.w.org\/{rel}","templated":true}]}}