{"id":292609,"date":"2026-02-10T12:00:00","date_gmt":"2026-02-10T11:00:00","guid":{"rendered":"https:\/\/www.tucomarca.com\/wordpress\/segunda\/?p=292609"},"modified":"2026-02-25T13:44:27","modified_gmt":"2026-02-25T12:44:27","slug":"la-guardia-civil-dete-a-dos-homes-per-robar-alumini-en-una-empresa-de-xiva","status":"publish","type":"post","link":"https:\/\/www.tucomarca.com\/wordpress\/segunda\/ca\/la-guardia-civil-dete-a-dos-homes-per-robar-alumini-en-una-empresa-de-xiva\/","title":{"rendered":"La Gu\u00e0rdia Civil det\u00e9 a dos homes per robar alumini en una empresa de Xiva"},"content":{"rendered":"\n<h3 class=\"wp-block-heading\">El total del material sostret ascendeix a 4.500 euros i els fets es van cometre amb 19 dies de difer\u00e8ncia.<\/h3>\n\n\n\n<p>La Gu\u00e0rdia Civil ha detingut a dos homes com a responsables de sengles delictes de robatori amb for\u00e7a en una nau industrial de Xiva.<\/p>\n\n\n\n<p>La investigaci\u00f3 es va iniciar despr\u00e9s de la den\u00fancia de dos robatoris amb for\u00e7a comesos en les instal\u00b7lacions d&#8217;una empresa de la localitat de Xiva. Els fets van tindre lloc el 21 de setembre i el 10 d&#8217;octubre de 2025 i van ser sostretes cinc saques d&#8217;alumini de 700 kg cadascuna, amb un valor aproximat 4.500\u20ac.<\/p>\n\n\n\n<p>El modus operandi usats pels autors consistia a accedir a la nau mitjan\u00e7ant escalament i, posteriorment, for\u00e7ar la porta, aprofitant zones sense cobertura de c\u00e0meres de seguretat. Una vegada a l&#8217;interior, obrien completament els accessos per a introduir un cami\u00f3 i carregar el material sostret.<\/p>\n\n\n\n<p>Les perquisicions, que van incloure l&#8217;an\u00e0lisi dels vehicles implicats i el visionat de cambres, al costat dels testimoniatges dels testimonis, van permetre la identificaci\u00f3 de dues persones. Tots dos actuaven de manera coordinada en la comissi\u00f3 dels robatoris.<\/p>\n\n\n\n<p>Per aquests fets han sigut detinguts dos homes de nacionalitat espanyola de 30 i 43 anys com a autors de dos delictes de robatori amb for\u00e7a en les coses.<\/p>\n\n\n\n<p>La investigaci\u00f3 ha sigut duta a terme per agents del Lloc Principal de Xiva. Les dilig\u00e8ncies van ser entregades en el Jutjat de Primera Inst\u00e0ncia i Instrucci\u00f3 n\u00famero 1 de Requena.<\/p>\n","protected":false},"excerpt":{"rendered":"<div class=\"mh-excerpt\">El total del material sostret ascendeix a 4.500 euros i els fets es van cometre amb 19 dies de difer\u00e8ncia. La Gu\u00e0rdia Civil ha detingut a dos homes com a responsables de sengles delictes de <a class=\"mh-excerpt-more\" href=\"https:\/\/www.tucomarca.com\/wordpress\/segunda\/ca\/la-guardia-civil-dete-a-dos-homes-per-robar-alumini-en-una-empresa-de-xiva\/\" title=\"La Gu\u00e0rdia Civil det\u00e9 a dos homes per robar alumini en una empresa de Xiva\">[+] <\/a><\/div>\n","protected":false},"author":12,"featured_media":169663,"comment_status":"open","ping_status":"open","sticky":false,"template":"","format":"standard","meta":{"footnotes":""},"categories":[10898,10894,10912,10896,10897,10975],"tags":[13582,10914,12611],"class_list":{"0":"post-292609","1":"post","2":"type-post","3":"status-publish","4":"format-standard","5":"has-post-thumbnail","7":"category-ventana-ca","8":"category-la-comarca-ca","9":"category-la-hoya-ca","10":"category-seccion-ca","11":"category-sucesos-la-comarca-ca","12":"category-chiva-ca","13":"tag-guardia-civil-de-chiva-ca","14":"tag-la-hoya-de-bunol-chiva-ca","15":"tag-robo-ca"},"_links":{"self":[{"href":"https:\/\/www.tucomarca.com\/wordpress\/segunda\/ca\/wp-json\/wp\/v2\/posts\/292609","targetHints":{"allow":["GET"]}}],"collection":[{"href":"https:\/\/www.tucomarca.com\/wordpress\/segunda\/ca\/wp-json\/wp\/v2\/posts"}],"about":[{"href":"https:\/\/www.tucomarca.com\/wordpress\/segunda\/ca\/wp-json\/wp\/v2\/types\/post"}],"author":[{"embeddable":true,"href":"https:\/\/www.tucomarca.com\/wordpress\/segunda\/ca\/wp-json\/wp\/v2\/users\/12"}],"replies":[{"embeddable":true,"href":"https:\/\/www.tucomarca.com\/wordpress\/segunda\/ca\/wp-json\/wp\/v2\/comments?post=292609"}],"version-history":[{"count":0,"href":"https:\/\/www.tucomarca.com\/wordpress\/segunda\/ca\/wp-json\/wp\/v2\/posts\/292609\/revisions"}],"wp:featuredmedia":[{"embeddable":true,"href":"https:\/\/www.tucomarca.com\/wordpress\/segunda\/ca\/wp-json\/wp\/v2\/media\/169663"}],"wp:attachment":[{"href":"https:\/\/www.tucomarca.com\/wordpress\/segunda\/ca\/wp-json\/wp\/v2\/media?parent=292609"}],"wp:term":[{"taxonomy":"category","embeddable":true,"href":"https:\/\/www.tucomarca.com\/wordpress\/segunda\/ca\/wp-json\/wp\/v2\/categories?post=292609"},{"taxonomy":"post_tag","embeddable":true,"href":"https:\/\/www.tucomarca.com\/wordpress\/segunda\/ca\/wp-json\/wp\/v2\/tags?post=292609"}],"curies":[{"name":"wp","href":"https:\/\/api.w.org\/{rel}","templated":true}]}}