{"id":292631,"date":"2026-02-10T09:45:00","date_gmt":"2026-02-10T08:45:00","guid":{"rendered":"https:\/\/www.tucomarca.com\/wordpress\/segunda\/?p=292631"},"modified":"2026-02-10T14:37:02","modified_gmt":"2026-02-10T13:37:02","slug":"el-ple-de-lajuntament-de-xest-valguda-per-unanimitat-lultim-pas-per-a-lentrada-en-vigor-del-nou-pla-general-estructural","status":"publish","type":"post","link":"https:\/\/www.tucomarca.com\/wordpress\/segunda\/ca\/el-ple-de-lajuntament-de-xest-valguda-per-unanimitat-lultim-pas-per-a-lentrada-en-vigor-del-nou-pla-general-estructural\/","title":{"rendered":"El Ple de l&#8217;Ajuntament de Xest valguda per unanimitat l&#8217;\u00faltim pas per a l&#8217;entrada en vigor del nou Pla General Estructural"},"content":{"rendered":"\n<p>El Pla General Estructural d&#8217;ordenaci\u00f3 urbana s&#8217;acosta a la seua entrada en vigor. El ple extraordinari celebrat aquest dijous 5 de febrer va votar per unanimitat l&#8217;aprovaci\u00f3 de la redacci\u00f3 definitiva del Pla, pas necessari despr\u00e9s de la validaci\u00f3 el mes de desembre passat per part de la Comissi\u00f3 Territorial d&#8217;Urbanisme, que faig uns canvis puntuals que havien de ser referendats per la Corporaci\u00f3.<\/p>\n\n\n\n<p>En concret, i tal com va explicar l&#8217;alcalde de Xest i responsable d&#8217;urbanisme en el consistori, Jos\u00e9 Morell, se susp\u00e9n l&#8217;edificabilitat en una zona annexa al circuit pel potencial risc d&#8217;inundaci\u00f3, despr\u00e9s de la realitzaci\u00f3 de la cartografia posterior a la dana. Tamb\u00e9 s&#8217;incorpora un informe del Ministeri de Foment que obliga, en cas de nous desenvolupaments en el terme municipal, a efectuar les intervencions necess\u00e0ries per a no afectar el tr\u00e0nsit en l&#8217;A3, tal com s&#8217;est\u00e0 sol\u00b7licitant a altres poblacions de l&#8217;entorn. Hi ha altres modificacions menors relacionades amb l&#8217;actualitzaci\u00f3 de nomenclatura.<\/p>\n\n\n\n<p>Per a Morell \u201caquest document ha sigut molt participat, i \u00e9s d&#8217;agrair que sempre, des de l&#8217;inici de la creaci\u00f3 del Pla, que sempre hi haja hagut unanimitat en el ple, cosa que significa que es comparteix una visi\u00f3 comuna del futur del nostre poble per a les pr\u00f2ximes dues d\u00e8cades, com a base de la gesti\u00f3 dels desenvolupaments urban\u00edstics de Xest\u201d. L&#8217;alcalde va subratllar que \u201caquest pla \u00e9s el full de ruta del creixement del nostre poble i la base per a fer-lo de forma ordenada i amb tots els serveis necessaris\u201d.<\/p>\n\n\n\n<figure class=\"wp-block-gallery has-nested-images columns-default is-cropped wp-block-gallery-1 is-layout-flex wp-block-gallery-is-layout-flex\">\n<figure class=\"wp-block-image size-large\"><img loading=\"lazy\" decoding=\"async\" width=\"1024\" height=\"682\" data-id=\"292624\" src=\"https:\/\/www.tucomarca.com\/wordpress\/segunda\/wp-content\/uploads\/2026\/02\/Chestepleno_050226_02-1024x682.jpg\" alt=\"\" class=\"wp-image-292624\" srcset=\"https:\/\/www.tucomarca.com\/wordpress\/segunda\/wp-content\/uploads\/2026\/02\/Chestepleno_050226_02-1024x682.jpg 1024w, https:\/\/www.tucomarca.com\/wordpress\/segunda\/wp-content\/uploads\/2026\/02\/Chestepleno_050226_02-300x200.jpg 300w, https:\/\/www.tucomarca.com\/wordpress\/segunda\/wp-content\/uploads\/2026\/02\/Chestepleno_050226_02-768x511.jpg 768w, https:\/\/www.tucomarca.com\/wordpress\/segunda\/wp-content\/uploads\/2026\/02\/Chestepleno_050226_02-1536x1023.jpg 1536w, https:\/\/www.tucomarca.com\/wordpress\/segunda\/wp-content\/uploads\/2026\/02\/Chestepleno_050226_02-2048x1364.jpg 2048w\" sizes=\"auto, (max-width: 1024px) 100vw, 1024px\" \/><\/figure>\n\n\n\n<figure class=\"wp-block-image size-large\"><img loading=\"lazy\" decoding=\"async\" width=\"1024\" height=\"682\" data-id=\"292628\" src=\"https:\/\/www.tucomarca.com\/wordpress\/segunda\/wp-content\/uploads\/2026\/02\/Chestepleno_050226_03-1024x682.jpg\" alt=\"\" class=\"wp-image-292628\" srcset=\"https:\/\/www.tucomarca.com\/wordpress\/segunda\/wp-content\/uploads\/2026\/02\/Chestepleno_050226_03-1024x682.jpg 1024w, https:\/\/www.tucomarca.com\/wordpress\/segunda\/wp-content\/uploads\/2026\/02\/Chestepleno_050226_03-300x200.jpg 300w, https:\/\/www.tucomarca.com\/wordpress\/segunda\/wp-content\/uploads\/2026\/02\/Chestepleno_050226_03-768x511.jpg 768w, https:\/\/www.tucomarca.com\/wordpress\/segunda\/wp-content\/uploads\/2026\/02\/Chestepleno_050226_03-1536x1023.jpg 1536w, https:\/\/www.tucomarca.com\/wordpress\/segunda\/wp-content\/uploads\/2026\/02\/Chestepleno_050226_03-2048x1364.jpg 2048w\" sizes=\"auto, (max-width: 1024px) 100vw, 1024px\" \/><\/figure>\n<\/figure>\n\n\n\n<p>La primera tinenta d&#8217;alcalde, M\u00aa \u00c1ngeles Llorente, va recalcar la import\u00e0ncia de la votaci\u00f3 perqu\u00e8 \u201cmarca el mapa de la poblaci\u00f3, marcant l\u00edmits i ordenant el territori, donant seguretat jur\u00eddica als ve\u00efns, a les empreses i al mateix ajuntament\u201d.<\/p>\n\n\n\n<p>L&#8217;aprovaci\u00f3, que culmina un proc\u00e9s de lustres de tramitaci\u00f3 i consens pol\u00edtic, estableix tres eixos fonamentals per al futur de Xest: l&#8217;impuls a l&#8217;habitatge, el foment del desenvolupament industrial i la preservaci\u00f3 mediambiental, amb un enfocament especial en l&#8217;adaptaci\u00f3 a les conseq\u00fc\u00e8ncies del canvi clim\u00e0tic.<\/p>\n\n\n\n<p>Despr\u00e9s de la seua aprovaci\u00f3 un\u00e0nime en ple, el pla ser\u00e0 publicat en diaris oficials i culminar\u00e0 la seua tramitaci\u00f3.<\/p>\n","protected":false},"excerpt":{"rendered":"<div class=\"mh-excerpt\">El Pla General Estructural d&#8217;ordenaci\u00f3 urbana s&#8217;acosta a la seua entrada en vigor. El ple extraordinari celebrat aquest dijous 5 de febrer va votar per unanimitat l&#8217;aprovaci\u00f3 de la redacci\u00f3 definitiva del Pla, pas necessari <a class=\"mh-excerpt-more\" href=\"https:\/\/www.tucomarca.com\/wordpress\/segunda\/ca\/el-ple-de-lajuntament-de-xest-valguda-per-unanimitat-lultim-pas-per-a-lentrada-en-vigor-del-nou-pla-general-estructural\/\" title=\"El Ple de l&#8217;Ajuntament de Xest valguda per unanimitat l&#8217;\u00faltim pas per a l&#8217;entrada en vigor del nou Pla General Estructural\">[+] <\/a><\/div>\n","protected":false},"author":12,"featured_media":292627,"comment_status":"open","ping_status":"open","sticky":false,"template":"","format":"standard","meta":{"footnotes":""},"categories":[10911,10948,10894,10912,10947,10896],"tags":[11071,10914,23588],"class_list":{"0":"post-292631","1":"post","2":"type-post","3":"status-publish","4":"format-standard","5":"has-post-thumbnail","7":"category-bunol-ca","8":"category-infraestructuras-ca","9":"category-la-comarca-ca","10":"category-la-hoya-ca","11":"category-politica","12":"category-seccion-ca","13":"tag-cheste","14":"tag-la-hoya-de-bunol-chiva-ca","15":"tag-plan-general-estructural-ca"},"_links":{"self":[{"href":"https:\/\/www.tucomarca.com\/wordpress\/segunda\/ca\/wp-json\/wp\/v2\/posts\/292631","targetHints":{"allow":["GET"]}}],"collection":[{"href":"https:\/\/www.tucomarca.com\/wordpress\/segunda\/ca\/wp-json\/wp\/v2\/posts"}],"about":[{"href":"https:\/\/www.tucomarca.com\/wordpress\/segunda\/ca\/wp-json\/wp\/v2\/types\/post"}],"author":[{"embeddable":true,"href":"https:\/\/www.tucomarca.com\/wordpress\/segunda\/ca\/wp-json\/wp\/v2\/users\/12"}],"replies":[{"embeddable":true,"href":"https:\/\/www.tucomarca.com\/wordpress\/segunda\/ca\/wp-json\/wp\/v2\/comments?post=292631"}],"version-history":[{"count":0,"href":"https:\/\/www.tucomarca.com\/wordpress\/segunda\/ca\/wp-json\/wp\/v2\/posts\/292631\/revisions"}],"wp:featuredmedia":[{"embeddable":true,"href":"https:\/\/www.tucomarca.com\/wordpress\/segunda\/ca\/wp-json\/wp\/v2\/media\/292627"}],"wp:attachment":[{"href":"https:\/\/www.tucomarca.com\/wordpress\/segunda\/ca\/wp-json\/wp\/v2\/media?parent=292631"}],"wp:term":[{"taxonomy":"category","embeddable":true,"href":"https:\/\/www.tucomarca.com\/wordpress\/segunda\/ca\/wp-json\/wp\/v2\/categories?post=292631"},{"taxonomy":"post_tag","embeddable":true,"href":"https:\/\/www.tucomarca.com\/wordpress\/segunda\/ca\/wp-json\/wp\/v2\/tags?post=292631"}],"curies":[{"name":"wp","href":"https:\/\/api.w.org\/{rel}","templated":true}]}}