{"id":292700,"date":"2026-02-10T08:00:00","date_gmt":"2026-02-10T07:00:00","guid":{"rendered":"https:\/\/www.tucomarca.com\/wordpress\/segunda\/?p=292700"},"modified":"2026-02-25T13:49:37","modified_gmt":"2026-02-25T12:49:37","slug":"el-psoe-se-suma-a-les-reivindicacions-de-la-comunitat-educativa-sobre-la-biblioteca-municipal-de-bunyol","status":"publish","type":"post","link":"https:\/\/www.tucomarca.com\/wordpress\/segunda\/ca\/el-psoe-se-suma-a-les-reivindicacions-de-la-comunitat-educativa-sobre-la-biblioteca-municipal-de-bunyol\/","title":{"rendered":"El PSOE se suma a les reivindicacions de la comunitat educativa sobre la biblioteca municipal de Bunyol"},"content":{"rendered":"\n<p>El PSOE de Bunyol ha expressat p\u00fablicament el seu &#8220;total suport a la comunitat educativa del municipi, que ha fet un pas valent denunciant la deterioraci\u00f3 greu de la Biblioteca Municipal i la falta d&#8217;atenci\u00f3 del govern local de PP i X Bunyol cap a un servei p\u00fablic essencial&#8221;, segons han manifestat.<\/p>\n\n\n\n<p>&#8220;El comunicat signat per tot el professorat, alumnat i fam\u00edlies dels centres educatius de Bunyol descriu una situaci\u00f3 que venim advertint des de fa temps:&nbsp;retallades de personal, tancaments continuats, instal\u00b7lacions deteriorades, goteres a la sala infantil, equips inform\u00e0tics obsolets i una abs\u00e8ncia total de projecte cultural&#8221;, tal com mantenen des del PSOE.<\/p>\n\n\n\n<p>Els socialistes recorden que la biblioteca actual \u00e9s &#8220;fruit de l&#8217;aposta dels anteriors governs d&#8217;esquerres, que&nbsp;van rehabilitar el Molino Gal\u00e0 i van traslladar all\u00ed el servei, convertint-lo en un referent cultural per a tota la comarca&#8221;. El portaveu del PSOE, Aurelio Palmer, ha subratllat que Bunyol \u00e9s &#8220;un municipi que sempre ha destacat per la seua vida cultural i educativa, i no pot permetre&#8217;s aquest retroc\u00e9s fruit de la des\u00eddia del govern actual&#8221;.<\/p>\n\n\n\n<p>&#8220;L&#8217;actitud de l&#8217;equip de govern cap a la comunitat educativa ja va quedar patent en l&#8217;\u00faltim ple, quan el PSOE va presentar una moci\u00f3 per a&nbsp;retirar els contenidors d&#8217;escombraries situats a la porta del CEIP Sant Llu\u00eds, una demanda leg\u00edtima de fam\u00edlies i professorat. Lluny de mostrar sensibilitat o voluntat de soluci\u00f3,&nbsp;el regidor responsable va arribar fins i tot a molestar-se, en lloc d&#8217;assumir la responsabilitat de resoldre un problema evident. Una reacci\u00f3 que evidencia la&nbsp;falta d&#8217;escolta, empatia i comprom\u00eds&nbsp;del govern de PP i X Bunyol amb les necessitats dels menors i dels centres educatius del municipi&#8221;, han afegit els socialistes.<\/p>\n\n\n\n<p>El PSOE de Bunyol exigeix al govern del PP i X Bunyol &#8220;que deixe de perdre el temps i actue ja: que recupere el personal necessari, repare les instal\u00b7lacions, renove els equips i retorne a la Biblioteca Municipal la dignitat i el servei que Bunyol mereix&#8221;.<\/p>\n","protected":false},"excerpt":{"rendered":"<div class=\"mh-excerpt\">El PSOE de Bunyol ha expressat p\u00fablicament el seu &#8220;total suport a la comunitat educativa del municipi, que ha fet un pas valent denunciant la deterioraci\u00f3 greu de la Biblioteca Municipal i la falta d&#8217;atenci\u00f3 <a class=\"mh-excerpt-more\" href=\"https:\/\/www.tucomarca.com\/wordpress\/segunda\/ca\/el-psoe-se-suma-a-les-reivindicacions-de-la-comunitat-educativa-sobre-la-biblioteca-municipal-de-bunyol\/\" title=\"El PSOE se suma a les reivindicacions de la comunitat educativa sobre la biblioteca municipal de Bunyol\">[+] <\/a><\/div>\n","protected":false},"author":12,"featured_media":292684,"comment_status":"open","ping_status":"open","sticky":false,"template":"","format":"standard","meta":{"footnotes":""},"categories":[10911,10948,10894,10912,10947,10896],"tags":[10913,10914,11319],"class_list":{"0":"post-292700","1":"post","2":"type-post","3":"status-publish","4":"format-standard","5":"has-post-thumbnail","7":"category-bunol-ca","8":"category-infraestructuras-ca","9":"category-la-comarca-ca","10":"category-la-hoya-ca","11":"category-politica","12":"category-seccion-ca","13":"tag-bunol-ca","14":"tag-la-hoya-de-bunol-chiva-ca","15":"tag-pspv-psoe-ca"},"_links":{"self":[{"href":"https:\/\/www.tucomarca.com\/wordpress\/segunda\/ca\/wp-json\/wp\/v2\/posts\/292700","targetHints":{"allow":["GET"]}}],"collection":[{"href":"https:\/\/www.tucomarca.com\/wordpress\/segunda\/ca\/wp-json\/wp\/v2\/posts"}],"about":[{"href":"https:\/\/www.tucomarca.com\/wordpress\/segunda\/ca\/wp-json\/wp\/v2\/types\/post"}],"author":[{"embeddable":true,"href":"https:\/\/www.tucomarca.com\/wordpress\/segunda\/ca\/wp-json\/wp\/v2\/users\/12"}],"replies":[{"embeddable":true,"href":"https:\/\/www.tucomarca.com\/wordpress\/segunda\/ca\/wp-json\/wp\/v2\/comments?post=292700"}],"version-history":[{"count":0,"href":"https:\/\/www.tucomarca.com\/wordpress\/segunda\/ca\/wp-json\/wp\/v2\/posts\/292700\/revisions"}],"wp:featuredmedia":[{"embeddable":true,"href":"https:\/\/www.tucomarca.com\/wordpress\/segunda\/ca\/wp-json\/wp\/v2\/media\/292684"}],"wp:attachment":[{"href":"https:\/\/www.tucomarca.com\/wordpress\/segunda\/ca\/wp-json\/wp\/v2\/media?parent=292700"}],"wp:term":[{"taxonomy":"category","embeddable":true,"href":"https:\/\/www.tucomarca.com\/wordpress\/segunda\/ca\/wp-json\/wp\/v2\/categories?post=292700"},{"taxonomy":"post_tag","embeddable":true,"href":"https:\/\/www.tucomarca.com\/wordpress\/segunda\/ca\/wp-json\/wp\/v2\/tags?post=292700"}],"curies":[{"name":"wp","href":"https:\/\/api.w.org\/{rel}","templated":true}]}}