{"id":292710,"date":"2026-02-10T08:30:00","date_gmt":"2026-02-10T07:30:00","guid":{"rendered":"https:\/\/www.tucomarca.com\/wordpress\/segunda\/?p=292710"},"modified":"2026-02-10T18:20:24","modified_gmt":"2026-02-10T17:20:24","slug":"la-regidoria-de-participacio-de-lajuntament-de-xest-apella-al-civisme-veinal-per-a-mantindre-els-carrers-nets-dexcrements-i-orines-de-mascotes","status":"publish","type":"post","link":"https:\/\/www.tucomarca.com\/wordpress\/segunda\/ca\/la-regidoria-de-participacio-de-lajuntament-de-xest-apella-al-civisme-veinal-per-a-mantindre-els-carrers-nets-dexcrements-i-orines-de-mascotes\/","title":{"rendered":"La regidoria de Participaci\u00f3 de l&#8217;Ajuntament de Xest apel\u00b7la al civisme ve\u00efnal per a mantindre els carrers nets d&#8217;excrements i orines de mascotes"},"content":{"rendered":"\n<h3 class=\"wp-block-heading\">L&#8217;Ajuntament de Xest posa en marxa una nova campanya de conscienciaci\u00f3 ciutadana en xarxes socials per a fomentar la responsabilitat dels propietaris de gossos i recordar la import\u00e0ncia de mantindre entre tots uns carrers nets i agradables per a conviure.<\/h3>\n\n\n\n<p>La iniciativa crida a tots els ve\u00efns i ve\u00efnes a col\u00b7laborar arreplegant sempre els excrements de les seues mascotes i portant amb si tant les bosses necess\u00e0ries com una botella amb aigua i un poc de sab\u00f3 per a netejar els orines. Amb aquest gest senzill, per\u00f2 fonamental, es contribueix a cura de l&#8217;entorn i a refor\u00e7ar la imatge d&#8217;un poble net, amable i respectu\u00f3s.<\/p>\n\n\n\n<p>\u201cApel\u00b7lem al civisme i a la col\u00b7laboraci\u00f3 de tota la ciutadania perqu\u00e8 Xest continue sent un lloc del qual sentir-nos orgullosos. Mantindre els nostres carrers nets \u00e9s tasca de tots i totes, i amb xicotets h\u00e0bits aconseguim grans resultats\u201d, ha destacat la regidora de Participaci\u00f3,&nbsp;Rosa Zan\u00f3n.<br>El Consistori recorda tamb\u00e9 que la conscienciaci\u00f3 ha d&#8217;arribar&nbsp;a tots els racons del municipi, incloses les zones menys transitades, on sol detectar-se una major pres\u00e8ncia d&#8217;excrements. \u201cMantindre netes tamb\u00e9 aquestes \u00e0rees \u00e9s essencial per al benestar com\u00fa i la bona imatge del poble\u201d, subratlla Zan\u00f3n.<\/p>\n\n\n\n<p><strong>Una campanya amb missatges positius<\/strong><\/p>\n\n\n\n<p>La campanya divulgativa que es difondr\u00e0 en les xarxes socials municipals inclou missatges positius, recordatoris pr\u00e0ctics i consells per a les persones que tenen mascotes, com el fet de portar sempre bosses i una botella amb aigua i sab\u00f3. L&#8217;objectiu \u00e9s fomentar la implicaci\u00f3 de tota la ciutadania i refor\u00e7ar el comprom\u00eds com\u00fa de mantindre net el municipi.<br>Des de l&#8217;Ajuntament es recorda que l&#8217;ordenan\u00e7a municipal vigent contempla sancions de fins a&nbsp;500 euros&nbsp;per no arreplegar els excrements dels gossos. Encara que de moment la campanya se centra en la sensibilitzaci\u00f3 i l&#8217;educaci\u00f3 ciutadana, en el futur podria posar-se en marxa un programa sancionador per a garantir el compliment de la norma.<\/p>\n","protected":false},"excerpt":{"rendered":"<div class=\"mh-excerpt\">L&#8217;Ajuntament de Xest posa en marxa una nova campanya de conscienciaci\u00f3 ciutadana en xarxes socials per a fomentar la responsabilitat dels propietaris de gossos i recordar la import\u00e0ncia de mantindre entre tots uns carrers nets <a class=\"mh-excerpt-more\" href=\"https:\/\/www.tucomarca.com\/wordpress\/segunda\/ca\/la-regidoria-de-participacio-de-lajuntament-de-xest-apella-al-civisme-veinal-per-a-mantindre-els-carrers-nets-dexcrements-i-orines-de-mascotes\/\" title=\"La regidoria de Participaci\u00f3 de l&#8217;Ajuntament de Xest apel\u00b7la al civisme ve\u00efnal per a mantindre els carrers nets d&#8217;excrements i orines de mascotes\">[+] <\/a><\/div>\n","protected":false},"author":12,"featured_media":292709,"comment_status":"open","ping_status":"open","sticky":false,"template":"","format":"standard","meta":{"footnotes":""},"categories":[10948,10894,10912,10903,10947,10896,10974],"tags":[11071,23890,10914],"class_list":{"0":"post-292710","1":"post","2":"type-post","3":"status-publish","4":"format-standard","5":"has-post-thumbnail","7":"category-infraestructuras-ca","8":"category-la-comarca-ca","9":"category-la-hoya-ca","10":"category-medio-ambiente-la-comarca-ca","11":"category-politica","12":"category-seccion-ca","13":"category-cheste-ca","14":"tag-cheste","15":"tag-civismo-vecinal-ca","16":"tag-la-hoya-de-bunol-chiva-ca"},"_links":{"self":[{"href":"https:\/\/www.tucomarca.com\/wordpress\/segunda\/ca\/wp-json\/wp\/v2\/posts\/292710","targetHints":{"allow":["GET"]}}],"collection":[{"href":"https:\/\/www.tucomarca.com\/wordpress\/segunda\/ca\/wp-json\/wp\/v2\/posts"}],"about":[{"href":"https:\/\/www.tucomarca.com\/wordpress\/segunda\/ca\/wp-json\/wp\/v2\/types\/post"}],"author":[{"embeddable":true,"href":"https:\/\/www.tucomarca.com\/wordpress\/segunda\/ca\/wp-json\/wp\/v2\/users\/12"}],"replies":[{"embeddable":true,"href":"https:\/\/www.tucomarca.com\/wordpress\/segunda\/ca\/wp-json\/wp\/v2\/comments?post=292710"}],"version-history":[{"count":0,"href":"https:\/\/www.tucomarca.com\/wordpress\/segunda\/ca\/wp-json\/wp\/v2\/posts\/292710\/revisions"}],"wp:featuredmedia":[{"embeddable":true,"href":"https:\/\/www.tucomarca.com\/wordpress\/segunda\/ca\/wp-json\/wp\/v2\/media\/292709"}],"wp:attachment":[{"href":"https:\/\/www.tucomarca.com\/wordpress\/segunda\/ca\/wp-json\/wp\/v2\/media?parent=292710"}],"wp:term":[{"taxonomy":"category","embeddable":true,"href":"https:\/\/www.tucomarca.com\/wordpress\/segunda\/ca\/wp-json\/wp\/v2\/categories?post=292710"},{"taxonomy":"post_tag","embeddable":true,"href":"https:\/\/www.tucomarca.com\/wordpress\/segunda\/ca\/wp-json\/wp\/v2\/tags?post=292710"}],"curies":[{"name":"wp","href":"https:\/\/api.w.org\/{rel}","templated":true}]}}