{"id":292726,"date":"2026-02-10T11:58:00","date_gmt":"2026-02-10T10:58:00","guid":{"rendered":"https:\/\/www.tucomarca.com\/wordpress\/segunda\/?p=292726"},"modified":"2026-02-10T20:07:30","modified_gmt":"2026-02-10T19:07:30","slug":"marian-cano-destaca-que-el-grup-ferrero-invertira-140-milions-deuros-en-la-linia-de-produccio-de-gelats-per-a-convertir-la-seua-fabrica-dalzira-en-un-centre-europeu-dinnovac","status":"publish","type":"post","link":"https:\/\/www.tucomarca.com\/wordpress\/segunda\/ca\/marian-cano-destaca-que-el-grup-ferrero-invertira-140-milions-deuros-en-la-linia-de-produccio-de-gelats-per-a-convertir-la-seua-fabrica-dalzira-en-un-centre-europeu-dinnovac\/","title":{"rendered":"Mari\u00e1n Cano destaca que el Grup Ferrero invertir\u00e0 140 milions d\u2019euros en la l\u00ednia de producci\u00f3 de gelats per a convertir la seua f\u00e0brica d\u2019Alzira en un centre europeu d\u2019innovaci\u00f3 industrial"},"content":{"rendered":"\n<h3 class=\"wp-block-heading\">La consellera d\u2019Ind\u00fastria ha insistit que, amb estes iniciatives industrials, es posiciona la Comunitat Valenciana com a territori estrat\u00e8gic<\/h3>\n\n\n\n<p>La consellera d\u2019Ind\u00fastria, Turisme, Innovaci\u00f3 i Comer\u00e7, Mari\u00e1n Cano, ha realitzat hui una visita institucional a les instal\u00b7lacions de la <em>Ice Cream Factory Comaker<\/em> (ICFC) del Grup Ferrero a Alzira.<\/p>\n\n\n\n<p>Durant la visita, l\u2019equip directiu de la companyia ha mostrat a la representant del Govern valenci\u00e0 el pla estrat\u00e8gic de l\u2019empresa. En este pla destaca una inversi\u00f3 de 140 milions d\u2019euros en els pr\u00f2xims tres anys en la l\u00ednia de producci\u00f3 de gelats per a convertir esta f\u00e0brica en un centre europeu d\u2019innovaci\u00f3 industrial.<\/p>\n\n\n\n<p>La consellera d\u2019Ind\u00fastria ha destacat que \u201cl\u2019aposta del Grup Ferrero per la <em>Ice Cream Factory Comaker<\/em> (ICFC) d\u2019Alzira \u00e9s evident i capital per a convertir la Comunitat Valenciana en un referent internacional de la innovaci\u00f3 industrial\u201d.<\/p>\n\n\n\n<p>Mari\u00e1n Cano ha ressaltat \u201cl\u2019esfor\u00e7 constant de l\u2019empresa per l\u2019excel\u00b7l\u00e8ncia i la qualitat\u201d i ha definit les instal\u00b7lacions del Grup Ferrero a Alzira com un \u201cexemple de lideratge\u201d, destacant \u201cla inversi\u00f3 de 140 milions d\u2019euros en els pr\u00f2xims tres anys\u201d.<\/p>\n\n\n\n<p>Durant la trobada, la consellera ha agra\u00eft, a m\u00e9s, l\u2019aposta d\u2019esta companyia per a dur a terme un cicle de modernitzaci\u00f3 centrat a realitzar millores tecnol\u00f2giques i industrials a la planta, instal\u00b7lar noves l\u00ednies de producci\u00f3 abans de 2030 i desenvolupar nous productes de marca pr\u00f2pia.<\/p>\n\n\n\n<p>Finalment, Mari\u00e1n Cano ha afirmat que \u201camb iniciatives com la present, la Comunitat Valenciana es posiciona com un territori estrat\u00e8gic per al desenvolupament de les empreses que tenen la finalitat d\u2019aconseguir amb \u00e8xit tot el mercat europeu\u201d.<\/p>\n\n\n\n<p>El Grup Ferrero \u00e9s l\u00edder mundial en aliments dol\u00e7os envasats, reconegut per marques ic\u00f2niques com Nutella, Kinder, Ferrero Rocher i Tic Tac. Fundat en 1946 a Alba, It\u00e0lia, Ferrero celebra 80 anys com a grup familiar, amb 50.000 empleats i operacions en m\u00e9s de 170 pa\u00efsos.<\/p>\n\n\n\n<p>La <em>Ice Cream Factory Comaker<\/em> (ICFC) \u00e9s la planta de producci\u00f3 de gelats del Grup Ferrero ubicada a Alzira. El Grup Ferrero la va adquirir totalment en 2021 per a convertir-la en un punt clau en el desenvolupament de la Divisi\u00f3 de Gelats de la companyia.<\/p>\n","protected":false},"excerpt":{"rendered":"<div class=\"mh-excerpt\">La consellera d\u2019Ind\u00fastria ha insistit que, amb estes iniciatives industrials, es posiciona la Comunitat Valenciana com a territori estrat\u00e8gic La consellera d\u2019Ind\u00fastria, Turisme, Innovaci\u00f3 i Comer\u00e7, Mari\u00e1n Cano, ha realitzat hui una visita institucional a <a class=\"mh-excerpt-more\" href=\"https:\/\/www.tucomarca.com\/wordpress\/segunda\/ca\/marian-cano-destaca-que-el-grup-ferrero-invertira-140-milions-deuros-en-la-linia-de-produccio-de-gelats-per-a-convertir-la-seua-fabrica-dalzira-en-un-centre-europeu-dinnovac\/\" title=\"Mari\u00e1n Cano destaca que el Grup Ferrero invertir\u00e0 140 milions d\u2019euros en la l\u00ednia de producci\u00f3 de gelats per a convertir la seua f\u00e0brica d\u2019Alzira en un centre europeu d\u2019innovaci\u00f3 industrial\">[+] <\/a><\/div>\n","protected":false},"author":12,"featured_media":292725,"comment_status":"open","ping_status":"open","sticky":false,"template":"","format":"standard","meta":{"footnotes":""},"categories":[10889,10898,10948,10894,10904,10902,10947,10896],"tags":[11192,23892,11356],"class_list":{"0":"post-292726","1":"post","2":"type-post","3":"status-publish","4":"format-standard","5":"has-post-thumbnail","7":"category-alzira-cat","8":"category-ventana-ca","9":"category-infraestructuras-ca","10":"category-la-comarca-ca","11":"category-sin-categorizar-ca","12":"category-la-ribera-ca","13":"category-politica","14":"category-seccion-ca","15":"tag-alzira-ca","16":"tag-grupo-ferrero-ca","17":"tag-ribera-alta-ca"},"_links":{"self":[{"href":"https:\/\/www.tucomarca.com\/wordpress\/segunda\/ca\/wp-json\/wp\/v2\/posts\/292726","targetHints":{"allow":["GET"]}}],"collection":[{"href":"https:\/\/www.tucomarca.com\/wordpress\/segunda\/ca\/wp-json\/wp\/v2\/posts"}],"about":[{"href":"https:\/\/www.tucomarca.com\/wordpress\/segunda\/ca\/wp-json\/wp\/v2\/types\/post"}],"author":[{"embeddable":true,"href":"https:\/\/www.tucomarca.com\/wordpress\/segunda\/ca\/wp-json\/wp\/v2\/users\/12"}],"replies":[{"embeddable":true,"href":"https:\/\/www.tucomarca.com\/wordpress\/segunda\/ca\/wp-json\/wp\/v2\/comments?post=292726"}],"version-history":[{"count":0,"href":"https:\/\/www.tucomarca.com\/wordpress\/segunda\/ca\/wp-json\/wp\/v2\/posts\/292726\/revisions"}],"wp:featuredmedia":[{"embeddable":true,"href":"https:\/\/www.tucomarca.com\/wordpress\/segunda\/ca\/wp-json\/wp\/v2\/media\/292725"}],"wp:attachment":[{"href":"https:\/\/www.tucomarca.com\/wordpress\/segunda\/ca\/wp-json\/wp\/v2\/media?parent=292726"}],"wp:term":[{"taxonomy":"category","embeddable":true,"href":"https:\/\/www.tucomarca.com\/wordpress\/segunda\/ca\/wp-json\/wp\/v2\/categories?post=292726"},{"taxonomy":"post_tag","embeddable":true,"href":"https:\/\/www.tucomarca.com\/wordpress\/segunda\/ca\/wp-json\/wp\/v2\/tags?post=292726"}],"curies":[{"name":"wp","href":"https:\/\/api.w.org\/{rel}","templated":true}]}}