{"id":292745,"date":"2026-02-10T12:30:00","date_gmt":"2026-02-10T11:30:00","guid":{"rendered":"https:\/\/www.tucomarca.com\/wordpress\/segunda\/?p=292745"},"modified":"2026-02-25T12:59:38","modified_gmt":"2026-02-25T11:59:38","slug":"bombers-del-consorci-provincial-intervenen-en-lincendi-dun-taller-a-naquera","status":"publish","type":"post","link":"https:\/\/www.tucomarca.com\/wordpress\/segunda\/ca\/bombers-del-consorci-provincial-intervenen-en-lincendi-dun-taller-a-naquera\/","title":{"rendered":"Bombers del Consorci Provincial intervenen en l&#8217;incendi d&#8217;un taller a N\u00e0quera"},"content":{"rendered":"\n<p>Efectius del Consorci Provincial de Bombers de Val\u00e8ncia han actuat este dimarts en l\u2019incendi d\u2019un taller situat al carrer La Cruz, al municipi de N\u00e0quera.<\/p>\n\n\n\n<p>L\u2019av\u00eds es va rebre a les 12.54 hores, mobilitzant-se fins al lloc dues dotacions de bombers i dues unitats de comandament del Consorci. Els efectius van treballar en l\u2019extinci\u00f3 de l\u2019incendi i en les tasques de ventilaci\u00f3 i control de la zona.<\/p>\n\n\n\n<p>La intervenci\u00f3 va finalitzar a les 15.02 hores. Com a conseq\u00fc\u00e8ncia del succ\u00e9s, una persona va resultar afectada i va ser atesa pels serveis sanitaris.<\/p>\n\n\n\n<figure class=\"wp-block-gallery has-nested-images columns-2 is-cropped wp-block-gallery-1 is-layout-flex wp-block-gallery-is-layout-flex\">\n<figure class=\"wp-block-image size-large\"><img loading=\"lazy\" decoding=\"async\" width=\"820\" height=\"1024\" data-id=\"292743\" src=\"https:\/\/www.tucomarca.com\/wordpress\/segunda\/wp-content\/uploads\/2026\/02\/BomberosNaquera4-820x1024.jpg\" alt=\"\" class=\"wp-image-292743\" srcset=\"https:\/\/www.tucomarca.com\/wordpress\/segunda\/wp-content\/uploads\/2026\/02\/BomberosNaquera4-820x1024.jpg 820w, https:\/\/www.tucomarca.com\/wordpress\/segunda\/wp-content\/uploads\/2026\/02\/BomberosNaquera4-240x300.jpg 240w, https:\/\/www.tucomarca.com\/wordpress\/segunda\/wp-content\/uploads\/2026\/02\/BomberosNaquera4-768x959.jpg 768w, https:\/\/www.tucomarca.com\/wordpress\/segunda\/wp-content\/uploads\/2026\/02\/BomberosNaquera4.jpg 1181w\" sizes=\"auto, (max-width: 820px) 100vw, 820px\" \/><\/figure>\n\n\n\n<figure class=\"wp-block-image size-large\"><img loading=\"lazy\" decoding=\"async\" width=\"820\" height=\"1024\" data-id=\"292741\" src=\"https:\/\/www.tucomarca.com\/wordpress\/segunda\/wp-content\/uploads\/2026\/02\/BomberosNaquera3-820x1024.jpg\" alt=\"\" class=\"wp-image-292741\" srcset=\"https:\/\/www.tucomarca.com\/wordpress\/segunda\/wp-content\/uploads\/2026\/02\/BomberosNaquera3-820x1024.jpg 820w, https:\/\/www.tucomarca.com\/wordpress\/segunda\/wp-content\/uploads\/2026\/02\/BomberosNaquera3-240x300.jpg 240w, https:\/\/www.tucomarca.com\/wordpress\/segunda\/wp-content\/uploads\/2026\/02\/BomberosNaquera3-768x959.jpg 768w, https:\/\/www.tucomarca.com\/wordpress\/segunda\/wp-content\/uploads\/2026\/02\/BomberosNaquera3.jpg 1181w\" sizes=\"auto, (max-width: 820px) 100vw, 820px\" \/><\/figure>\n\n\n\n<figure class=\"wp-block-image size-large\"><img loading=\"lazy\" decoding=\"async\" width=\"1024\" height=\"768\" data-id=\"292737\" src=\"https:\/\/www.tucomarca.com\/wordpress\/segunda\/wp-content\/uploads\/2026\/02\/BomberosNaquera1-1024x768.jpg\" alt=\"\" class=\"wp-image-292737\" srcset=\"https:\/\/www.tucomarca.com\/wordpress\/segunda\/wp-content\/uploads\/2026\/02\/BomberosNaquera1-1024x768.jpg 1024w, https:\/\/www.tucomarca.com\/wordpress\/segunda\/wp-content\/uploads\/2026\/02\/BomberosNaquera1-300x225.jpg 300w, https:\/\/www.tucomarca.com\/wordpress\/segunda\/wp-content\/uploads\/2026\/02\/BomberosNaquera1-768x576.jpg 768w, https:\/\/www.tucomarca.com\/wordpress\/segunda\/wp-content\/uploads\/2026\/02\/BomberosNaquera1-678x509.jpg 678w, https:\/\/www.tucomarca.com\/wordpress\/segunda\/wp-content\/uploads\/2026\/02\/BomberosNaquera1-326x245.jpg 326w, https:\/\/www.tucomarca.com\/wordpress\/segunda\/wp-content\/uploads\/2026\/02\/BomberosNaquera1-80x60.jpg 80w, https:\/\/www.tucomarca.com\/wordpress\/segunda\/wp-content\/uploads\/2026\/02\/BomberosNaquera1.jpg 1181w\" sizes=\"auto, (max-width: 1024px) 100vw, 1024px\" \/><\/figure>\n<\/figure>\n","protected":false},"excerpt":{"rendered":"<div class=\"mh-excerpt\">Efectius del Consorci Provincial de Bombers de Val\u00e8ncia han actuat este dimarts en l\u2019incendi d\u2019un taller situat al carrer La Cruz, al municipi de N\u00e0quera. L\u2019av\u00eds es va rebre a les 12.54 hores, mobilitzant-se fins <a class=\"mh-excerpt-more\" href=\"https:\/\/www.tucomarca.com\/wordpress\/segunda\/ca\/bombers-del-consorci-provincial-intervenen-en-lincendi-dun-taller-a-naquera\/\" title=\"Bombers del Consorci Provincial intervenen en l&#8217;incendi d&#8217;un taller a N\u00e0quera\">[+] <\/a><\/div>\n","protected":false},"author":12,"featured_media":292740,"comment_status":"open","ping_status":"open","sticky":false,"template":"","format":"standard","meta":{"footnotes":""},"categories":[10892,10898,10904,10936,10896,10897],"tags":[10899,20509,11134],"class_list":{"0":"post-292745","1":"post","2":"type-post","3":"status-publish","4":"format-standard","5":"has-post-thumbnail","7":"category-camp-de-turia-ca","8":"category-ventana-ca","9":"category-sin-categorizar-ca","10":"category-naquera-ca","11":"category-seccion-ca","12":"category-sucesos-la-comarca-ca","13":"tag-camp-de-turia-ca","14":"tag-consorcio-de-bomberos-de-valencia-ca","15":"tag-naquera-ca"},"_links":{"self":[{"href":"https:\/\/www.tucomarca.com\/wordpress\/segunda\/ca\/wp-json\/wp\/v2\/posts\/292745","targetHints":{"allow":["GET"]}}],"collection":[{"href":"https:\/\/www.tucomarca.com\/wordpress\/segunda\/ca\/wp-json\/wp\/v2\/posts"}],"about":[{"href":"https:\/\/www.tucomarca.com\/wordpress\/segunda\/ca\/wp-json\/wp\/v2\/types\/post"}],"author":[{"embeddable":true,"href":"https:\/\/www.tucomarca.com\/wordpress\/segunda\/ca\/wp-json\/wp\/v2\/users\/12"}],"replies":[{"embeddable":true,"href":"https:\/\/www.tucomarca.com\/wordpress\/segunda\/ca\/wp-json\/wp\/v2\/comments?post=292745"}],"version-history":[{"count":0,"href":"https:\/\/www.tucomarca.com\/wordpress\/segunda\/ca\/wp-json\/wp\/v2\/posts\/292745\/revisions"}],"wp:featuredmedia":[{"embeddable":true,"href":"https:\/\/www.tucomarca.com\/wordpress\/segunda\/ca\/wp-json\/wp\/v2\/media\/292740"}],"wp:attachment":[{"href":"https:\/\/www.tucomarca.com\/wordpress\/segunda\/ca\/wp-json\/wp\/v2\/media?parent=292745"}],"wp:term":[{"taxonomy":"category","embeddable":true,"href":"https:\/\/www.tucomarca.com\/wordpress\/segunda\/ca\/wp-json\/wp\/v2\/categories?post=292745"},{"taxonomy":"post_tag","embeddable":true,"href":"https:\/\/www.tucomarca.com\/wordpress\/segunda\/ca\/wp-json\/wp\/v2\/tags?post=292745"}],"curies":[{"name":"wp","href":"https:\/\/api.w.org\/{rel}","templated":true}]}}