{"id":292805,"date":"2026-02-11T11:00:00","date_gmt":"2026-02-11T10:00:00","guid":{"rendered":"https:\/\/www.tucomarca.com\/wordpress\/segunda\/?p=292805"},"modified":"2026-02-11T18:26:07","modified_gmt":"2026-02-11T17:26:07","slug":"millares-reobri-el-bar-llar-del-jubilat-despres-de-la-seua-renovacio","status":"publish","type":"post","link":"https:\/\/www.tucomarca.com\/wordpress\/segunda\/ca\/millares-reobri-el-bar-llar-del-jubilat-despres-de-la-seua-renovacio\/","title":{"rendered":"Millares reobri el Bar Llar del Jubilat despr\u00e9s de la seua renovaci\u00f3"},"content":{"rendered":"\n<p>El municipi de Millares recupera un dels seus espais socials m\u00e9s emblem\u00e0tics amb la reobertura del Bar Llar del Jubilat, que obri de nou les seues portes despr\u00e9s d&#8217;un proc\u00e9s de renovaci\u00f3.<\/p>\n\n\n\n<p>L&#8217;establiment, completament renovat, ha sigut inaugurat oficialment dissabte passat, 7 de febrer, en un acte que marca l&#8217;inici d&#8217;una nova etapa per a aquest punt de trobada habitual de ve\u00efns i ve\u00efnes de la localitat.<\/p>\n\n\n\n<p>La reobertura suposa la posada en valor d&#8217;un espai clau per a la vida social del municipi, especialment per a les persones majors, consolidant-se com a lloc de conviv\u00e8ncia i dinamitzaci\u00f3 comunit\u00e0ria despr\u00e9s de la seua remodelaci\u00f3.<\/p>\n\n\n\n<figure class=\"wp-block-image size-large\"><img loading=\"lazy\" decoding=\"async\" width=\"1024\" height=\"689\" src=\"https:\/\/www.tucomarca.com\/wordpress\/segunda\/wp-content\/uploads\/2026\/02\/MillaresJubilados2-1024x689.jpg\" alt=\"\" class=\"wp-image-292800\" srcset=\"https:\/\/www.tucomarca.com\/wordpress\/segunda\/wp-content\/uploads\/2026\/02\/MillaresJubilados2-1024x689.jpg 1024w, https:\/\/www.tucomarca.com\/wordpress\/segunda\/wp-content\/uploads\/2026\/02\/MillaresJubilados2-300x202.jpg 300w, https:\/\/www.tucomarca.com\/wordpress\/segunda\/wp-content\/uploads\/2026\/02\/MillaresJubilados2-768x517.jpg 768w, https:\/\/www.tucomarca.com\/wordpress\/segunda\/wp-content\/uploads\/2026\/02\/MillaresJubilados2-1536x1034.jpg 1536w, https:\/\/www.tucomarca.com\/wordpress\/segunda\/wp-content\/uploads\/2026\/02\/MillaresJubilados2.jpg 1600w\" sizes=\"auto, (max-width: 1024px) 100vw, 1024px\" \/><\/figure>\n","protected":false},"excerpt":{"rendered":"<div class=\"mh-excerpt\">El municipi de Millares recupera un dels seus espais socials m\u00e9s emblem\u00e0tics amb la reobertura del Bar Llar del Jubilat, que obri de nou les seues portes despr\u00e9s d&#8217;un proc\u00e9s de renovaci\u00f3. L&#8217;establiment, completament renovat, <a class=\"mh-excerpt-more\" href=\"https:\/\/www.tucomarca.com\/wordpress\/segunda\/ca\/millares-reobri-el-bar-llar-del-jubilat-despres-de-la-seua-renovacio\/\" title=\"Millares reobri el Bar Llar del Jubilat despr\u00e9s de la seua renovaci\u00f3\">[+] <\/a><\/div>\n","protected":false},"author":12,"featured_media":292803,"comment_status":"open","ping_status":"open","sticky":false,"template":"","format":"standard","meta":{"footnotes":""},"categories":[10948,10963,10894,10970,11007,10947,10896],"tags":[23682,11094,11186],"class_list":{"0":"post-292805","1":"post","2":"type-post","3":"status-publish","4":"format-standard","5":"has-post-thumbnail","7":"category-infraestructuras-ca","8":"category-la-canal-de-navarres-ca","9":"category-la-comarca-ca","10":"category-millares-ca","11":"category-ocio-y-cultura-ca","12":"category-politica","13":"category-seccion-ca","14":"tag-hogar-del-jubilado-ca","15":"tag-la-canal-de-navarres","16":"tag-millares-ca"},"_links":{"self":[{"href":"https:\/\/www.tucomarca.com\/wordpress\/segunda\/ca\/wp-json\/wp\/v2\/posts\/292805","targetHints":{"allow":["GET"]}}],"collection":[{"href":"https:\/\/www.tucomarca.com\/wordpress\/segunda\/ca\/wp-json\/wp\/v2\/posts"}],"about":[{"href":"https:\/\/www.tucomarca.com\/wordpress\/segunda\/ca\/wp-json\/wp\/v2\/types\/post"}],"author":[{"embeddable":true,"href":"https:\/\/www.tucomarca.com\/wordpress\/segunda\/ca\/wp-json\/wp\/v2\/users\/12"}],"replies":[{"embeddable":true,"href":"https:\/\/www.tucomarca.com\/wordpress\/segunda\/ca\/wp-json\/wp\/v2\/comments?post=292805"}],"version-history":[{"count":0,"href":"https:\/\/www.tucomarca.com\/wordpress\/segunda\/ca\/wp-json\/wp\/v2\/posts\/292805\/revisions"}],"wp:featuredmedia":[{"embeddable":true,"href":"https:\/\/www.tucomarca.com\/wordpress\/segunda\/ca\/wp-json\/wp\/v2\/media\/292803"}],"wp:attachment":[{"href":"https:\/\/www.tucomarca.com\/wordpress\/segunda\/ca\/wp-json\/wp\/v2\/media?parent=292805"}],"wp:term":[{"taxonomy":"category","embeddable":true,"href":"https:\/\/www.tucomarca.com\/wordpress\/segunda\/ca\/wp-json\/wp\/v2\/categories?post=292805"},{"taxonomy":"post_tag","embeddable":true,"href":"https:\/\/www.tucomarca.com\/wordpress\/segunda\/ca\/wp-json\/wp\/v2\/tags?post=292805"}],"curies":[{"name":"wp","href":"https:\/\/api.w.org\/{rel}","templated":true}]}}