{"id":292840,"date":"2026-02-11T10:00:00","date_gmt":"2026-02-11T09:00:00","guid":{"rendered":"https:\/\/www.tucomarca.com\/wordpress\/segunda\/?p=292840"},"modified":"2026-02-11T18:49:38","modified_gmt":"2026-02-11T17:49:38","slug":"bunyol-celebrara-el-dia-de-larbre-amb-una-jornada-de-neteja-i-voluntariat-ambiental","status":"publish","type":"post","link":"https:\/\/www.tucomarca.com\/wordpress\/segunda\/ca\/bunyol-celebrara-el-dia-de-larbre-amb-una-jornada-de-neteja-i-voluntariat-ambiental\/","title":{"rendered":"Bunyol celebrar\u00e0 el Dia de l\u2019Arbre amb una jornada de neteja i voluntariat ambiental"},"content":{"rendered":"\n<p>L\u2019Ajuntament de Bunyol, a trav\u00e9s de la regidoria de Medi Ambient, ha organitzat una jornada de neteja i voluntariat ambiental amb motiu del Dia de l\u2019Arbre, una iniciativa que es desenvolupar\u00e0 a les zones del Roquillo i San Luis.<\/p>\n\n\n<div class=\"wp-block-image\">\n<figure class=\"alignleft size-large is-resized\"><img loading=\"lazy\" decoding=\"async\" width=\"819\" height=\"1024\" src=\"http:\/\/www.tucomarca.com\/wordpress\/segunda\/wp-content\/uploads\/2026\/02\/BunolDiadelArbol-819x1024.jpg\" alt=\"\" class=\"wp-image-292835\" style=\"width:367px;height:auto\" srcset=\"https:\/\/www.tucomarca.com\/wordpress\/segunda\/wp-content\/uploads\/2026\/02\/BunolDiadelArbol-819x1024.jpg 819w, https:\/\/www.tucomarca.com\/wordpress\/segunda\/wp-content\/uploads\/2026\/02\/BunolDiadelArbol-240x300.jpg 240w, https:\/\/www.tucomarca.com\/wordpress\/segunda\/wp-content\/uploads\/2026\/02\/BunolDiadelArbol-768x960.jpg 768w, https:\/\/www.tucomarca.com\/wordpress\/segunda\/wp-content\/uploads\/2026\/02\/BunolDiadelArbol.jpg 1080w\" sizes=\"auto, (max-width: 819px) 100vw, 819px\" \/><\/figure>\n<\/div>\n\n\n<p>L\u2019objectiu d\u2019esta acci\u00f3 \u00e9s cuidar i preservar estos espais naturals pr\u00f2xims al municipi, conscienciar la ciutadania sobre la seua import\u00e0ncia i fomentar la participaci\u00f3 activa en el manteniment dels arbres i zones verdes.<\/p>\n\n\n\n<p>La jornada tindr\u00e0 lloc el dissabte 28 de febrer. El punt de trobada ser\u00e0 a les 9.30 hores a la porta del camp de futbol. L\u2019Ajuntament facilitar\u00e0 a les persones participants guants, bosses i pinces per a la recollida de residus.<\/p>\n\n\n\n<p>Des de l\u2019organitzaci\u00f3 es recomana acudir amb cal\u00e7at c\u00f2mode, gorra, aigua i protecci\u00f3 solar per a garantir una participaci\u00f3 segura i adequada a les condicions meteorol\u00f2giques.<\/p>\n\n\n\n<p>En finalitzar l\u2019activitat, totes les persones volunt\u00e0ries seran convidades a un esmorzar a la zona de San Luis com a cloenda de la jornada.<\/p>\n\n\n\n<p>Les inscripcions s\u2019han de realitzar pr\u00e8viament a trav\u00e9s del seg\u00fcent enlla\u00e7: <a href=\"https:\/\/forms.gle\/j9nzxJMp6C724Xty5\">https:\/\/forms.gle\/j9nzxJMp6C724Xty5<\/a>. El consistori anima la ciutadania a sumar-se a esta acci\u00f3 col\u00b7lectiva per a mantindre nets i cuidats els espais naturals del municipi.<\/p>\n","protected":false},"excerpt":{"rendered":"<div class=\"mh-excerpt\">L\u2019Ajuntament de Bunyol, a trav\u00e9s de la regidoria de Medi Ambient, ha organitzat una jornada de neteja i voluntariat ambiental amb motiu del Dia de l\u2019Arbre, una iniciativa que es desenvolupar\u00e0 a les zones del <a class=\"mh-excerpt-more\" href=\"https:\/\/www.tucomarca.com\/wordpress\/segunda\/ca\/bunyol-celebrara-el-dia-de-larbre-amb-una-jornada-de-neteja-i-voluntariat-ambiental\/\" title=\"Bunyol celebrar\u00e0 el Dia de l\u2019Arbre amb una jornada de neteja i voluntariat ambiental\">[+] <\/a><\/div>\n","protected":false},"author":12,"featured_media":292838,"comment_status":"open","ping_status":"open","sticky":false,"template":"","format":"standard","meta":{"footnotes":""},"categories":[11019,10911,10894,10912,10903,11007,10896],"tags":[10913,13793,10914],"class_list":{"0":"post-292840","1":"post","2":"type-post","3":"status-publish","4":"format-standard","5":"has-post-thumbnail","7":"category-agenda-ca","8":"category-bunol-ca","9":"category-la-comarca-ca","10":"category-la-hoya-ca","11":"category-medio-ambiente-la-comarca-ca","12":"category-ocio-y-cultura-ca","13":"category-seccion-ca","14":"tag-bunol-ca","15":"tag-dia-del-arbol-ca","16":"tag-la-hoya-de-bunol-chiva-ca"},"_links":{"self":[{"href":"https:\/\/www.tucomarca.com\/wordpress\/segunda\/ca\/wp-json\/wp\/v2\/posts\/292840","targetHints":{"allow":["GET"]}}],"collection":[{"href":"https:\/\/www.tucomarca.com\/wordpress\/segunda\/ca\/wp-json\/wp\/v2\/posts"}],"about":[{"href":"https:\/\/www.tucomarca.com\/wordpress\/segunda\/ca\/wp-json\/wp\/v2\/types\/post"}],"author":[{"embeddable":true,"href":"https:\/\/www.tucomarca.com\/wordpress\/segunda\/ca\/wp-json\/wp\/v2\/users\/12"}],"replies":[{"embeddable":true,"href":"https:\/\/www.tucomarca.com\/wordpress\/segunda\/ca\/wp-json\/wp\/v2\/comments?post=292840"}],"version-history":[{"count":0,"href":"https:\/\/www.tucomarca.com\/wordpress\/segunda\/ca\/wp-json\/wp\/v2\/posts\/292840\/revisions"}],"wp:featuredmedia":[{"embeddable":true,"href":"https:\/\/www.tucomarca.com\/wordpress\/segunda\/ca\/wp-json\/wp\/v2\/media\/292838"}],"wp:attachment":[{"href":"https:\/\/www.tucomarca.com\/wordpress\/segunda\/ca\/wp-json\/wp\/v2\/media?parent=292840"}],"wp:term":[{"taxonomy":"category","embeddable":true,"href":"https:\/\/www.tucomarca.com\/wordpress\/segunda\/ca\/wp-json\/wp\/v2\/categories?post=292840"},{"taxonomy":"post_tag","embeddable":true,"href":"https:\/\/www.tucomarca.com\/wordpress\/segunda\/ca\/wp-json\/wp\/v2\/tags?post=292840"}],"curies":[{"name":"wp","href":"https:\/\/api.w.org\/{rel}","templated":true}]}}