{"id":292857,"date":"2026-02-11T12:00:00","date_gmt":"2026-02-11T11:00:00","guid":{"rendered":"https:\/\/www.tucomarca.com\/wordpress\/segunda\/?p=292857"},"modified":"2026-02-11T18:23:07","modified_gmt":"2026-02-11T17:23:07","slug":"la-generalitat-te-previst-iniciar-les-obres-de-les-primeres-millores-de-la-cv-35-i-estudia-noves-intervencions-en-altres-accessos-a-la-via","status":"publish","type":"post","link":"https:\/\/www.tucomarca.com\/wordpress\/segunda\/ca\/la-generalitat-te-previst-iniciar-les-obres-de-les-primeres-millores-de-la-cv-35-i-estudia-noves-intervencions-en-altres-accessos-a-la-via\/","title":{"rendered":"La Generalitat t\u00e9 previst iniciar les obres de les primeres millores de la CV-35 i estudia noves intervencions en altres accessos a la via"},"content":{"rendered":"\n<h3 class=\"wp-block-heading\">El projecte, amb una inversi\u00f3 de 7,7 milions d&#8217;euros, prioritza els punts de la via amb major congesti\u00f3 i risc per a la seguretat vi\u00e0ria.<\/h3>\n\n\n\n<h3 class=\"wp-block-heading\">En el termini d&#8217;al\u00b7legacions, s&#8217;han presentat propostes de noves millores, sense que s&#8217;haja registrat cap en contra del projecte inicial.<\/h3>\n\n\n\n<p>La Vicepresid\u00e8ncia Tercera i Conselleria de Medi Ambient, Infraestructures, Territori i de la Recuperaci\u00f3 iniciar\u00e0 enguany les obres de millora de la CV-35 en els punts de major congesti\u00f3 i risc per a la seguretat vi\u00e0ria amb una inversi\u00f3 de m\u00e9s de 7,7 milions d&#8217;euros. Aix\u00ed mateix, s&#8217;est\u00e0 realitzant una an\u00e0lisi t\u00e8cnica amb l&#8217;objectiu d&#8217;estudiar noves intervencions en altres accessos a la via.<\/p>\n\n\n\n<p>El projecte de la Direcci\u00f3 General d&#8217;Infraestructures Terrestres, que es va presentar el mes de desembre passat, contempla intervencions en les eixides 4, 10, 11 i 16 de la CV-35, situades en els termes municipals de Burjassot, Paterna, Sant Antoni de Benaixeve i L&#8217;Eliana.<\/p>\n\n\n\n<p>Una vegada finalitzat el termini d&#8217;informaci\u00f3 p\u00fablica, s&#8217;han presentat diverses aportacions amb propostes per a estudiar noves millores en altres punts de la CV-35, sense que s&#8217;haja registrat al\u00b7legacions en contra del projecte d&#8217;actuacions previst.<\/p>\n\n\n\n<p>Cal assenyalar que els treballs previstos en aquests quatre municipis responen a criteris t\u00e8cnics basats en estudis de tr\u00e0nsit i accidentalitat i permetran actuar de manera immediata en aquells accessos on les solucions s\u00f3n m\u00e9s directes i efectives per a millorar la circulaci\u00f3 i reduir situacions de perill.<\/p>\n\n\n\n<p>Aquestes actuacions, a m\u00e9s de millorar la seguretat i la flu\u00efdesa en els trams seleccionats, tamb\u00e9 beneficiaran als despla\u00e7aments habituals de conductors de municipis pr\u00f2xims, ja que la millora del tr\u00e0nsit en aquests punts repercuteix en el conjunt del corredor viari.<\/p>\n\n\n\n<p>Paral\u00b7lelament, la Conselleria est\u00e0 analitzant altres possibles intervencions en diferents accessos de la CV-35 situats en municipis confrontants amb la via. En alguns d&#8217;aquests punts, les solucions presenten una major complexitat t\u00e8cnica, poden implicar afeccions a habitatges o requereixen estudis m\u00e9s detallats, per la qual cosa estan sent objecte d&#8217;avaluaci\u00f3 espec\u00edfica.<\/p>\n\n\n\n<p>Mobilitat sostenible i segura<\/p>\n\n\n\n<p>La CV-35 suporta cada dia 115.000 vehicles. Es tracta d&#8217;una de les principals art\u00e8ries d&#8217;entrada a Val\u00e8ncia. El projecte, amb un termini estimat d&#8217;execuci\u00f3 de 10 mesos, permetr\u00e0 ampliar carrils d&#8217;incorporaci\u00f3 i desceleraci\u00f3, millorar les vies col\u00b7lectores, crear nous carrils de trenat i reorganitzar accessos que actualment generen retencions que arriben a afectar el tronc principal de l&#8217;autovia, amb el conseg\u00fcent risc d&#8217;accidents per abast i maniobres for\u00e7ades.<\/p>\n\n\n\n<p>En alguns punts tamb\u00e9 s&#8217;actuar\u00e0 sobre drenatge, senyalitzaci\u00f3, il\u00b7luminaci\u00f3, barreres de seguretat i condicionament de l&#8217;entorn, amb l&#8217;objectiu de refor\u00e7ar la seguretat vi\u00e0ria i optimitzar la capacitat de la infraestructura.<\/p>\n\n\n\n<p>Concretament, s&#8217;intervindr\u00e0 en l&#8217;eixida 4 (Burjassot-Campus Universitari), on actualment els autobusos que donen servei al campus s&#8217;incorporen a la CV-35 mitjan\u00e7ant un STOP i sense carril d&#8217;acceleraci\u00f3, la qual cosa genera una situaci\u00f3 de risc.<\/p>\n\n\n\n<p>Aix\u00ed mateix, l&#8217;eixida 10 (Parc Tecnol\u00f2gic-Pol\u00edgons i urbanitzacions) tamb\u00e9 ser\u00e0 objecte de millores per a evitar els embotellaments que presenta pel fet que el carril dret desapareix en arribar a l&#8217;eixida.<\/p>\n\n\n\n<p>Tamb\u00e9 s&#8217;actuar\u00e0 en l&#8217;eixida 11 (acc\u00e9s a la via col\u00b7lectora), que en sentit Val\u00e8ncia resulta insuficient per a absorbir la demanda actual i provoca retencions que alenteixen els carrils lent i central de l&#8217;autovia.<\/p>\n\n\n\n<p>Finalment, l&#8217;eixida 16 (acc\u00e9s a l&#8217;Eliana i zona comercial) afrontar\u00e0 una intervenci\u00f3 d&#8217;especial impacte degut al seu elevat nivell de saturaci\u00f3, ja que serveix com a acc\u00e9s principal al municipi i a diverses urbanitzacions i \u00e0rees comercials.<\/p>\n\n\n\n<p><\/p>\n","protected":false},"excerpt":{"rendered":"<div class=\"mh-excerpt\">El projecte, amb una inversi\u00f3 de 7,7 milions d&#8217;euros, prioritza els punts de la via amb major congesti\u00f3 i risc per a la seguretat vi\u00e0ria. En el termini d&#8217;al\u00b7legacions, s&#8217;han presentat propostes de noves millores, <a class=\"mh-excerpt-more\" href=\"https:\/\/www.tucomarca.com\/wordpress\/segunda\/ca\/la-generalitat-te-previst-iniciar-les-obres-de-les-primeres-millores-de-la-cv-35-i-estudia-noves-intervencions-en-altres-accessos-a-la-via\/\" title=\"La Generalitat t\u00e9 previst iniciar les obres de les primeres millores de la CV-35 i estudia noves intervencions en altres accessos a la via\">[+] <\/a><\/div>\n","protected":false},"author":12,"featured_media":292856,"comment_status":"open","ping_status":"open","sticky":false,"template":"","format":"standard","meta":{"footnotes":""},"categories":[10892,10898,10948,10894,10904,10893,10903,10947,10934,10896],"tags":[13234,11498,12859],"class_list":{"0":"post-292857","1":"post","2":"type-post","3":"status-publish","4":"format-standard","5":"has-post-thumbnail","7":"category-camp-de-turia-ca","8":"category-ventana-ca","9":"category-infraestructuras-ca","10":"category-la-comarca-ca","11":"category-sin-categorizar-ca","12":"category-leliana-ca","13":"category-medio-ambiente-la-comarca-ca","14":"category-politica","15":"category-san-antonio-de-benageber-ca","16":"category-seccion-ca","17":"tag-cv-35-ca","18":"tag-generalitat-valenciana-ca","19":"tag-obras-ca"},"_links":{"self":[{"href":"https:\/\/www.tucomarca.com\/wordpress\/segunda\/ca\/wp-json\/wp\/v2\/posts\/292857","targetHints":{"allow":["GET"]}}],"collection":[{"href":"https:\/\/www.tucomarca.com\/wordpress\/segunda\/ca\/wp-json\/wp\/v2\/posts"}],"about":[{"href":"https:\/\/www.tucomarca.com\/wordpress\/segunda\/ca\/wp-json\/wp\/v2\/types\/post"}],"author":[{"embeddable":true,"href":"https:\/\/www.tucomarca.com\/wordpress\/segunda\/ca\/wp-json\/wp\/v2\/users\/12"}],"replies":[{"embeddable":true,"href":"https:\/\/www.tucomarca.com\/wordpress\/segunda\/ca\/wp-json\/wp\/v2\/comments?post=292857"}],"version-history":[{"count":0,"href":"https:\/\/www.tucomarca.com\/wordpress\/segunda\/ca\/wp-json\/wp\/v2\/posts\/292857\/revisions"}],"wp:featuredmedia":[{"embeddable":true,"href":"https:\/\/www.tucomarca.com\/wordpress\/segunda\/ca\/wp-json\/wp\/v2\/media\/292856"}],"wp:attachment":[{"href":"https:\/\/www.tucomarca.com\/wordpress\/segunda\/ca\/wp-json\/wp\/v2\/media?parent=292857"}],"wp:term":[{"taxonomy":"category","embeddable":true,"href":"https:\/\/www.tucomarca.com\/wordpress\/segunda\/ca\/wp-json\/wp\/v2\/categories?post=292857"},{"taxonomy":"post_tag","embeddable":true,"href":"https:\/\/www.tucomarca.com\/wordpress\/segunda\/ca\/wp-json\/wp\/v2\/tags?post=292857"}],"curies":[{"name":"wp","href":"https:\/\/api.w.org\/{rel}","templated":true}]}}