{"id":292868,"date":"2026-02-11T12:45:00","date_gmt":"2026-02-11T11:45:00","guid":{"rendered":"https:\/\/www.tucomarca.com\/wordpress\/segunda\/?p=292868"},"modified":"2026-02-11T21:02:54","modified_gmt":"2026-02-11T20:02:54","slug":"ava-asaja-exigeix-a-la-comissio-i-el-govern-espanyol-que-rectifiquen-el-error-de-mercosur","status":"publish","type":"post","link":"https:\/\/www.tucomarca.com\/wordpress\/segunda\/ca\/ava-asaja-exigeix-a-la-comissio-i-el-govern-espanyol-que-rectifiquen-el-error-de-mercosur\/","title":{"rendered":"AVA-Asaja exigeix a la Comissi\u00f3 i el Govern espanyol que rectifiquen el \u201cerror\u201d de Mercosur"},"content":{"rendered":"\n<h3 class=\"wp-block-heading\">L&#8217;associaci\u00f3 retrau al PP i PSOE del PE el seu vot en contra del camp i demana als ajuntaments que aproven una moci\u00f3 per a protegir els productors.<\/h3>\n\n\n\n<p>En plena onada de mobilitzacions del sector agrari contra l&#8217;actual proposta del tractat comercial UE-Mercosur, amb protestes aquesta setmana a Sevilla, Logronyo, C\u00e0ceres i Madrid, tant en el centre de la capital com a les portes de La Moncloa, l&#8217;Associaci\u00f3 Valenciana d&#8217;Agricultors (AVA-Asaja) exigeix a la Comissi\u00f3 Europea i al Govern d&#8217;Espanya que rectifiquen \u201cl&#8217;error d&#8217;aquest acord sense acord amb els grans perjudicats que s\u00f3n els agricultors i ramaders europeus\u201d.<\/p>\n\n\n\n<p>El president de AVA-Asaja, Crist\u00f3bal Aguado, afirma que \u201cen 28 anys de negociacions els nostres pol\u00edtics no han sabut o estimat saber el que vol el sector agrari, la qual cosa demostra una incompet\u00e8ncia flagrant o una mala fe pr\u00f2pia no de pol\u00edtics sin\u00f3 d&#8217;oportunistes de conveni\u00e8ncia. El primer que hauria de rectificar \u00e9s el president del govern espanyol, que ha d&#8217;escoltar m\u00e9s a Macron i menys a Von der Leyen. Tamb\u00e9 seria millor que el Govern alemany baixara del ruc, que es cree que \u00e9s l&#8217;\u00fanic que preserva la unitat europea i, en lloc d&#8217;imposar, buscara un acord amb els agricultors i ramaders. Els pol\u00edtics de Brussel\u00b7les han de trepitjar terra, fa falta m\u00e9s Europa, per\u00f2 des de la solidaritat i no des de la discriminaci\u00f3 i el menyspreu com estan fent\u201d.<\/p>\n\n\n\n<p>AVA-Asaja ha enviat una carta als europarlamentaris del Partit Popular i del Partit Socialista -concretament a Esteban Gonz\u00e1lez Pons i a Iratxe Garc\u00eda respectivament- en la qual retrau el sentit del vot dels seus grups, el 21 de gener a Estrasburg, en contra de sol\u00b7licitar al Tribunal de Just\u00edcia de la Uni\u00f3 Europea (TJUE) que examine si l&#8217;acord UE-Mercosur compleix amb el Tractat de Roma, tal com havia manifestat el conjunt del sector agrari mitjan\u00e7ant protestes convocades pel Copa-Cogeca a Brussel\u00b7les i Estrasburg, amb participaci\u00f3 de AVA-Asaja, aix\u00ed com en la majoria dels pa\u00efsos europeus.<\/p>\n\n\n\n<p>A trav\u00e9s d&#8217;aquestes missives, l&#8217;associaci\u00f3 reclama al PP i PSOE del PE que, a l&#8217;espera que el TJUE comunique la seua decisi\u00f3, tots dos grups donen suport a la introducci\u00f3 de les mesures que l&#8217;actual tractat UE-Mercosur no cont\u00e9 i que el sector agrari demanda: mesures de reciprocitat respecte a les importacions de Mercosur, mecanismes verdaderament \u00e0gils i efica\u00e7os de protecci\u00f3 de la producci\u00f3 europea, estudis previs d&#8217;impacte objectius i avaluacions de seguiment.<br><br><strong>Mocions als ajuntaments<\/strong><\/p>\n\n\n\n<p>AVA-Asaja tamb\u00e9 demana als ajuntaments de la Comunitat Valenciana, com a entitats pol\u00edtiques m\u00e9s pr\u00f2ximes als ciutadans, que aproven una moci\u00f3 instant la Uni\u00f3 Europea a rebutjar la ratificaci\u00f3 de l&#8217;actual acord comercial UE\u2013Mercosur, mentre no contemple les demandes dels agricultors i ramaders. La moci\u00f3 sol\u00b7licita aix\u00ed mateix a la Comissi\u00f3 Europea i al Consell que respecten la voluntat expressada pel PE, que va votar a favor de sol\u00b7licitar un dictamen al TJUE sobre la legalitat de l&#8217;acord, i que no s&#8217;active de manera provisional la part comercial del tractat mentre no hi haja una resoluci\u00f3 del TJUE.<\/p>\n\n\n\n<p>La moci\u00f3 sol\u00b7licita al Govern d&#8217;Espanya i a la Generalitat Valenciana que traslladen davant les institucions europees la seua oposici\u00f3 a l&#8217;acord en els termes actuals, defensant els interessos del sector agrari valenci\u00e0 i espanyol. Igualment demana fer costat expl\u00edcitament als agricultors i ramaders valencians, especialment als sectors de la ramaderia, l&#8217;apicultura, l&#8217;arr\u00f2s i els c\u00edtrics, davant els greus perjudicis que aquest acord suposaria per a la seua viabilitat econ\u00f2mica i social. Finalment, la moci\u00f3 inclou donar trasllat a la Comissi\u00f3 Europea, al Govern d&#8217;Espanya, a la Generalitat Valenciana i a les organitzacions agr\u00e0ries representatives de la Comunitat Valenciana.<\/p>\n","protected":false},"excerpt":{"rendered":"<div class=\"mh-excerpt\">L&#8217;associaci\u00f3 retrau al PP i PSOE del PE el seu vot en contra del camp i demana als ajuntaments que aproven una moci\u00f3 per a protegir els productors. En plena onada de mobilitzacions del sector <a class=\"mh-excerpt-more\" href=\"https:\/\/www.tucomarca.com\/wordpress\/segunda\/ca\/ava-asaja-exigeix-a-la-comissio-i-el-govern-espanyol-que-rectifiquen-el-error-de-mercosur\/\" title=\"AVA-Asaja exigeix a la Comissi\u00f3 i el Govern espanyol que rectifiquen el \u201cerror\u201d de Mercosur\">[+] <\/a><\/div>\n","protected":false},"author":12,"featured_media":292867,"comment_status":"open","ping_status":"open","sticky":false,"template":"","format":"standard","meta":{"footnotes":""},"categories":[10905,10898,10948,10894,10904,10902,10947,10896],"tags":[11924,16418,23737],"class_list":{"0":"post-292868","1":"post","2":"type-post","3":"status-publish","4":"format-standard","5":"has-post-thumbnail","7":"category-agricultura-la-comarca-ca","8":"category-ventana-ca","9":"category-infraestructuras-ca","10":"category-la-comarca-ca","11":"category-sin-categorizar-ca","12":"category-la-ribera-ca","13":"category-politica","14":"category-seccion-ca","15":"tag-ava-asaja-ca","16":"tag-manifestacion-ca","17":"tag-mercosur-ca"},"_links":{"self":[{"href":"https:\/\/www.tucomarca.com\/wordpress\/segunda\/ca\/wp-json\/wp\/v2\/posts\/292868","targetHints":{"allow":["GET"]}}],"collection":[{"href":"https:\/\/www.tucomarca.com\/wordpress\/segunda\/ca\/wp-json\/wp\/v2\/posts"}],"about":[{"href":"https:\/\/www.tucomarca.com\/wordpress\/segunda\/ca\/wp-json\/wp\/v2\/types\/post"}],"author":[{"embeddable":true,"href":"https:\/\/www.tucomarca.com\/wordpress\/segunda\/ca\/wp-json\/wp\/v2\/users\/12"}],"replies":[{"embeddable":true,"href":"https:\/\/www.tucomarca.com\/wordpress\/segunda\/ca\/wp-json\/wp\/v2\/comments?post=292868"}],"version-history":[{"count":0,"href":"https:\/\/www.tucomarca.com\/wordpress\/segunda\/ca\/wp-json\/wp\/v2\/posts\/292868\/revisions"}],"wp:featuredmedia":[{"embeddable":true,"href":"https:\/\/www.tucomarca.com\/wordpress\/segunda\/ca\/wp-json\/wp\/v2\/media\/292867"}],"wp:attachment":[{"href":"https:\/\/www.tucomarca.com\/wordpress\/segunda\/ca\/wp-json\/wp\/v2\/media?parent=292868"}],"wp:term":[{"taxonomy":"category","embeddable":true,"href":"https:\/\/www.tucomarca.com\/wordpress\/segunda\/ca\/wp-json\/wp\/v2\/categories?post=292868"},{"taxonomy":"post_tag","embeddable":true,"href":"https:\/\/www.tucomarca.com\/wordpress\/segunda\/ca\/wp-json\/wp\/v2\/tags?post=292868"}],"curies":[{"name":"wp","href":"https:\/\/api.w.org\/{rel}","templated":true}]}}