{"id":292900,"date":"2026-02-11T09:45:00","date_gmt":"2026-02-11T08:45:00","guid":{"rendered":"https:\/\/www.tucomarca.com\/wordpress\/segunda\/?p=292900"},"modified":"2026-02-11T19:01:36","modified_gmt":"2026-02-11T18:01:36","slug":"natalia-enguix-defen-limpuls-de-politiques-que-fomenten-el-talent-femeni-en-la-ciencia","status":"publish","type":"post","link":"https:\/\/www.tucomarca.com\/wordpress\/segunda\/ca\/natalia-enguix-defen-limpuls-de-politiques-que-fomenten-el-talent-femeni-en-la-ciencia\/","title":{"rendered":"Nat\u00e0lia Enguix def\u00e9n l&#8217;impuls de pol\u00edtiques que fomenten el talent femen\u00ed en la ci\u00e8ncia"},"content":{"rendered":"\n<h3 class=\"wp-block-heading\">La vicepresidenta i diputada d&#8217;Igualtat, Nat\u00e0lia Enguix, aposta per \u201celaborar des de les administracions pol\u00edtiques p\u00fabliques que beneficien a tota la poblaci\u00f3 perqu\u00e8 estes no s\u00f3n neutres i, si no s&#8217;aplica la perspectiva de g\u00e8nere, s&#8217;acaba pensant nom\u00e9s en la realitat dels h\u00f2mens\u201d.<\/h3>\n\n\n\n<h3 class=\"wp-block-heading\">Expertes i ajuntaments reivindiquen el valor d&#8217;il\u00b7lusionar a les xiquetes amb referents de proximitat i equips diversos per a eliminar els condicionants de g\u00e8nere en el mercat laboral i el m\u00f3n rural.<\/h3>\n\n\n\n<p>Per qu\u00e8 una xiqueta que de xicoteta desmuntava rellotges o col\u00b7leccionava pedres acaba dubtant de si les matem\u00e0tiques s\u00f3n per a ella? Esta ha sigut una de les preguntes que ha sobrevolat este dimecres la taula de debat celebrada a la Universitat Polit\u00e8cnica de Val\u00e8ncia (UPV) durant la jornada &#8216;Despertant vocacions&#8217; organitzada per l&#8217;\u00e0rea d&#8217;Igualtat de la Diputaci\u00f3 de Val\u00e8ncia amb la coordinaci\u00f3 de Womanation-Aliances emprenedores amb motiu de la commemoraci\u00f3 del Dia Internacional de la Dona i la Xiqueta en la Ci\u00e8ncia.<\/p>\n\n\n\n<p>L&#8217;acte ha servit per a posar en relleu que el talent no t\u00e9 g\u00e8nere, per\u00f2 que el sistema, sovint, sembla &#8220;apagar&#8221; esta curiositat cient\u00edfica innata en les xiquetes a partir dels sis anys. En este sentit, la vicepresidenta primera de la Diputaci\u00f3 de Val\u00e8ncia, Nat\u00e0lia Enguix, ha inaugurat la sessi\u00f3 defenent que la participaci\u00f3 plena de les dones en la ci\u00e8ncia \u00e9s un requisit indispensable per a aconseguir la igualtat real perqu\u00e8 \u201cles pol\u00edtiques p\u00fabliques no s\u00f3n neutres. Per aix\u00f2, des de Diputaci\u00f3 de Val\u00e8ncia treballem amb una perspectiva de g\u00e8nere t\u00e8cnica i transversal que beneficie al 100% de la poblaci\u00f3\u201d. La vicepresidenta ha recordat que \u201chem creat una guia amb un urbanisme amb perspectiva de g\u00e8nere des de l&#8217;\u00e0rea de Cooperaci\u00f3 Municipal, o mostrant referents i figures des de l&#8217;\u00e0mbit cultural i la mem\u00f2ria democr\u00e0tica o a trav\u00e9s de l&#8217;\u00e0rea de Comarcalitzaci\u00f3, acostant la igualtat a tots els pobles perqu\u00e8 la igualtat \u00e9s necess\u00e0ria perqu\u00e8 una societat siga evolucionada\u201d.<\/p>\n\n\n\n<p>En este sentit, Enguix ha recordat que estes accions venen recolzades per un increment hist\u00f2ric de recursos en l&#8217;\u00e0rea d&#8217;Igualtat que coordina, en triplicar les ajudes destinades als ajuntaments membres de la Xarxa de Municipis Protegits contra la Viol\u00e8ncia de G\u00e8nere passant dels 600.000 euros de 2023 a aconseguir els 1,9 milions d&#8217;euros previstos per a 2026.<\/p>\n\n\n\n<figure class=\"wp-block-gallery has-nested-images columns-default is-cropped wp-block-gallery-1 is-layout-flex wp-block-gallery-is-layout-flex\">\n<figure class=\"wp-block-image size-large\"><img loading=\"lazy\" decoding=\"async\" width=\"1024\" height=\"691\" data-id=\"292893\" src=\"https:\/\/www.tucomarca.com\/wordpress\/segunda\/wp-content\/uploads\/2026\/02\/Dipu_DiaMujerCiencia5-1024x691.jpg\" alt=\"\" class=\"wp-image-292893\" srcset=\"https:\/\/www.tucomarca.com\/wordpress\/segunda\/wp-content\/uploads\/2026\/02\/Dipu_DiaMujerCiencia5-1024x691.jpg 1024w, https:\/\/www.tucomarca.com\/wordpress\/segunda\/wp-content\/uploads\/2026\/02\/Dipu_DiaMujerCiencia5-300x202.jpg 300w, https:\/\/www.tucomarca.com\/wordpress\/segunda\/wp-content\/uploads\/2026\/02\/Dipu_DiaMujerCiencia5-768x518.jpg 768w, https:\/\/www.tucomarca.com\/wordpress\/segunda\/wp-content\/uploads\/2026\/02\/Dipu_DiaMujerCiencia5.jpg 1181w\" sizes=\"auto, (max-width: 1024px) 100vw, 1024px\" \/><\/figure>\n\n\n\n<figure class=\"wp-block-image size-large\"><img loading=\"lazy\" decoding=\"async\" width=\"1024\" height=\"691\" data-id=\"292889\" src=\"https:\/\/www.tucomarca.com\/wordpress\/segunda\/wp-content\/uploads\/2026\/02\/Dipu_DiaMujerCiencia6-1024x691.jpg\" alt=\"\" class=\"wp-image-292889\" srcset=\"https:\/\/www.tucomarca.com\/wordpress\/segunda\/wp-content\/uploads\/2026\/02\/Dipu_DiaMujerCiencia6-1024x691.jpg 1024w, https:\/\/www.tucomarca.com\/wordpress\/segunda\/wp-content\/uploads\/2026\/02\/Dipu_DiaMujerCiencia6-300x202.jpg 300w, https:\/\/www.tucomarca.com\/wordpress\/segunda\/wp-content\/uploads\/2026\/02\/Dipu_DiaMujerCiencia6-768x518.jpg 768w, https:\/\/www.tucomarca.com\/wordpress\/segunda\/wp-content\/uploads\/2026\/02\/Dipu_DiaMujerCiencia6.jpg 1181w\" sizes=\"auto, (max-width: 1024px) 100vw, 1024px\" \/><\/figure>\n<\/figure>\n\n\n\n<p>La jornada tamb\u00e9 ha comptat amb la benvinguda de la vicerectora de Desenvolupament Sostenible de la UPV, D\u00e9bora Domingo, qui ha qualificat este dia \u201cd&#8217;important\u00edssim per a totes nosaltres\u201d perqu\u00e8 \u201cel Dia Internacional de la Dona i la Xiqueta en la ci\u00e8ncia no \u00e9s un dia que celebrem com una efem\u00e8ride a\u00efllada, sin\u00f3 que s&#8217;emmarca molt b\u00e9 amb el programa que des de la UPV desenvolupem al llarg de l&#8217;any. Per aix\u00f2, ens fa especial il\u00b7lusi\u00f3 acollir este acte\u201d. Aix\u00ed mateix, en la mateixa l\u00ednia s&#8217;ha pronunciat, Ang\u00e9lica G\u00f3mez, propulsora de Womanation i coordinadora de l&#8217;esdeveniment, en qualificar de \u201cfabul\u00f3s\u201d que les administracions com la Diputaci\u00f3 de Val\u00e8ncia \u201cs&#8217;involucren en dies tan importants com el de hui perqu\u00e8 siga possible que hi haja m\u00e9s dones i xiquetes en la ci\u00e8ncia\u201d.<\/p>\n\n\n\n<p><strong>Talent femen\u00ed en la ci\u00e8ncia<\/strong><\/p>\n\n\n\n<p>L&#8217;acte ha continuat amb una taula redona moderada per la periodista Silvia Tom\u00e1s, en la qual s&#8217;han exposat exemples pr\u00e0ctics de municipis que ja estan liderant este canvi. Les representants dels ajuntaments d&#8217;Aras de los Olmos i Ayora, Mar\u00eda Jos\u00e9 \u00c1lvaro i M. Carmen Gavidia, han compartit els seus projectes locals al costat de dos cient\u00edfiques d&#8217;avantguarda: Llum Pinter, experta en seguretat tecnol\u00f2gica, i Mar\u00eda R. Albiach, CEO de Valgenetics.&nbsp;<\/p>\n\n\n\n<p>L&#8217;enginyera inform\u00e0tica Llum Pinter ha recordat que el talent no t\u00e9 g\u00e8nere, per\u00f2 que el sistema a vegades &#8220;l&#8217;apaga&#8221;, i ha def\u00e9s que el verdader obstacle no \u00e9s la dificultat de la carrera, sin\u00f3 sentir que est\u00e0s en un lloc que no et correspon pel fet de ser dona. &#8220;El m\u00f3n tendix cap al tecnol\u00f2gic i estem deixant fora a les xiquetes; elles han de saber que han d&#8217;anar cap all\u00e0 i les fam\u00edlies han d&#8217;impulsar-les perqu\u00e8 \u00e9s cap a on es dirigix el mercat laboral&#8221;, ha destacat. Pinter, que treballa en una multinacional tecnol\u00f2gica americana amb seu a Val\u00e8ncia, ha explicat que en la seua empresa es promociona activament la diversitat perqu\u00e8 els equips heterogenis funcionen millor i aix\u00f2 repercutix directament en els resultats econ\u00f2mics. &#8220;Quan es dissenyen solucions tecnol\u00f2giques en equips on no participen dones, el producte naix amb un condicionant&#8221;, ha afirmat, citant com a exemple els primers cinturons de seguretat o tel\u00e8fons intel\u00b7ligents dissenyats sense visi\u00f3 femenina.<\/p>\n\n\n\n<p>Per part seua, la CEO de Valgenetics, Mar\u00eda R. Albiach, ha compartit la seua pr\u00f2pia experi\u00e8ncia de resili\u00e8ncia en explicar com, despr\u00e9s de ser acomiadada estant embarassada durant una crisi, va utilitzar la seua base cient\u00edfica per a crear el seu propi &#8220;pla B&#8221;: una empresa l\u00edder en gen\u00e8tica viral. Albiach ha insistit que no cal posar l\u00edmits al coneixement i que \u00e9s vital que les fam\u00edlies i educadors amplifiquen el talent de les xiquetes en lloc de veure-ho com una cosa &#8220;rara&#8221;. Albiach ha insistit que &#8220;si una xiqueta t\u00e9 un talent, cal amplificar-lo&#8221;, subratllant que les coses no cal &#8220;agarrar-les a cabassos&#8221;, sin\u00f3 entendre que el nostre deure \u00e9s &#8220;il\u00b7lusionar a les xiquetes&#8221;. &#8220;No ser\u00e0s doctora de colp; anir\u00e0s fent passets i aix\u00f2 fa que no siga dif\u00edcil&#8221;, ha explicat, posant l&#8217;accent que cal centrar els esfor\u00e7os en aquelles xiquetes que no saben o no s&#8217;il\u00b7lusionen perqu\u00e8 alg\u00fa els ha apagat esta espurna.<\/p>\n\n\n\n<p>Durant el debat ha sorgit la necessitat que les xiquetes compten amb referents pr\u00f2xims, on no valen \u201cfigures del segle XIX\u201d, un plantejament que ha sigut sostingut per les representants municipals, les quals han demostrat que el canvi ja est\u00e0 liderant-se des de l&#8217;\u00e0mbit local. Carmen Gavidia, des de l&#8217;ajuntament d&#8217;Ayora, ha explicat com han rescatat hist\u00f2ries de dones que ja en els anys 70 gestionaven la log\u00edstica d&#8217;empreses o creaven f\u00e0briques t\u00e8xtils sense que ning\u00fa els reconeguera el m\u00e8rit de ser empres\u00e0ries. En la mateixa l\u00ednia, Mar\u00eda Jos\u00e9 \u00c1lvaro, d&#8217;Aras de los Olmos, ha posat el focus en les dificultats del m\u00f3n rural, on la falta de servicis de conciliaci\u00f3 obliga les dones a anar &#8220;deu mil passos per darrere&#8221;. No obstant aix\u00f2, ha destacat l&#8217;aparici\u00f3 d&#8217;una nova &#8220;repoblaci\u00f3&#8221; de llicenciades que tornen als seus municipis per a emprendre, creant xarxes de suport perqu\u00e8 les xiquetes vegen que la tecnologia est\u00e0 darrere d&#8217;una cosa tan quotidiana com l&#8217;agricultura o la seguretat de les seues dades.&nbsp;<\/p>\n\n\n\n<p>Per a tancar la trobada, la vicepresidenta Nat\u00e0lia Enguix ha reafirmat que la Diputaci\u00f3 no permetr\u00e0 que el talent de les xiquetes es perda per falta de suport. &#8220;Continuarem bolcant-nos amb els ajuntaments perqu\u00e8 la igualtat arribe a cada rac\u00f3, perqu\u00e8 una societat que no compta amb les seues cient\u00edfiques \u00e9s una societat que camina a mig fer&#8221;, ha concl\u00f2s, subratllant que la inversi\u00f3 institucional \u00e9s la ferramenta perqu\u00e8 el talent femen\u00ed valenci\u00e0 lidere els avan\u00e7os que el m\u00f3n ja est\u00e0 demandant. La jornada ha concl\u00f2s amb la participaci\u00f3 de personal t\u00e8cnic de l&#8217;Oficina de Projectes Europeus de la Diputaci\u00f3, que ha detallat les l\u00ednies de finan\u00e7ament que els ajuntaments tenen a la seua disposici\u00f3 per a projectes d&#8217;innovaci\u00f3 i educaci\u00f3.&nbsp;<\/p>\n","protected":false},"excerpt":{"rendered":"<div class=\"mh-excerpt\">La vicepresidenta i diputada d&#8217;Igualtat, Nat\u00e0lia Enguix, aposta per \u201celaborar des de les administracions pol\u00edtiques p\u00fabliques que beneficien a tota la poblaci\u00f3 perqu\u00e8 estes no s\u00f3n neutres i, si no s&#8217;aplica la perspectiva de g\u00e8nere, <a class=\"mh-excerpt-more\" href=\"https:\/\/www.tucomarca.com\/wordpress\/segunda\/ca\/natalia-enguix-defen-limpuls-de-politiques-que-fomenten-el-talent-femeni-en-la-ciencia\/\" title=\"Nat\u00e0lia Enguix def\u00e9n l&#8217;impuls de pol\u00edtiques que fomenten el talent femen\u00ed en la ci\u00e8ncia\">[+] <\/a><\/div>\n","protected":false},"author":12,"featured_media":292892,"comment_status":"open","ping_status":"open","sticky":false,"template":"","format":"standard","meta":{"footnotes":""},"categories":[10954,10951,11042,11046,10898,10948,10894,10904,10947,10896],"tags":[23897,11246,20404,23898],"class_list":{"0":"post-292900","1":"post","2":"type-post","3":"status-publish","4":"format-standard","5":"has-post-thumbnail","7":"category-ayora-ca","8":"category-ayora-cofrentes-ca","9":"category-aras-de-olmos-ca","10":"category-los-serranos-ca","11":"category-ventana-ca","12":"category-infraestructuras-ca","13":"category-la-comarca-ca","14":"category-sin-categorizar-ca","15":"category-politica","16":"category-seccion-ca","17":"tag-dia-internacional-de-la-mujer-y-la-nina-en-la-ciencia-ca","18":"tag-diputacio-de-valencia-ca","19":"tag-natalia-enguix-2-ca","20":"tag-talento-femenino-en-la-ciencia-ca"},"_links":{"self":[{"href":"https:\/\/www.tucomarca.com\/wordpress\/segunda\/ca\/wp-json\/wp\/v2\/posts\/292900","targetHints":{"allow":["GET"]}}],"collection":[{"href":"https:\/\/www.tucomarca.com\/wordpress\/segunda\/ca\/wp-json\/wp\/v2\/posts"}],"about":[{"href":"https:\/\/www.tucomarca.com\/wordpress\/segunda\/ca\/wp-json\/wp\/v2\/types\/post"}],"author":[{"embeddable":true,"href":"https:\/\/www.tucomarca.com\/wordpress\/segunda\/ca\/wp-json\/wp\/v2\/users\/12"}],"replies":[{"embeddable":true,"href":"https:\/\/www.tucomarca.com\/wordpress\/segunda\/ca\/wp-json\/wp\/v2\/comments?post=292900"}],"version-history":[{"count":0,"href":"https:\/\/www.tucomarca.com\/wordpress\/segunda\/ca\/wp-json\/wp\/v2\/posts\/292900\/revisions"}],"wp:featuredmedia":[{"embeddable":true,"href":"https:\/\/www.tucomarca.com\/wordpress\/segunda\/ca\/wp-json\/wp\/v2\/media\/292892"}],"wp:attachment":[{"href":"https:\/\/www.tucomarca.com\/wordpress\/segunda\/ca\/wp-json\/wp\/v2\/media?parent=292900"}],"wp:term":[{"taxonomy":"category","embeddable":true,"href":"https:\/\/www.tucomarca.com\/wordpress\/segunda\/ca\/wp-json\/wp\/v2\/categories?post=292900"},{"taxonomy":"post_tag","embeddable":true,"href":"https:\/\/www.tucomarca.com\/wordpress\/segunda\/ca\/wp-json\/wp\/v2\/tags?post=292900"}],"curies":[{"name":"wp","href":"https:\/\/api.w.org\/{rel}","templated":true}]}}