{"id":292955,"date":"2026-02-11T13:00:00","date_gmt":"2026-02-11T12:00:00","guid":{"rendered":"https:\/\/www.tucomarca.com\/wordpress\/segunda\/?p=292955"},"modified":"2026-02-11T20:41:26","modified_gmt":"2026-02-11T19:41:26","slug":"mes-de-440-agricultors-i-ramaders-de-la-unio-i-10-tractors-participen-en-la-gran-protesta-que-ha-culminat-davant-del-ministeri-dagricultura","status":"publish","type":"post","link":"https:\/\/www.tucomarca.com\/wordpress\/segunda\/ca\/mes-de-440-agricultors-i-ramaders-de-la-unio-i-10-tractors-participen-en-la-gran-protesta-que-ha-culminat-davant-del-ministeri-dagricultura\/","title":{"rendered":"M\u00e9s de 440 agricultors i ramaders de La Uni\u00f3 i 10 tractors participen en la gran protesta que ha culminat davant del Ministeri d\u2019Agricultura"},"content":{"rendered":"\n<h3 class=\"wp-block-heading\">Malestar contra les pol\u00edtiques agr\u00e0ries que retallen la PAC, permeten acords perjudicials com el de Mercosur o una excessiva burocr\u00e0cia, entre altres q\u00fcestions.<\/h3>\n\n\n\n<p>M\u00e9s de 440 agricultors i ramaders de La Uni\u00f3 Llauradora i Ramadera i 10 tractors, procedents de tota la Comunitat Valenciana, han participat hui a Madrid en la gran manifestaci\u00f3-tractorada del camp convocada per la seua organitzaci\u00f3 estatal Uni\u00f3n de Uniones per a reivindicar i posar l\u2019accent en les nefastes pol\u00edtiques agr\u00e0ries de totes les Administracions.<\/p>\n\n\n\n<p>La delegaci\u00f3 de La Uni\u00f3 ha eixit esta passada matinada amb autob\u00fas des de totes les comarques de la Comunitat Valenciana (220 persones de les comarques de Val\u00e8ncia, 110 de les d\u2019Alacant i altres 110 de les de Castell\u00f3). Els tractors van eixir dimarts en g\u00f3ndoles per a unir-se a la resta dels d\u2019altres comunitats aut\u00f2nomes que han partit en cinc columnes fins a l\u2019entrada a Madrid. L\u2019organitzaci\u00f3 preveia 1.500 tractors, per\u00f2 una resoluci\u00f3 governativa els va deixar en 500.<\/p>\n\n\n\n<p>El malestar en el camp \u00e9s gran. Les explotacions agr\u00e0ries travessen una situaci\u00f3 cr\u00edtica marcada per costos de producci\u00f3 creixents, pressions reguladores i la compet\u00e8ncia derivada d\u2019acords comercials internacionals. La guerra a Ucra\u00efna va disparar els costos, mentre que acords com els de Mercosur o el Marroc introdu\u00efxen compet\u00e8ncia amb normes sanit\u00e0ries, ambientals i laborals menys exigents, cosa que situa els productors valencians en clara desavantatge. Tot aix\u00f2 se suma a la incertesa sobre la futura Pol\u00edtica Agr\u00e0ria Comuna (PAC) i el Marc Financer Plurianual 2028-2034, que podrien retallar ajudes fins a un 22 %, afectant directament la renda dels agricultors i ramaders.<\/p>\n\n\n\n<p>El sector ramader afronta, a m\u00e9s, un escenari d\u2019emerg\u00e8ncia sanit\u00e0ria, amb malalties com la Pesta Porcina Africana, la influen\u00e7a avi\u00e0ria, la malaltia de Newcastle o la Dermatosi Nodular Contagiosa, que colpegen la producci\u00f3 i generen restriccions addicionals.<\/p>\n\n\n\n<p>Els acords comercials impulsats per la Uni\u00f3 Europea, especialment l\u2019UE-MERCOSUR, s\u00f3n percebuts com desavantatjosos per a l\u2019agricultura i la ramaderia europea, ja que afavorixen sectors industrials i de serveis mentre el sector primari europeu suporta la compet\u00e8ncia sense reciprocitat. La liberalitzaci\u00f3 comercial sense cl\u00e0usules espill ni controls rigorosos genera compet\u00e8ncia deslleial i amena\u00e7a la sobirania i la seguretat aliment\u00e0ria, traslladant el risc del productor al consumidor i al conjunt de l\u2019economia local i rural.<\/p>\n\n\n\n<p>Davant este panorama, el sector reclama pol\u00edtiques clares i efectives: una PAC forta i ben finan\u00e7ada, preus justos que cobrisquen els costos de producci\u00f3, mesures de prevenci\u00f3 i gesti\u00f3 sanit\u00e0ria m\u00e9s eficaces, ajudes que permeten la incorporaci\u00f3 de joves al camp i una reducci\u00f3 de l\u2019excessiva burocr\u00e0cia. La falta de rendes dignes, estabilitat i perspectives de futur no nom\u00e9s posa en risc explotacions i fam\u00edlies, sin\u00f3 que amena\u00e7a l\u2019autonomia aliment\u00e0ria, el medi rural i la continu\u00eftat de la producci\u00f3 d\u2019aliments.<\/p>\n\n\n\n<p>\u00c9s la quarta protesta que realitza La Uni\u00f3 Llauradora i Ramadera en menys de dos mesos per a denunciar les males pol\u00edtiques agr\u00e0ries de totes les Administracions. La primera va ser el passat 18 de desembre pels carrers de Val\u00e8ncia, la segona davant la Representaci\u00f3 de la Comissi\u00f3 Europea a Madrid el 19 de desembre, la tercera novament a Val\u00e8ncia el 29 de gener i la de hui tanca, de moment, el cicle de manifestacions de l\u2019organitzaci\u00f3, encara que tot indica que no seran les \u00faltimes.<\/p>\n\n\n\n<figure class=\"wp-block-gallery has-nested-images columns-2 is-cropped wp-block-gallery-1 is-layout-flex wp-block-gallery-is-layout-flex\">\n<figure class=\"wp-block-image size-large\"><img loading=\"lazy\" decoding=\"async\" width=\"1024\" height=\"691\" data-id=\"292941\" src=\"http:\/\/www.tucomarca.com\/wordpress\/segunda\/wp-content\/uploads\/2026\/02\/LaUnioManiMercosur01-1024x691.jpg\" alt=\"\" class=\"wp-image-292941\" srcset=\"https:\/\/www.tucomarca.com\/wordpress\/segunda\/wp-content\/uploads\/2026\/02\/LaUnioManiMercosur01-1024x691.jpg 1024w, https:\/\/www.tucomarca.com\/wordpress\/segunda\/wp-content\/uploads\/2026\/02\/LaUnioManiMercosur01-300x202.jpg 300w, https:\/\/www.tucomarca.com\/wordpress\/segunda\/wp-content\/uploads\/2026\/02\/LaUnioManiMercosur01-768x518.jpg 768w, https:\/\/www.tucomarca.com\/wordpress\/segunda\/wp-content\/uploads\/2026\/02\/LaUnioManiMercosur01.jpg 1181w\" sizes=\"auto, (max-width: 1024px) 100vw, 1024px\" \/><\/figure>\n\n\n\n<figure class=\"wp-block-image size-large\"><img loading=\"lazy\" decoding=\"async\" width=\"1024\" height=\"691\" data-id=\"292945\" src=\"http:\/\/www.tucomarca.com\/wordpress\/segunda\/wp-content\/uploads\/2026\/02\/LaUnioManiMercosur03-1024x691.jpg\" alt=\"\" class=\"wp-image-292945\" srcset=\"https:\/\/www.tucomarca.com\/wordpress\/segunda\/wp-content\/uploads\/2026\/02\/LaUnioManiMercosur03-1024x691.jpg 1024w, https:\/\/www.tucomarca.com\/wordpress\/segunda\/wp-content\/uploads\/2026\/02\/LaUnioManiMercosur03-300x202.jpg 300w, https:\/\/www.tucomarca.com\/wordpress\/segunda\/wp-content\/uploads\/2026\/02\/LaUnioManiMercosur03-768x518.jpg 768w, https:\/\/www.tucomarca.com\/wordpress\/segunda\/wp-content\/uploads\/2026\/02\/LaUnioManiMercosur03.jpg 1181w\" sizes=\"auto, (max-width: 1024px) 100vw, 1024px\" \/><\/figure>\n\n\n\n<figure class=\"wp-block-image size-large\"><img loading=\"lazy\" decoding=\"async\" width=\"1024\" height=\"691\" data-id=\"292943\" src=\"https:\/\/www.tucomarca.com\/wordpress\/segunda\/wp-content\/uploads\/2026\/02\/LaUnioManiMercosur02-1024x691.jpg\" alt=\"\" class=\"wp-image-292943\" srcset=\"https:\/\/www.tucomarca.com\/wordpress\/segunda\/wp-content\/uploads\/2026\/02\/LaUnioManiMercosur02-1024x691.jpg 1024w, https:\/\/www.tucomarca.com\/wordpress\/segunda\/wp-content\/uploads\/2026\/02\/LaUnioManiMercosur02-300x202.jpg 300w, https:\/\/www.tucomarca.com\/wordpress\/segunda\/wp-content\/uploads\/2026\/02\/LaUnioManiMercosur02-768x518.jpg 768w, https:\/\/www.tucomarca.com\/wordpress\/segunda\/wp-content\/uploads\/2026\/02\/LaUnioManiMercosur02.jpg 1181w\" sizes=\"auto, (max-width: 1024px) 100vw, 1024px\" \/><\/figure>\n\n\n\n<figure class=\"wp-block-image size-large\"><img loading=\"lazy\" decoding=\"async\" width=\"1024\" height=\"691\" data-id=\"292947\" src=\"https:\/\/www.tucomarca.com\/wordpress\/segunda\/wp-content\/uploads\/2026\/02\/LaUnioManiMercosur04-1024x691.jpg\" alt=\"\" class=\"wp-image-292947\" srcset=\"https:\/\/www.tucomarca.com\/wordpress\/segunda\/wp-content\/uploads\/2026\/02\/LaUnioManiMercosur04-1024x691.jpg 1024w, https:\/\/www.tucomarca.com\/wordpress\/segunda\/wp-content\/uploads\/2026\/02\/LaUnioManiMercosur04-300x202.jpg 300w, https:\/\/www.tucomarca.com\/wordpress\/segunda\/wp-content\/uploads\/2026\/02\/LaUnioManiMercosur04-768x518.jpg 768w, https:\/\/www.tucomarca.com\/wordpress\/segunda\/wp-content\/uploads\/2026\/02\/LaUnioManiMercosur04.jpg 1181w\" sizes=\"auto, (max-width: 1024px) 100vw, 1024px\" \/><\/figure>\n\n\n\n<figure class=\"wp-block-image size-large\"><img loading=\"lazy\" decoding=\"async\" width=\"1024\" height=\"691\" data-id=\"292949\" src=\"https:\/\/www.tucomarca.com\/wordpress\/segunda\/wp-content\/uploads\/2026\/02\/LaUnioManiMercosur05-1024x691.jpg\" alt=\"\" class=\"wp-image-292949\" srcset=\"https:\/\/www.tucomarca.com\/wordpress\/segunda\/wp-content\/uploads\/2026\/02\/LaUnioManiMercosur05-1024x691.jpg 1024w, https:\/\/www.tucomarca.com\/wordpress\/segunda\/wp-content\/uploads\/2026\/02\/LaUnioManiMercosur05-300x202.jpg 300w, https:\/\/www.tucomarca.com\/wordpress\/segunda\/wp-content\/uploads\/2026\/02\/LaUnioManiMercosur05-768x518.jpg 768w, https:\/\/www.tucomarca.com\/wordpress\/segunda\/wp-content\/uploads\/2026\/02\/LaUnioManiMercosur05.jpg 1181w\" sizes=\"auto, (max-width: 1024px) 100vw, 1024px\" \/><\/figure>\n<\/figure>\n","protected":false},"excerpt":{"rendered":"<div class=\"mh-excerpt\">Malestar contra les pol\u00edtiques agr\u00e0ries que retallen la PAC, permeten acords perjudicials com el de Mercosur o una excessiva burocr\u00e0cia, entre altres q\u00fcestions. M\u00e9s de 440 agricultors i ramaders de La Uni\u00f3 Llauradora i Ramadera <a class=\"mh-excerpt-more\" href=\"https:\/\/www.tucomarca.com\/wordpress\/segunda\/ca\/mes-de-440-agricultors-i-ramaders-de-la-unio-i-10-tractors-participen-en-la-gran-protesta-que-ha-culminat-davant-del-ministeri-dagricultura\/\" title=\"M\u00e9s de 440 agricultors i ramaders de La Uni\u00f3 i 10 tractors participen en la gran protesta que ha culminat davant del Ministeri d\u2019Agricultura\">[+] <\/a><\/div>\n","protected":false},"author":12,"featured_media":292952,"comment_status":"open","ping_status":"open","sticky":false,"template":"","format":"gallery","meta":{"footnotes":""},"categories":[10905,10898,10948,10894,10904,10947,10896],"tags":[18022,23737,20206],"class_list":{"0":"post-292955","1":"post","2":"type-post","3":"status-publish","4":"format-gallery","5":"has-post-thumbnail","7":"category-agricultura-la-comarca-ca","8":"category-ventana-ca","9":"category-infraestructuras-ca","10":"category-la-comarca-ca","11":"category-sin-categorizar-ca","12":"category-politica","13":"category-seccion-ca","14":"tag-la-unio-llauradora-ca","15":"tag-mercosur-ca","16":"tag-protestas-agricultores-ca","17":"post_format-post-format-gallery"},"_links":{"self":[{"href":"https:\/\/www.tucomarca.com\/wordpress\/segunda\/ca\/wp-json\/wp\/v2\/posts\/292955","targetHints":{"allow":["GET"]}}],"collection":[{"href":"https:\/\/www.tucomarca.com\/wordpress\/segunda\/ca\/wp-json\/wp\/v2\/posts"}],"about":[{"href":"https:\/\/www.tucomarca.com\/wordpress\/segunda\/ca\/wp-json\/wp\/v2\/types\/post"}],"author":[{"embeddable":true,"href":"https:\/\/www.tucomarca.com\/wordpress\/segunda\/ca\/wp-json\/wp\/v2\/users\/12"}],"replies":[{"embeddable":true,"href":"https:\/\/www.tucomarca.com\/wordpress\/segunda\/ca\/wp-json\/wp\/v2\/comments?post=292955"}],"version-history":[{"count":0,"href":"https:\/\/www.tucomarca.com\/wordpress\/segunda\/ca\/wp-json\/wp\/v2\/posts\/292955\/revisions"}],"wp:featuredmedia":[{"embeddable":true,"href":"https:\/\/www.tucomarca.com\/wordpress\/segunda\/ca\/wp-json\/wp\/v2\/media\/292952"}],"wp:attachment":[{"href":"https:\/\/www.tucomarca.com\/wordpress\/segunda\/ca\/wp-json\/wp\/v2\/media?parent=292955"}],"wp:term":[{"taxonomy":"category","embeddable":true,"href":"https:\/\/www.tucomarca.com\/wordpress\/segunda\/ca\/wp-json\/wp\/v2\/categories?post=292955"},{"taxonomy":"post_tag","embeddable":true,"href":"https:\/\/www.tucomarca.com\/wordpress\/segunda\/ca\/wp-json\/wp\/v2\/tags?post=292955"}],"curies":[{"name":"wp","href":"https:\/\/api.w.org\/{rel}","templated":true}]}}