{"id":292977,"date":"2026-02-11T13:15:00","date_gmt":"2026-02-11T12:15:00","guid":{"rendered":"https:\/\/www.tucomarca.com\/wordpress\/segunda\/?p=292977"},"modified":"2026-02-11T21:27:06","modified_gmt":"2026-02-11T20:27:06","slug":"el-fort-vent-registrat-aquest-dimecres-a-linterior-de-la-provincia-de-valencia-amb-ratxes-de-125-k-h-a-bunyol-provoca-nombroses-incidencies","status":"publish","type":"post","link":"https:\/\/www.tucomarca.com\/wordpress\/segunda\/ca\/el-fort-vent-registrat-aquest-dimecres-a-linterior-de-la-provincia-de-valencia-amb-ratxes-de-125-k-h-a-bunyol-provoca-nombroses-incidencies\/","title":{"rendered":"El fort vent registrat aquest dimecres a l&#8217;interior de la prov\u00edncia de Val\u00e8ncia, amb ratxes de 125 k\/h a Bunyol, provoca nombroses incid\u00e8ncies"},"content":{"rendered":"\n<h3 class=\"wp-block-heading\">Les ratxes m\u00e9s destacades han superat els 125 km\/h en pobles com Bunyol.<\/h3>\n\n\n\n<p>L&#8217;interior de la prov\u00edncia de Val\u00e8ncia est\u00e0 vivint durant els \u00faltims dies un episodi de vent intens que ha deixat ratxes de m\u00e9s de 100 km\/h en diverses localitats, segons dades oficials de les \u00faltimes jornades facilitats per Aemet.&nbsp;<\/p>\n\n\n\n<p>Les ratxes m\u00e9s destacades han superat els 125 km\/h en punts com Bunyol i han aconseguit xifres similars en altres municipis de l&#8217;interior valenci\u00e0. En localitats pr\u00f2ximes tamb\u00e9 s&#8217;han registrat velocitats de vent molt elevades, amb ratxes superiors a 100 km\/h a Aiora, Teresa de Cofrents i altres poblacions de la comarca.&nbsp;<\/p>\n\n\n\n<p>El fenomen ha estat impulsat per la influ\u00e8ncia de la borrasca Nils, que ha deixat avisos activats en diverses zones de la Comunitat Valenciana i ha mantingut la prov\u00edncia en alerta per fen\u00f2mens meteorol\u00f2gics adversos.&nbsp;<\/p>\n\n\n\n<p>Les ratxes intenses han provocat incid\u00e8ncies generalitzades a la prov\u00edncia. Els serveis d&#8217;emerg\u00e8ncia han at\u00e9s m\u00e9s de 20 intervencions relacionades amb el vent, centrades principalment en la retirada de plaques met\u00e0l\u00b7liques, cartells, elements de fa\u00e7ana i arbres en risc de caiguda, com ha sigut el cas de les desenvolupades a La Pobla de Vallbona, Alzira o Aldaia. Per fortuna, no s&#8217;han registrat danys personals greus, encara que s\u00ed s&#8217;ha obligat a extremar les precaucions per la possibilitat de despreniments.&nbsp;<\/p>\n\n\n\n<p>Les autoritats han recordat a la poblaci\u00f3 que mantinga la prud\u00e8ncia, assegurant objectes susceptibles de ser arrossegats pel vent i evitant activitats a l&#8217;aire lliure en zones exposades mentre es mantinguen les alertes meteorol\u00f2giques.<\/p>\n\n\n\n<figure class=\"wp-block-gallery has-nested-images columns-2 is-cropped wp-block-gallery-1 is-layout-flex wp-block-gallery-is-layout-flex\">\n<figure class=\"wp-block-image size-large\"><img loading=\"lazy\" decoding=\"async\" width=\"759\" height=\"1024\" data-id=\"292967\" src=\"https:\/\/www.tucomarca.com\/wordpress\/segunda\/wp-content\/uploads\/2026\/02\/BomberosViento1-759x1024.jpg\" alt=\"\" class=\"wp-image-292967\" srcset=\"https:\/\/www.tucomarca.com\/wordpress\/segunda\/wp-content\/uploads\/2026\/02\/BomberosViento1-759x1024.jpg 759w, https:\/\/www.tucomarca.com\/wordpress\/segunda\/wp-content\/uploads\/2026\/02\/BomberosViento1-222x300.jpg 222w, https:\/\/www.tucomarca.com\/wordpress\/segunda\/wp-content\/uploads\/2026\/02\/BomberosViento1-768x1036.jpg 768w, https:\/\/www.tucomarca.com\/wordpress\/segunda\/wp-content\/uploads\/2026\/02\/BomberosViento1.jpg 886w\" sizes=\"auto, (max-width: 759px) 100vw, 759px\" \/><\/figure>\n\n\n\n<figure class=\"wp-block-image size-large\"><img loading=\"lazy\" decoding=\"async\" width=\"1024\" height=\"575\" data-id=\"292972\" src=\"https:\/\/www.tucomarca.com\/wordpress\/segunda\/wp-content\/uploads\/2026\/02\/BomberosViento3-1024x575.jpeg\" alt=\"\" class=\"wp-image-292972\" srcset=\"https:\/\/www.tucomarca.com\/wordpress\/segunda\/wp-content\/uploads\/2026\/02\/BomberosViento3-1024x575.jpeg 1024w, https:\/\/www.tucomarca.com\/wordpress\/segunda\/wp-content\/uploads\/2026\/02\/BomberosViento3-300x169.jpeg 300w, https:\/\/www.tucomarca.com\/wordpress\/segunda\/wp-content\/uploads\/2026\/02\/BomberosViento3-768x432.jpeg 768w, https:\/\/www.tucomarca.com\/wordpress\/segunda\/wp-content\/uploads\/2026\/02\/BomberosViento3-1536x863.jpeg 1536w, https:\/\/www.tucomarca.com\/wordpress\/segunda\/wp-content\/uploads\/2026\/02\/BomberosViento3-678x381.jpeg 678w, https:\/\/www.tucomarca.com\/wordpress\/segunda\/wp-content\/uploads\/2026\/02\/BomberosViento3.jpeg 1920w\" sizes=\"auto, (max-width: 1024px) 100vw, 1024px\" \/><\/figure>\n\n\n\n<figure class=\"wp-block-image size-large\"><img loading=\"lazy\" decoding=\"async\" width=\"1024\" height=\"575\" data-id=\"292974\" src=\"https:\/\/www.tucomarca.com\/wordpress\/segunda\/wp-content\/uploads\/2026\/02\/BomberosViento4-1024x575.jpeg\" alt=\"\" class=\"wp-image-292974\" srcset=\"https:\/\/www.tucomarca.com\/wordpress\/segunda\/wp-content\/uploads\/2026\/02\/BomberosViento4-1024x575.jpeg 1024w, https:\/\/www.tucomarca.com\/wordpress\/segunda\/wp-content\/uploads\/2026\/02\/BomberosViento4-300x169.jpeg 300w, https:\/\/www.tucomarca.com\/wordpress\/segunda\/wp-content\/uploads\/2026\/02\/BomberosViento4-768x432.jpeg 768w, https:\/\/www.tucomarca.com\/wordpress\/segunda\/wp-content\/uploads\/2026\/02\/BomberosViento4-1536x863.jpeg 1536w, https:\/\/www.tucomarca.com\/wordpress\/segunda\/wp-content\/uploads\/2026\/02\/BomberosViento4-678x381.jpeg 678w, https:\/\/www.tucomarca.com\/wordpress\/segunda\/wp-content\/uploads\/2026\/02\/BomberosViento4.jpeg 1920w\" sizes=\"auto, (max-width: 1024px) 100vw, 1024px\" \/><\/figure>\n<\/figure>\n","protected":false},"excerpt":{"rendered":"<div class=\"mh-excerpt\">Les ratxes m\u00e9s destacades han superat els 125 km\/h en pobles com Bunyol. L&#8217;interior de la prov\u00edncia de Val\u00e8ncia est\u00e0 vivint durant els \u00faltims dies un episodi de vent intens que ha deixat ratxes de <a class=\"mh-excerpt-more\" href=\"https:\/\/www.tucomarca.com\/wordpress\/segunda\/ca\/el-fort-vent-registrat-aquest-dimecres-a-linterior-de-la-provincia-de-valencia-amb-ratxes-de-125-k-h-a-bunyol-provoca-nombroses-incidencies\/\" title=\"El fort vent registrat aquest dimecres a l&#8217;interior de la prov\u00edncia de Val\u00e8ncia, amb ratxes de 125 k\/h a Bunyol, provoca nombroses incid\u00e8ncies\">[+] <\/a><\/div>\n","protected":false},"author":12,"featured_media":292970,"comment_status":"open","ping_status":"open","sticky":false,"template":"","format":"gallery","meta":{"footnotes":""},"categories":[10954,10951,10911,10898,10948,10894,10904,10912,10903,10896,10897,10958],"tags":[11192,10913,10899,10914,10916,11077],"class_list":{"0":"post-292977","1":"post","2":"type-post","3":"status-publish","4":"format-gallery","5":"has-post-thumbnail","7":"category-ayora-ca","8":"category-ayora-cofrentes-ca","9":"category-bunol-ca","10":"category-ventana-ca","11":"category-infraestructuras-ca","12":"category-la-comarca-ca","13":"category-sin-categorizar-ca","14":"category-la-hoya-ca","15":"category-medio-ambiente-la-comarca-ca","16":"category-seccion-ca","17":"category-sucesos-la-comarca-ca","18":"category-teresa-de-cofrentes-ca","19":"tag-alzira-ca","20":"tag-bunol-ca","21":"tag-camp-de-turia-ca","22":"tag-la-hoya-de-bunol-chiva-ca","23":"tag-la-pobla-de-vallbona-ca","24":"tag-la-ribera-alta-ca","25":"post_format-post-format-gallery"},"_links":{"self":[{"href":"https:\/\/www.tucomarca.com\/wordpress\/segunda\/ca\/wp-json\/wp\/v2\/posts\/292977","targetHints":{"allow":["GET"]}}],"collection":[{"href":"https:\/\/www.tucomarca.com\/wordpress\/segunda\/ca\/wp-json\/wp\/v2\/posts"}],"about":[{"href":"https:\/\/www.tucomarca.com\/wordpress\/segunda\/ca\/wp-json\/wp\/v2\/types\/post"}],"author":[{"embeddable":true,"href":"https:\/\/www.tucomarca.com\/wordpress\/segunda\/ca\/wp-json\/wp\/v2\/users\/12"}],"replies":[{"embeddable":true,"href":"https:\/\/www.tucomarca.com\/wordpress\/segunda\/ca\/wp-json\/wp\/v2\/comments?post=292977"}],"version-history":[{"count":0,"href":"https:\/\/www.tucomarca.com\/wordpress\/segunda\/ca\/wp-json\/wp\/v2\/posts\/292977\/revisions"}],"wp:featuredmedia":[{"embeddable":true,"href":"https:\/\/www.tucomarca.com\/wordpress\/segunda\/ca\/wp-json\/wp\/v2\/media\/292970"}],"wp:attachment":[{"href":"https:\/\/www.tucomarca.com\/wordpress\/segunda\/ca\/wp-json\/wp\/v2\/media?parent=292977"}],"wp:term":[{"taxonomy":"category","embeddable":true,"href":"https:\/\/www.tucomarca.com\/wordpress\/segunda\/ca\/wp-json\/wp\/v2\/categories?post=292977"},{"taxonomy":"post_tag","embeddable":true,"href":"https:\/\/www.tucomarca.com\/wordpress\/segunda\/ca\/wp-json\/wp\/v2\/tags?post=292977"}],"curies":[{"name":"wp","href":"https:\/\/api.w.org\/{rel}","templated":true}]}}