{"id":292993,"date":"2026-02-12T09:00:00","date_gmt":"2026-02-12T08:00:00","guid":{"rendered":"https:\/\/www.tucomarca.com\/wordpress\/segunda\/?p=292993"},"modified":"2026-02-12T19:20:30","modified_gmt":"2026-02-12T18:20:30","slug":"la-falla-el-prado-de-bunyol-exalta-la-seua-fallera-major-2026-lidia-ortega-notario","status":"publish","type":"post","link":"https:\/\/www.tucomarca.com\/wordpress\/segunda\/ca\/la-falla-el-prado-de-bunyol-exalta-la-seua-fallera-major-2026-lidia-ortega-notario\/","title":{"rendered":"La Falla El Prado de Bunyol exalta la seua Fallera Major 2026, Lidia Ortega Notario"},"content":{"rendered":"\n<p>La Falla El Prado de Bunyol celebrar\u00e0 aquest dissabte, <strong>14 de febrer<\/strong> l\u2019acte d\u2019exaltaci\u00f3 de la seua <strong>Fallera Major 2026, Lidia Ortega Notario<\/strong>, en un esdeveniment que marcar\u00e0 oficialment l\u2019inici d\u2019un nou exercici faller per a la comissi\u00f3.<\/p>\n\n\n\n<p>L\u2019acte tindr\u00e0 lloc al <strong>Teatre Montecarlo<\/strong>, a partir de les <strong>18,30 hores<\/strong>, on familiars, fallers, representants del m\u00f3n faller local i ve\u00efnat acompanyaran la protagonista en una de les cites m\u00e9s emotives del calendari. L\u2019exaltaci\u00f3 servir\u00e0 per a retre homenatge a qui ostentar\u00e0 la m\u00e0xima representaci\u00f3 de la falla durant el present any, simbolitzant la tradici\u00f3, la cultura i el sentiment faller de la comissi\u00f3.<\/p>\n\n\n\n<p>Des de la Falla El Prado s\u2019invita la ciutadania a participar en este acte, que combinar\u00e0 solemnitat, m\u00fasica i emoci\u00f3, i que suposa un dels moments m\u00e9s significatius abans de la celebraci\u00f3 de les pr\u00f2ximes Falles.<\/p>\n\n\n\n<p>Amb esta exaltaci\u00f3, la comissi\u00f3 inicia un nou cicle festiu amb la mirada posada en mar\u00e7.<\/p>\n","protected":false},"excerpt":{"rendered":"<div class=\"mh-excerpt\">La Falla El Prado de Bunyol celebrar\u00e0 aquest dissabte, 14 de febrer l\u2019acte d\u2019exaltaci\u00f3 de la seua Fallera Major 2026, Lidia Ortega Notario, en un esdeveniment que marcar\u00e0 oficialment l\u2019inici d\u2019un nou exercici faller per <a class=\"mh-excerpt-more\" href=\"https:\/\/www.tucomarca.com\/wordpress\/segunda\/ca\/la-falla-el-prado-de-bunyol-exalta-la-seua-fallera-major-2026-lidia-ortega-notario\/\" title=\"La Falla El Prado de Bunyol exalta la seua Fallera Major 2026, Lidia Ortega Notario\">[+] <\/a><\/div>\n","protected":false},"author":12,"featured_media":292992,"comment_status":"open","ping_status":"open","sticky":false,"template":"","format":"standard","meta":{"footnotes":""},"categories":[11019,10911,10894,10912,11007,10896],"tags":[10913,15649,10914],"class_list":{"0":"post-292993","1":"post","2":"type-post","3":"status-publish","4":"format-standard","5":"has-post-thumbnail","7":"category-agenda-ca","8":"category-bunol-ca","9":"category-la-comarca-ca","10":"category-la-hoya-ca","11":"category-ocio-y-cultura-ca","12":"category-seccion-ca","13":"tag-bunol-ca","14":"tag-falla-el-prado-ca","15":"tag-la-hoya-de-bunol-chiva-ca"},"_links":{"self":[{"href":"https:\/\/www.tucomarca.com\/wordpress\/segunda\/ca\/wp-json\/wp\/v2\/posts\/292993","targetHints":{"allow":["GET"]}}],"collection":[{"href":"https:\/\/www.tucomarca.com\/wordpress\/segunda\/ca\/wp-json\/wp\/v2\/posts"}],"about":[{"href":"https:\/\/www.tucomarca.com\/wordpress\/segunda\/ca\/wp-json\/wp\/v2\/types\/post"}],"author":[{"embeddable":true,"href":"https:\/\/www.tucomarca.com\/wordpress\/segunda\/ca\/wp-json\/wp\/v2\/users\/12"}],"replies":[{"embeddable":true,"href":"https:\/\/www.tucomarca.com\/wordpress\/segunda\/ca\/wp-json\/wp\/v2\/comments?post=292993"}],"version-history":[{"count":0,"href":"https:\/\/www.tucomarca.com\/wordpress\/segunda\/ca\/wp-json\/wp\/v2\/posts\/292993\/revisions"}],"wp:featuredmedia":[{"embeddable":true,"href":"https:\/\/www.tucomarca.com\/wordpress\/segunda\/ca\/wp-json\/wp\/v2\/media\/292992"}],"wp:attachment":[{"href":"https:\/\/www.tucomarca.com\/wordpress\/segunda\/ca\/wp-json\/wp\/v2\/media?parent=292993"}],"wp:term":[{"taxonomy":"category","embeddable":true,"href":"https:\/\/www.tucomarca.com\/wordpress\/segunda\/ca\/wp-json\/wp\/v2\/categories?post=292993"},{"taxonomy":"post_tag","embeddable":true,"href":"https:\/\/www.tucomarca.com\/wordpress\/segunda\/ca\/wp-json\/wp\/v2\/tags?post=292993"}],"curies":[{"name":"wp","href":"https:\/\/api.w.org\/{rel}","templated":true}]}}