{"id":293065,"date":"2026-02-12T12:10:00","date_gmt":"2026-02-12T11:10:00","guid":{"rendered":"https:\/\/www.tucomarca.com\/wordpress\/segunda\/?p=293065"},"modified":"2026-02-25T13:05:00","modified_gmt":"2026-02-25T12:05:00","slug":"el-pp-de-chella-condemna-els-actes-contra-la-bandera-espanyola-i-les-amenaces-a-la-filla-de-lalcalde","status":"publish","type":"post","link":"https:\/\/www.tucomarca.com\/wordpress\/segunda\/ca\/el-pp-de-chella-condemna-els-actes-contra-la-bandera-espanyola-i-les-amenaces-a-la-filla-de-lalcalde\/","title":{"rendered":"El PP de Chella condemna els actes contra la bandera espanyola i les amenaces a la filla de l&#8217;alcalde"},"content":{"rendered":"\n<p><strong>Mart\u00ednez: &#8220;Els s\u00edmbols nacionals han de ser respectats, s\u00f3n la identitat del poble i no s&#8217;ha de permetre que siguen ultratjats<\/strong>&#8220;.<\/p>\n\n\n<div class=\"wp-block-image\">\n<figure class=\"alignleft size-large is-resized\"><img loading=\"lazy\" decoding=\"async\" width=\"886\" height=\"1024\" src=\"https:\/\/www.tucomarca.com\/wordpress\/segunda\/wp-content\/uploads\/2026\/02\/EstherMartinezPPChella-886x1024.jpg\" alt=\"\" class=\"wp-image-293058\" style=\"width:230px;height:auto\" srcset=\"https:\/\/www.tucomarca.com\/wordpress\/segunda\/wp-content\/uploads\/2026\/02\/EstherMartinezPPChella-886x1024.jpg 886w, https:\/\/www.tucomarca.com\/wordpress\/segunda\/wp-content\/uploads\/2026\/02\/EstherMartinezPPChella-260x300.jpg 260w, https:\/\/www.tucomarca.com\/wordpress\/segunda\/wp-content\/uploads\/2026\/02\/EstherMartinezPPChella-768x887.jpg 768w, https:\/\/www.tucomarca.com\/wordpress\/segunda\/wp-content\/uploads\/2026\/02\/EstherMartinezPPChella.jpg 921w\" sizes=\"auto, (max-width: 886px) 100vw, 886px\" \/><\/figure>\n<\/div>\n\n\n<p>El Partit Popular de Chella ha manifestat la seua &#8220;condemna als fets protagonitzats per la filla de l&#8217;alcalde i dos j\u00f3vens m\u00e9s durant els carnestoltes en els quals van cremar una bandera espanyola mentres cantaven l&#8217;himne regional&#8221;. El PP condemna &#8220;qualsevol acte que atempte contra la bandera nacional i contra Espanya, vinga d&#8217;on vinga&#8221;, ha assegurat la portaveu popular, Esther Mart\u00ednez.<\/p>\n\n\n\n<p>Igualment, ha def\u00e9s, &#8220;els s\u00edmbols nacionals han de ser respectats, s\u00f3n la identitat del poble i no s&#8217;ha de permetre que siguen ultratjats ni objecte de burla i maltractament&#8221;.<\/p>\n\n\n\n<p>Aix\u00ed mateix, el Partit Popular de Chella, condemna &#8220;fermament&#8221; les amenaces personals que est\u00e0 rebent la filla de l&#8217;alcalde: &#8220;Cada acte, amb les seues conseq\u00fc\u00e8ncies, ha de ser jutjat on corresponga, no en xarxes socials&#8221;, ha esgrimit Mart\u00ednez, al mateix temps que ha destacat l&#8217;actitud de la filla de l&#8217;alcalde despr\u00e9s de la pol\u00e8mica: &#8220;Ens consta el penediment de la jove per l&#8217;acte com\u00e9s, considerat un error per part seua&#8221;.<\/p>\n","protected":false},"excerpt":{"rendered":"<div class=\"mh-excerpt\">Mart\u00ednez: &#8220;Els s\u00edmbols nacionals han de ser respectats, s\u00f3n la identitat del poble i no s&#8217;ha de permetre que siguen ultratjats&#8220;. El Partit Popular de Chella ha manifestat la seua &#8220;condemna als fets protagonitzats per <a class=\"mh-excerpt-more\" href=\"https:\/\/www.tucomarca.com\/wordpress\/segunda\/ca\/el-pp-de-chella-condemna-els-actes-contra-la-bandera-espanyola-i-les-amenaces-a-la-filla-de-lalcalde\/\" title=\"El PP de Chella condemna els actes contra la bandera espanyola i les amenaces a la filla de l&#8217;alcalde\">[+] <\/a><\/div>\n","protected":false},"author":1,"featured_media":293059,"comment_status":"open","ping_status":"open","sticky":false,"template":"","format":"standard","meta":{"footnotes":""},"categories":[10968,10963,10894,10904,10947,10896],"tags":[12454,11094,11344],"class_list":{"0":"post-293065","1":"post","2":"type-post","3":"status-publish","4":"format-standard","5":"has-post-thumbnail","7":"category-chella-ca","8":"category-la-canal-de-navarres-ca","9":"category-la-comarca-ca","10":"category-sin-categorizar-ca","11":"category-politica","12":"category-seccion-ca","13":"tag-chella-ca","14":"tag-la-canal-de-navarres","15":"tag-pp-ca"},"_links":{"self":[{"href":"https:\/\/www.tucomarca.com\/wordpress\/segunda\/ca\/wp-json\/wp\/v2\/posts\/293065","targetHints":{"allow":["GET"]}}],"collection":[{"href":"https:\/\/www.tucomarca.com\/wordpress\/segunda\/ca\/wp-json\/wp\/v2\/posts"}],"about":[{"href":"https:\/\/www.tucomarca.com\/wordpress\/segunda\/ca\/wp-json\/wp\/v2\/types\/post"}],"author":[{"embeddable":true,"href":"https:\/\/www.tucomarca.com\/wordpress\/segunda\/ca\/wp-json\/wp\/v2\/users\/1"}],"replies":[{"embeddable":true,"href":"https:\/\/www.tucomarca.com\/wordpress\/segunda\/ca\/wp-json\/wp\/v2\/comments?post=293065"}],"version-history":[{"count":0,"href":"https:\/\/www.tucomarca.com\/wordpress\/segunda\/ca\/wp-json\/wp\/v2\/posts\/293065\/revisions"}],"wp:featuredmedia":[{"embeddable":true,"href":"https:\/\/www.tucomarca.com\/wordpress\/segunda\/ca\/wp-json\/wp\/v2\/media\/293059"}],"wp:attachment":[{"href":"https:\/\/www.tucomarca.com\/wordpress\/segunda\/ca\/wp-json\/wp\/v2\/media?parent=293065"}],"wp:term":[{"taxonomy":"category","embeddable":true,"href":"https:\/\/www.tucomarca.com\/wordpress\/segunda\/ca\/wp-json\/wp\/v2\/categories?post=293065"},{"taxonomy":"post_tag","embeddable":true,"href":"https:\/\/www.tucomarca.com\/wordpress\/segunda\/ca\/wp-json\/wp\/v2\/tags?post=293065"}],"curies":[{"name":"wp","href":"https:\/\/api.w.org\/{rel}","templated":true}]}}