{"id":293066,"date":"2026-02-12T10:30:00","date_gmt":"2026-02-12T09:30:00","guid":{"rendered":"https:\/\/www.tucomarca.com\/wordpress\/segunda\/?p=293066"},"modified":"2026-02-12T20:08:03","modified_gmt":"2026-02-12T19:08:03","slug":"el-circuit-ricardo-tormo-celebra-aquest-cap-de-setmana-les-winter-series-i-el-festival-roow","status":"publish","type":"post","link":"https:\/\/www.tucomarca.com\/wordpress\/segunda\/ca\/el-circuit-ricardo-tormo-celebra-aquest-cap-de-setmana-les-winter-series-i-el-festival-roow\/","title":{"rendered":"El Circuit Ricardo Tormo celebra aquest cap de setmana les Winter S\u00e8ries i el festival ROOW"},"content":{"rendered":"\n<h3 class=\"wp-block-heading\">A m\u00e9s de l&#8217;acci\u00f3 en la pista, ROOW organitza la seua segona trobada en el Circuit amb numersosas activitats.<\/h3>\n\n\n\n<p>El Circuit Ricardo Tormo celebra aquest cap de setmana les Winter S\u00e8ries, l&#8217;esdeveniment que inaugura la temporada esportiva en el tra\u00e7at valenci\u00e0 i que reuneix equips i pilots de les categories GT, GT4, F\u00f3rmules i Prototips.<\/p>\n\n\n\n<p>La programaci\u00f3 es desenvolupa durant les jornades del dissabte 14 i diumenge 15 de febrer amb m\u00e9s d&#8217;una dotzena de sessions oficials i un programa d&#8217;activitats per a tots els aficionats gr\u00e0cies a la col\u00b7laboraci\u00f3 de ROOW, un festival d&#8217;activitats relacionades amb el m\u00f3n del motor en el qual milers de seguidors acudiran al Circuit Ricardo Tormo per a gaudir del programa d&#8217;oci en el p\u00e0doc i els seus voltants. L&#8217;actuaci\u00f3 de l&#8217;artista DJ Nano se suma a una oferta dissenyada per a tots els p\u00fablics, al costat d&#8217;un Demolition Derby inspirat en les competicions nord-americanes.<\/p>\n\n\n\n<p>La jornada del dissabte comen\u00e7a amb els entrenaments oficials i continua amb les sessions de classificaci\u00f3 de Prototips, F\u00f3rmules, GT i GT4 fins al migdia. La primera carrera de Prototips se celebra a les 12.30 hores i, a partir d&#8217;eixe moment, es disputen cinc carreres consecutives fins a les 18.00 hores, quan l&#8217;artista DJ Nano actua en l&#8217;escenari principal del p\u00e0doc.<\/p>\n\n\n\n<p>El diumenge l&#8217;activitat s&#8217;inicia a les 09.00 hores amb la classificaci\u00f3 de F\u00f3rmules. La segona carrera de GT comen\u00e7a a les 09.45, la segona de GT4 a les 10.45 i la segona de F\u00f3rmules a les 11.45 hores. A les 12.15 s&#8217;obri el pit walk per a tots els assistents. A la vesprada se celebra la tercera carrera de GT a les 13.35, la tercera carrera de F\u00f3rmules a les 15.00 i la tercera carrera de GT4 a les 16.00 hores, que posa fi al programa esportiu del cap de setmana.<\/p>\n\n\n\n<p>Les entrades estan disponibles en la p\u00e0gina web del Circuit i permeten l&#8217;acc\u00e9s al p\u00e0doc durant tot el cap de setmana per a observar de prop el treball dels equips i els pilots. L&#8217;oferta d&#8217;activitats es completa amb food trucks, una \u00e0mplia zona comercial, una exposici\u00f3 de cotxes personalitzats i una gymkhana de drift oberta als aficionats.<\/p>\n\n\n\n<p>Les Winter S\u00e8ries aprofiten les condicions climatol\u00f2giques dels circuits d&#8217;Espanya i Portugal per a reunir a alguns dels equips m\u00e9s destacats de l&#8217;automobilisme europeu en un format alternatiu al calendari estival. ROOW organitza el seu segon esdeveniment en el Circuit despr\u00e9s de l&#8217;\u00e8xit obtingut al setembre, quan el p\u00fablic va gaudir de propostes com un partit de futbol disputat amb cotxes i una pilota de gran grand\u00e0ria.<\/p>\n","protected":false},"excerpt":{"rendered":"<div class=\"mh-excerpt\">A m\u00e9s de l&#8217;acci\u00f3 en la pista, ROOW organitza la seua segona trobada en el Circuit amb numersosas activitats. El Circuit Ricardo Tormo celebra aquest cap de setmana les Winter S\u00e8ries, l&#8217;esdeveniment que inaugura la <a class=\"mh-excerpt-more\" href=\"https:\/\/www.tucomarca.com\/wordpress\/segunda\/ca\/el-circuit-ricardo-tormo-celebra-aquest-cap-de-setmana-les-winter-series-i-el-festival-roow\/\" title=\"El Circuit Ricardo Tormo celebra aquest cap de setmana les Winter S\u00e8ries i el festival ROOW\">[+] <\/a><\/div>\n","protected":false},"author":12,"featured_media":293064,"comment_status":"open","ping_status":"open","sticky":false,"template":"","format":"standard","meta":{"footnotes":""},"categories":[11019,11017,11003,10894,10904,10912,10896,10974],"tags":[11071,12173,10914,23909],"class_list":{"0":"post-293066","1":"post","2":"type-post","3":"status-publish","4":"format-standard","5":"has-post-thumbnail","7":"category-agenda-ca","8":"category-automovilismo-ca","9":"category-sports","10":"category-la-comarca-ca","11":"category-sin-categorizar-ca","12":"category-la-hoya-ca","13":"category-seccion-ca","14":"category-cheste-ca","15":"tag-cheste","16":"tag-circuito-ricardo-tormo-ca","17":"tag-la-hoya-de-bunol-chiva-ca","18":"tag-winter-series-ca"},"_links":{"self":[{"href":"https:\/\/www.tucomarca.com\/wordpress\/segunda\/ca\/wp-json\/wp\/v2\/posts\/293066","targetHints":{"allow":["GET"]}}],"collection":[{"href":"https:\/\/www.tucomarca.com\/wordpress\/segunda\/ca\/wp-json\/wp\/v2\/posts"}],"about":[{"href":"https:\/\/www.tucomarca.com\/wordpress\/segunda\/ca\/wp-json\/wp\/v2\/types\/post"}],"author":[{"embeddable":true,"href":"https:\/\/www.tucomarca.com\/wordpress\/segunda\/ca\/wp-json\/wp\/v2\/users\/12"}],"replies":[{"embeddable":true,"href":"https:\/\/www.tucomarca.com\/wordpress\/segunda\/ca\/wp-json\/wp\/v2\/comments?post=293066"}],"version-history":[{"count":0,"href":"https:\/\/www.tucomarca.com\/wordpress\/segunda\/ca\/wp-json\/wp\/v2\/posts\/293066\/revisions"}],"wp:featuredmedia":[{"embeddable":true,"href":"https:\/\/www.tucomarca.com\/wordpress\/segunda\/ca\/wp-json\/wp\/v2\/media\/293064"}],"wp:attachment":[{"href":"https:\/\/www.tucomarca.com\/wordpress\/segunda\/ca\/wp-json\/wp\/v2\/media?parent=293066"}],"wp:term":[{"taxonomy":"category","embeddable":true,"href":"https:\/\/www.tucomarca.com\/wordpress\/segunda\/ca\/wp-json\/wp\/v2\/categories?post=293066"},{"taxonomy":"post_tag","embeddable":true,"href":"https:\/\/www.tucomarca.com\/wordpress\/segunda\/ca\/wp-json\/wp\/v2\/tags?post=293066"}],"curies":[{"name":"wp","href":"https:\/\/api.w.org\/{rel}","templated":true}]}}