{"id":293092,"date":"2026-02-12T13:00:00","date_gmt":"2026-02-12T12:00:00","guid":{"rendered":"https:\/\/www.tucomarca.com\/wordpress\/segunda\/?p=293092"},"modified":"2026-02-12T20:22:09","modified_gmt":"2026-02-12T19:22:09","slug":"la-diputacio-assaja-a-la-safor-un-sistema-intelligent-que-detecta-senglars-i-activa-senyals-lluminosos-per-a-evitar-accidents-en-les-carreteres","status":"publish","type":"post","link":"https:\/\/www.tucomarca.com\/wordpress\/segunda\/ca\/la-diputacio-assaja-a-la-safor-un-sistema-intelligent-que-detecta-senglars-i-activa-senyals-lluminosos-per-a-evitar-accidents-en-les-carreteres\/","title":{"rendered":"La Diputaci\u00f3 assaja a la Safor un sistema intel\u00b7ligent que detecta senglars i activa senyals lluminosos per a evitar accidents en les carreteres"},"content":{"rendered":"\n<h3 class=\"wp-block-heading\">El president Vicent Momp\u00f3 i la diputada de Carreteres, Reme Mazzolari, visiten a la Safor el tram pilot que incorpora tecnologia de detecci\u00f3 autom\u00e0tica per a previndre col\u00b7lisions amb fauna.<\/h3>\n\n\n\n<h3 class=\"wp-block-heading\">Momp\u00f3 avan\u00e7a que &#8220;l&#8217;objectiu \u00e9s estendre esta tecnologia a altres trams de la xarxa de carreteres que presenten una problem\u00e0tica similar&#8221;.<\/h3>\n\n\n\n<p>La Diputaci\u00f3 de Val\u00e8ncia ha iniciat en la carretera CV-600 les proves pilot d&#8217;un sistema de senyalitzaci\u00f3 intel\u00b7ligent dissenyat per a detectar la pres\u00e8ncia de senglars en els voltants de la cal\u00e7ada i activar de manera autom\u00e0tica senyals lluminosos d&#8217;advertiment.&nbsp;<\/p>\n\n\n\n<p>El president de la corporaci\u00f3 provincial, Vicent Momp\u00f3, i la diputada de Carreteres, Reme Mazzolari, han visitat este dijous el tram en el qual s&#8217;ha instal\u00b7lat la tecnologia, situat a l&#8217;entorn de Simat de la Valldigna i Benifair\u00f3 de la Valldigna. En la jornada ha sigut present tamb\u00e9 Jos\u00e9 Carlos Cucarella, director general de Metalesa, companyia valenciana l\u00edder en seguretat vi\u00e0ria que est\u00e0 duent a terme el projecte; Ricardo Bono, director general d&#8217;Obra Civil de Grupo Bertol\u00edn, que ha executat les obres; l&#8217;alcalde de Simat de la Valldigna, Sebasti\u00e1n Mahiques; i la presidenta de la Federaci\u00f3 de Ca\u00e7a de la Comunitat Valenciana, Lorena Mart\u00ednez.<\/p>\n\n\n\n<p>El sistema, que s&#8217;instal\u00b7lar\u00e0 de manera estrat\u00e8gica en punts clau de les vies de la xarxa provincial de carreteres, combina c\u00e0meres amb visi\u00f3 artificial i algorismes de detecci\u00f3 autom\u00e0tica que identifiquen el pas d&#8217;animals i activen senyals lluminosos din\u00e0mics \u00fanicament quan existix risc real. A m\u00e9s, la infraestructura incorpora un sistema de registre d&#8217;esdeveniments que permet recopilar dades sobre patrons de pas, franges hor\u00e0ries i freq\u00fc\u00e8ncia d&#8217;activacions.<\/p>\n\n\n\n<p>El president Momp\u00f3 ha emmarcat el projecte dins de l&#8217;estrat\u00e8gia de modernitzaci\u00f3 de la xarxa provincial: \u201cGestionar la xarxa de carreteres provincial implica m\u00e9s que conservar l&#8217;asfalt, implica protegir als qui la recorren cada dia i \u00e9s evident que patim un greu problema amb la sobrepoblaci\u00f3 de fauna silvestre, especialment de senglars, que provoca un risc important en la carretera\u201d.&nbsp;<\/p>\n\n\n\n<p>Per aix\u00f2, ha explicat, \u201camb Metalesa, empresa valenciana, de Carcaixent, hem impulsat un sistema pioner que detecta la pres\u00e8ncia de fauna mitjan\u00e7ant intel\u00b7lig\u00e8ncia artificial, activa una senyalitzaci\u00f3 lluminosa en temps real que avisa als conductors i genera dades per a millorar la gesti\u00f3 futura\u201d. D&#8217;esta manera, ha afegit, \u201c\u00e9s una infraestructura que alerta i protegix. Una soluci\u00f3 que situa a la nostra prov\u00edncia a l&#8217;avantguarda de la seguretat vi\u00e0ria intel\u00b7ligent i que, estic conven\u00e7ut, ser\u00e0 replicada en altres territoris perqu\u00e8 a m\u00e9s les pr\u00f2pies caracter\u00edstiques t\u00e8cniques del sistema, que s&#8217;alimenta mitjan\u00e7ant energia fotovoltaica, permet la seua implantaci\u00f3 sense grans obres ni afeccions a l&#8217;entorn\u201d.<\/p>\n\n\n\n<p>En este sentit, ha detallat Momp\u00f3, \u201cesta instal\u00b7laci\u00f3 en la CV-600 a l&#8217;altura de Simat \u00e9s una prova pilot. Passades unes setmanes, avaluarem els resultats, analitzarem les dades i, si l&#8217;efic\u00e0cia \u00e9s la que esperem, estendrem este model als trams m\u00e9s sensibles de les carreteres provincials. Per al president de la Diputaci\u00f3, esta instal\u00b7laci\u00f3 demostra que \u201cvolem ser referents en prevenci\u00f3, innovaci\u00f3 aplicada i seguretat vi\u00e0ria perqu\u00e8 quan el talent de les nostres empreses s&#8217;alinea amb la determinaci\u00f3 de les institucions p\u00fabliques, l&#8217;\u00e8xit est\u00e0 assegurat\u201d.<\/p>\n\n\n\n<figure class=\"wp-block-gallery has-nested-images columns-default is-cropped wp-block-gallery-1 is-layout-flex wp-block-gallery-is-layout-flex\">\n<figure class=\"wp-block-image size-large\"><img loading=\"lazy\" decoding=\"async\" width=\"1024\" height=\"691\" data-id=\"293084\" src=\"https:\/\/www.tucomarca.com\/wordpress\/segunda\/wp-content\/uploads\/2026\/02\/Dipu_SenalizacionJabalies6-1024x691.jpg\" alt=\"\" class=\"wp-image-293084\" srcset=\"https:\/\/www.tucomarca.com\/wordpress\/segunda\/wp-content\/uploads\/2026\/02\/Dipu_SenalizacionJabalies6-1024x691.jpg 1024w, https:\/\/www.tucomarca.com\/wordpress\/segunda\/wp-content\/uploads\/2026\/02\/Dipu_SenalizacionJabalies6-300x202.jpg 300w, https:\/\/www.tucomarca.com\/wordpress\/segunda\/wp-content\/uploads\/2026\/02\/Dipu_SenalizacionJabalies6-768x518.jpg 768w, https:\/\/www.tucomarca.com\/wordpress\/segunda\/wp-content\/uploads\/2026\/02\/Dipu_SenalizacionJabalies6.jpg 1181w\" sizes=\"auto, (max-width: 1024px) 100vw, 1024px\" \/><\/figure>\n\n\n\n<figure class=\"wp-block-image size-large\"><img loading=\"lazy\" decoding=\"async\" width=\"1024\" height=\"691\" data-id=\"293088\" src=\"https:\/\/www.tucomarca.com\/wordpress\/segunda\/wp-content\/uploads\/2026\/02\/Dipu_SenalizacionJabalies2-1024x691.jpg\" alt=\"\" class=\"wp-image-293088\" srcset=\"https:\/\/www.tucomarca.com\/wordpress\/segunda\/wp-content\/uploads\/2026\/02\/Dipu_SenalizacionJabalies2-1024x691.jpg 1024w, https:\/\/www.tucomarca.com\/wordpress\/segunda\/wp-content\/uploads\/2026\/02\/Dipu_SenalizacionJabalies2-300x202.jpg 300w, https:\/\/www.tucomarca.com\/wordpress\/segunda\/wp-content\/uploads\/2026\/02\/Dipu_SenalizacionJabalies2-768x518.jpg 768w, https:\/\/www.tucomarca.com\/wordpress\/segunda\/wp-content\/uploads\/2026\/02\/Dipu_SenalizacionJabalies2.jpg 1181w\" sizes=\"auto, (max-width: 1024px) 100vw, 1024px\" \/><\/figure>\n<\/figure>\n\n\n\n<p>Per part seua, Reme Mazzolari ha subratllat que la pres\u00e8ncia de senglars s&#8217;ha convertit en un problema creixent en determinades vies interurbanes, per la qual cosa &#8220;des de l&#8217;\u00e0rea de Carreteres estem treballant ja de manera activa en diferents mesures per a reduir el risc que suposa per als conductors&#8221;. Aix\u00ed, la diputada ha destacat &#8220;un sistema de reflectors que s&#8217;ha instal\u00b7lat en la carretera CV-510, d&#8217;Alzira a Favara, mitjan\u00e7ant el qual, quan incidix sobre ells la llum dels focus dels vehicles, reflectixen cap a fora de la carretera un centelleig roig que espanta als animals i que \u00e9s invisible per al conductor&#8221;.<\/p>\n\n\n\n<p>En esta l\u00ednia, Mazzolari ha recordat tamb\u00e9 que des de juny de 2025 el Reglament General de Circulaci\u00f3 incorpora un senyal espec\u00edfic d&#8217;advertiment per pres\u00e8ncia de senglars, &#8220;un canvi normatiu que es va aprovar pel Consell de Ministres per\u00f2 que va comen\u00e7ar a gestar-se en 2022 i que refor\u00e7a una decisi\u00f3 que la Diputaci\u00f3 de Val\u00e8ncia ja havia adoptat amb anterioritat, incorporant des de 2023 este tipus de senyalitzaci\u00f3 en la seua xarxa vi\u00e0ria davant la magnitud del problema&#8221;.<\/p>\n\n\n\n<p>Finalment, Lorena Mart\u00ednez, ha recalcat que \u201cel 80% dels accidents que tenen a vore amb la fauna s\u00f3n amb els senglars\u201d. A m\u00e9s, ha detallat, \u201cles estimacions de la conselleria de Medi Ambient parlen que hi ha entre 100.000 i 200.000 senglars en la Comunitat Valenciana, i els ca\u00e7adors han abatut 50.000 a l&#8217;any, un 16% m\u00e9s que en la temporada anterior, una xifra important perqu\u00e8 aix\u00f2 es trasllada a la reducci\u00f3 d&#8217;accidents\u201d.<\/p>\n\n\n\n<p>A m\u00e9s de les accions en mat\u00e8ria de seguretat vi\u00e0ria, l&#8217;impacte del problema que suposa per a la sobrepoblaci\u00f3 de senglars ha portat a la Diputaci\u00f3 de Val\u00e8ncia a abordar este fet de manera transversal a les seues pol\u00edtiques de gesti\u00f3. Des de l&#8217;\u00e0rea de Desenvolupament Territorial Sostenible i en coordinaci\u00f3 amb la Generalitat Valenciana, es treballa en altres iniciatives com la valoritzaci\u00f3 de la carn de ca\u00e7a i la millora de la log\u00edstica i sanitat associades a la gesti\u00f3 de la fauna.&nbsp;<\/p>\n","protected":false},"excerpt":{"rendered":"<div class=\"mh-excerpt\">El president Vicent Momp\u00f3 i la diputada de Carreteres, Reme Mazzolari, visiten a la Safor el tram pilot que incorpora tecnologia de detecci\u00f3 autom\u00e0tica per a previndre col\u00b7lisions amb fauna. Momp\u00f3 avan\u00e7a que &#8220;l&#8217;objectiu \u00e9s <a class=\"mh-excerpt-more\" href=\"https:\/\/www.tucomarca.com\/wordpress\/segunda\/ca\/la-diputacio-assaja-a-la-safor-un-sistema-intelligent-que-detecta-senglars-i-activa-senyals-lluminosos-per-a-evitar-accidents-en-les-carreteres\/\" title=\"La Diputaci\u00f3 assaja a la Safor un sistema intel\u00b7ligent que detecta senglars i activa senyals lluminosos per a evitar accidents en les carreteres\">[+] <\/a><\/div>\n","protected":false},"author":12,"featured_media":293087,"comment_status":"open","ping_status":"open","sticky":false,"template":"","format":"gallery","meta":{"footnotes":""},"categories":[10898,10948,10894,10904,10903,10947,10896,10897],"tags":[12823,23912,11246],"class_list":{"0":"post-293092","1":"post","2":"type-post","3":"status-publish","4":"format-gallery","5":"has-post-thumbnail","7":"category-ventana-ca","8":"category-infraestructuras-ca","9":"category-la-comarca-ca","10":"category-sin-categorizar-ca","11":"category-medio-ambiente-la-comarca-ca","12":"category-politica","13":"category-seccion-ca","14":"category-sucesos-la-comarca-ca","15":"tag-carreteras-ca","16":"tag-deteccion-de-jabalies-ca","17":"tag-diputacio-de-valencia-ca","18":"post_format-post-format-gallery"},"_links":{"self":[{"href":"https:\/\/www.tucomarca.com\/wordpress\/segunda\/ca\/wp-json\/wp\/v2\/posts\/293092","targetHints":{"allow":["GET"]}}],"collection":[{"href":"https:\/\/www.tucomarca.com\/wordpress\/segunda\/ca\/wp-json\/wp\/v2\/posts"}],"about":[{"href":"https:\/\/www.tucomarca.com\/wordpress\/segunda\/ca\/wp-json\/wp\/v2\/types\/post"}],"author":[{"embeddable":true,"href":"https:\/\/www.tucomarca.com\/wordpress\/segunda\/ca\/wp-json\/wp\/v2\/users\/12"}],"replies":[{"embeddable":true,"href":"https:\/\/www.tucomarca.com\/wordpress\/segunda\/ca\/wp-json\/wp\/v2\/comments?post=293092"}],"version-history":[{"count":0,"href":"https:\/\/www.tucomarca.com\/wordpress\/segunda\/ca\/wp-json\/wp\/v2\/posts\/293092\/revisions"}],"wp:featuredmedia":[{"embeddable":true,"href":"https:\/\/www.tucomarca.com\/wordpress\/segunda\/ca\/wp-json\/wp\/v2\/media\/293087"}],"wp:attachment":[{"href":"https:\/\/www.tucomarca.com\/wordpress\/segunda\/ca\/wp-json\/wp\/v2\/media?parent=293092"}],"wp:term":[{"taxonomy":"category","embeddable":true,"href":"https:\/\/www.tucomarca.com\/wordpress\/segunda\/ca\/wp-json\/wp\/v2\/categories?post=293092"},{"taxonomy":"post_tag","embeddable":true,"href":"https:\/\/www.tucomarca.com\/wordpress\/segunda\/ca\/wp-json\/wp\/v2\/tags?post=293092"}],"curies":[{"name":"wp","href":"https:\/\/api.w.org\/{rel}","templated":true}]}}