{"id":293094,"date":"2026-02-12T08:00:00","date_gmt":"2026-02-12T07:00:00","guid":{"rendered":"https:\/\/www.tucomarca.com\/wordpress\/segunda\/?p=293094"},"modified":"2026-02-25T13:33:22","modified_gmt":"2026-02-25T12:33:22","slug":"eu-unides-podem-assegura-que-la-biblioteca-municipal-del-molino-gala-de-bunyol-esta-sota-minims","status":"publish","type":"post","link":"https:\/\/www.tucomarca.com\/wordpress\/segunda\/ca\/eu-unides-podem-assegura-que-la-biblioteca-municipal-del-molino-gala-de-bunyol-esta-sota-minims\/","title":{"rendered":"EU-Unides Podem assegura que la biblioteca municipal del Molino Gal\u00e0n de Bunyol &#8220;est\u00e0 sota m\u00ednims&#8221;"},"content":{"rendered":"\n<p>Des de la formaci\u00f3 Esquerra Unida-Unides-Podem han informat que van presentar &#8220;fa uns mesos una moci\u00f3 al Ple on denunci\u00e0vem la situaci\u00f3 actual de la Biblioteca municipal: Plantej\u00e0vem la necessitat de corregir l&#8217;aband\u00f3 de la mateixa per falta de personal, de pressupost i dedicaci\u00f3 des d&#8217;ara mateix feia m\u00e9s de 6 mesos. S&#8217;estava tancant la biblioteca al p\u00fablic en horari laboral algunes vesprades i matins per falta de personal ja que l&#8217;Ajuntament no havia cobert la pla\u00e7a vacant d&#8217;auxiliar de biblioteca des d&#8217;el mes d&#8217;agost passat&#8221;.<\/p>\n\n\n\n<p>Des de la formaci\u00f3 Esquerra Unida-Unides-Podem tamb\u00e9 asseguren &#8220;que els ordinadors estan obsolets i requereixen la seua substituci\u00f3 i que hi ha &#8220;problemes de goteres en alguns punts de l&#8217;edifici.&nbsp;<\/p>\n\n\n\n<p>&#8220;Es va debatre la moci\u00f3 que presentem Esquerra Unida-Unides Podem argumentant la import\u00e0ncia hist\u00f2rica i cultural de la nostra Biblioteca que sempre ha sigut refer\u00e8ncia d&#8217;avantguarda per la seua hist\u00f2ria, el seu edifici, les seues instal\u00b7lacions i la seua capacitat cultural.\u00a0Fa uns dies la Comunitat Educativa de Bunyol, professorat, alumnat i fam\u00edlies de tots els Centres Educatius han manat un escrit a l&#8217;Ajuntament demanant que se solucione la problem\u00e0tica generada d&#8217;aband\u00f3 de la Biblioteca. Que es cobrisquen les places de personal, es dote de pressupost per a substituir els vells ordinadors i s&#8217;arreglen algunes goteres de la teulada.\u00a0Des d&#8217;Esquerra Unida-Unides Podemos donem suport a l&#8217;escrit de la Comunitat Educativa i exigim que es complisca la petici\u00f3 d&#8217;aquest tal com plantegem fa mesos en el Ple Municipal&#8221;, tal com ha manifestat el portaveu d&#8217;Esquerra Unida-Unides Podem en el plenari local, Chimo Masmano Ruiz.<\/p>\n","protected":false},"excerpt":{"rendered":"<div class=\"mh-excerpt\">Des de la formaci\u00f3 Esquerra Unida-Unides-Podem han informat que van presentar &#8220;fa uns mesos una moci\u00f3 al Ple on denunci\u00e0vem la situaci\u00f3 actual de la Biblioteca municipal: Plantej\u00e0vem la necessitat de corregir l&#8217;aband\u00f3 de la <a class=\"mh-excerpt-more\" href=\"https:\/\/www.tucomarca.com\/wordpress\/segunda\/ca\/eu-unides-podem-assegura-que-la-biblioteca-municipal-del-molino-gala-de-bunyol-esta-sota-minims\/\" title=\"EU-Unides Podem assegura que la biblioteca municipal del Molino Gal\u00e0n de Bunyol &#8220;est\u00e0 sota m\u00ednims&#8221;\">[+] <\/a><\/div>\n","protected":false},"author":12,"featured_media":293078,"comment_status":"open","ping_status":"open","sticky":false,"template":"","format":"standard","meta":{"footnotes":""},"categories":[10911,10948,10894,10912,10947,10896],"tags":[14386,10913,23913,10914],"class_list":{"0":"post-293094","1":"post","2":"type-post","3":"status-publish","4":"format-standard","5":"has-post-thumbnail","7":"category-bunol-ca","8":"category-infraestructuras-ca","9":"category-la-comarca-ca","10":"category-la-hoya-ca","11":"category-politica","12":"category-seccion-ca","13":"tag-biblioteca-municipal-de-bunol-ca","14":"tag-bunol-ca","15":"tag-eu-unidas-podemos-ca","16":"tag-la-hoya-de-bunol-chiva-ca"},"_links":{"self":[{"href":"https:\/\/www.tucomarca.com\/wordpress\/segunda\/ca\/wp-json\/wp\/v2\/posts\/293094","targetHints":{"allow":["GET"]}}],"collection":[{"href":"https:\/\/www.tucomarca.com\/wordpress\/segunda\/ca\/wp-json\/wp\/v2\/posts"}],"about":[{"href":"https:\/\/www.tucomarca.com\/wordpress\/segunda\/ca\/wp-json\/wp\/v2\/types\/post"}],"author":[{"embeddable":true,"href":"https:\/\/www.tucomarca.com\/wordpress\/segunda\/ca\/wp-json\/wp\/v2\/users\/12"}],"replies":[{"embeddable":true,"href":"https:\/\/www.tucomarca.com\/wordpress\/segunda\/ca\/wp-json\/wp\/v2\/comments?post=293094"}],"version-history":[{"count":0,"href":"https:\/\/www.tucomarca.com\/wordpress\/segunda\/ca\/wp-json\/wp\/v2\/posts\/293094\/revisions"}],"wp:featuredmedia":[{"embeddable":true,"href":"https:\/\/www.tucomarca.com\/wordpress\/segunda\/ca\/wp-json\/wp\/v2\/media\/293078"}],"wp:attachment":[{"href":"https:\/\/www.tucomarca.com\/wordpress\/segunda\/ca\/wp-json\/wp\/v2\/media?parent=293094"}],"wp:term":[{"taxonomy":"category","embeddable":true,"href":"https:\/\/www.tucomarca.com\/wordpress\/segunda\/ca\/wp-json\/wp\/v2\/categories?post=293094"},{"taxonomy":"post_tag","embeddable":true,"href":"https:\/\/www.tucomarca.com\/wordpress\/segunda\/ca\/wp-json\/wp\/v2\/tags?post=293094"}],"curies":[{"name":"wp","href":"https:\/\/api.w.org\/{rel}","templated":true}]}}