{"id":293104,"date":"2026-02-13T10:30:00","date_gmt":"2026-02-13T09:30:00","guid":{"rendered":"https:\/\/www.tucomarca.com\/wordpress\/segunda\/?p=293104"},"modified":"2026-02-13T19:18:02","modified_gmt":"2026-02-13T18:18:02","slug":"consell-incorpora-loficina-dinformacio-turistica-daras-de-los-olmos-a-la-xarxa-tourist-info-de-la-comunitat-valenciana","status":"publish","type":"post","link":"https:\/\/www.tucomarca.com\/wordpress\/segunda\/ca\/consell-incorpora-loficina-dinformacio-turistica-daras-de-los-olmos-a-la-xarxa-tourist-info-de-la-comunitat-valenciana\/","title":{"rendered":"Consell incorpora l&#8217;oficina d&#8217;informaci\u00f3 tur\u00edstica d&#8217;Aras de los Olmos a la Xarxa Tourist Info de la Comunitat Valenciana"},"content":{"rendered":"\n<h3 class=\"wp-block-heading\">Turisme Comunitat Valenciana subscriu un conveni de col\u00b7laboraci\u00f3 amb l&#8217;Ajuntament d&#8217;Aras de los Olmos per a la millora del seu servei d&#8217;informaci\u00f3 tur\u00edstica.<\/h3>\n\n\n\n<p>El Consell ha autoritzat un conveni de col\u00b7laboraci\u00f3 entre Turisme Comunitat Valenciana i l&#8217;Ajuntament d&#8217;Aras de los Olmos per a la implantaci\u00f3 i el desenvolupament del programa Tourist Info a trav\u00e9s d&#8217;incorporaci\u00f3 en aquesta Xarxa de l&#8217;oficina d&#8217;informaci\u00f3 tur\u00edstica del municipi.<\/p>\n\n\n\n<p>El conveni t\u00e9 com a finalitat incorporar l&#8217;oficina \u2018Tourist Info Aras de los Olmos\u2019 a la Xarxa Tourist Info de la Comunitat Valenciana, amb l&#8217;objectiu d&#8217;oferir un ampli servei d&#8217;informaci\u00f3 sobre els recursos i productes tur\u00edstics tant del municipi com del conjunt del territori valenci\u00e0.<\/p>\n\n\n\n<p>Aquest acord no t\u00e9 contingut econ\u00f2mic, per\u00f2 implica la cooperaci\u00f3 t\u00e8cnica i operativa entre Turisme Comunitat Valenciana i el consistori per al funcionament i la plena integraci\u00f3 de l&#8217;oficina en la Xarxa.<\/p>\n\n\n\n<p>Per part seua, l&#8217;Ajuntament d&#8217;Aras de los Olmos es compromet a sostindre econ\u00f2micament i materialment l&#8217;oficina i a aportar el personal necessari, amb un perfil professional adequat per a la prestaci\u00f3 del servei, a m\u00e9s de mantindre la imatge corporativa de la Xarxa, participar en els objectius de qualitat de la Xarxa Tourist Info i en els seus sistemes de recollida i intercanvi d&#8217;informaci\u00f3 estad\u00edstica i d&#8217;avaluaci\u00f3 del servei.<\/p>\n\n\n\n<p>Amb aquesta incorporaci\u00f3, Aras de los Olmos refor\u00e7ar\u00e0 la seua estrat\u00e8gia de promoci\u00f3 tur\u00edstica local, afavorint la difusi\u00f3 de la seua oferta tur\u00edstica i cultural, contribuint a la visibilitat del dest\u00ed en l&#8217;\u00e0mbit auton\u00f2mic i nacional.<\/p>\n","protected":false},"excerpt":{"rendered":"<div class=\"mh-excerpt\">Turisme Comunitat Valenciana subscriu un conveni de col\u00b7laboraci\u00f3 amb l&#8217;Ajuntament d&#8217;Aras de los Olmos per a la millora del seu servei d&#8217;informaci\u00f3 tur\u00edstica. El Consell ha autoritzat un conveni de col\u00b7laboraci\u00f3 entre Turisme Comunitat Valenciana <a class=\"mh-excerpt-more\" href=\"https:\/\/www.tucomarca.com\/wordpress\/segunda\/ca\/consell-incorpora-loficina-dinformacio-turistica-daras-de-los-olmos-a-la-xarxa-tourist-info-de-la-comunitat-valenciana\/\" title=\"Consell incorpora l&#8217;oficina d&#8217;informaci\u00f3 tur\u00edstica d&#8217;Aras de los Olmos a la Xarxa Tourist Info de la Comunitat Valenciana\">[+] <\/a><\/div>\n","protected":false},"author":12,"featured_media":246826,"comment_status":"open","ping_status":"open","sticky":false,"template":"","format":"standard","meta":{"footnotes":""},"categories":[11042,11046,10898,10948,10894,11007,10947,10896],"tags":[14714,11498,11928,11080,23915],"class_list":{"0":"post-293104","1":"post","2":"type-post","3":"status-publish","4":"format-standard","5":"has-post-thumbnail","7":"category-aras-de-olmos-ca","8":"category-los-serranos-ca","9":"category-ventana-ca","10":"category-infraestructuras-ca","11":"category-la-comarca-ca","12":"category-ocio-y-cultura-ca","13":"category-politica","14":"category-seccion-ca","15":"tag-aras-de-los-olmos-ca","16":"tag-generalitat-valenciana-ca","17":"tag-la-serrania-ca","18":"tag-los-serranos-ca","19":"tag-red-tourist-info-ca"},"_links":{"self":[{"href":"https:\/\/www.tucomarca.com\/wordpress\/segunda\/ca\/wp-json\/wp\/v2\/posts\/293104","targetHints":{"allow":["GET"]}}],"collection":[{"href":"https:\/\/www.tucomarca.com\/wordpress\/segunda\/ca\/wp-json\/wp\/v2\/posts"}],"about":[{"href":"https:\/\/www.tucomarca.com\/wordpress\/segunda\/ca\/wp-json\/wp\/v2\/types\/post"}],"author":[{"embeddable":true,"href":"https:\/\/www.tucomarca.com\/wordpress\/segunda\/ca\/wp-json\/wp\/v2\/users\/12"}],"replies":[{"embeddable":true,"href":"https:\/\/www.tucomarca.com\/wordpress\/segunda\/ca\/wp-json\/wp\/v2\/comments?post=293104"}],"version-history":[{"count":0,"href":"https:\/\/www.tucomarca.com\/wordpress\/segunda\/ca\/wp-json\/wp\/v2\/posts\/293104\/revisions"}],"wp:featuredmedia":[{"embeddable":true,"href":"https:\/\/www.tucomarca.com\/wordpress\/segunda\/ca\/wp-json\/wp\/v2\/media\/246826"}],"wp:attachment":[{"href":"https:\/\/www.tucomarca.com\/wordpress\/segunda\/ca\/wp-json\/wp\/v2\/media?parent=293104"}],"wp:term":[{"taxonomy":"category","embeddable":true,"href":"https:\/\/www.tucomarca.com\/wordpress\/segunda\/ca\/wp-json\/wp\/v2\/categories?post=293104"},{"taxonomy":"post_tag","embeddable":true,"href":"https:\/\/www.tucomarca.com\/wordpress\/segunda\/ca\/wp-json\/wp\/v2\/tags?post=293104"}],"curies":[{"name":"wp","href":"https:\/\/api.w.org\/{rel}","templated":true}]}}