{"id":293143,"date":"2026-02-13T18:15:00","date_gmt":"2026-02-13T17:15:00","guid":{"rendered":"https:\/\/www.tucomarca.com\/wordpress\/segunda\/?p=293143"},"modified":"2026-02-13T19:28:11","modified_gmt":"2026-02-13T18:28:11","slug":"emergencies-llanca-un-es-alert-per-vents-huracanats-a-valencia-de-mes-de-140-km-h-durant-aquest-dissabte","status":"publish","type":"post","link":"https:\/\/www.tucomarca.com\/wordpress\/segunda\/ca\/emergencies-llanca-un-es-alert-per-vents-huracanats-a-valencia-de-mes-de-140-km-h-durant-aquest-dissabte\/","title":{"rendered":"Emerg\u00e8ncies llan\u00e7a un \u00c9S-alert per vents huracanats a Val\u00e8ncia de m\u00e9s de 140 km\/h durant aquest dissabte"},"content":{"rendered":"\n<figure class=\"wp-block-gallery has-nested-images columns-default is-cropped wp-block-gallery-1 is-layout-flex wp-block-gallery-is-layout-flex\">\n<figure class=\"wp-block-image size-large\"><img loading=\"lazy\" decoding=\"async\" width=\"728\" height=\"702\" data-id=\"293144\" src=\"https:\/\/www.tucomarca.com\/wordpress\/segunda\/wp-content\/uploads\/2026\/02\/Prevision13022026.png\" alt=\"\" class=\"wp-image-293144\" srcset=\"https:\/\/www.tucomarca.com\/wordpress\/segunda\/wp-content\/uploads\/2026\/02\/Prevision13022026.png 728w, https:\/\/www.tucomarca.com\/wordpress\/segunda\/wp-content\/uploads\/2026\/02\/Prevision13022026-300x289.png 300w\" sizes=\"auto, (max-width: 728px) 100vw, 728px\" \/><\/figure>\n\n\n\n<figure class=\"wp-block-image size-large\"><img loading=\"lazy\" decoding=\"async\" width=\"728\" height=\"702\" data-id=\"293140\" src=\"https:\/\/www.tucomarca.com\/wordpress\/segunda\/wp-content\/uploads\/2026\/02\/Prevision14022026.png\" alt=\"\" class=\"wp-image-293140\" srcset=\"https:\/\/www.tucomarca.com\/wordpress\/segunda\/wp-content\/uploads\/2026\/02\/Prevision14022026.png 728w, https:\/\/www.tucomarca.com\/wordpress\/segunda\/wp-content\/uploads\/2026\/02\/Prevision14022026-300x289.png 300w\" sizes=\"auto, (max-width: 728px) 100vw, 728px\" \/><\/figure>\n<\/figure>\n\n\n\n<p><\/p>\n\n\n\n<p>El&nbsp;Centre de Coordinaci\u00f3 d&#8217;Emerg\u00e8ncies de la Generalitat Valenciana&nbsp;ha elevat l&#8217;av\u00eds per l&#8217;episodi de forts vents a la&nbsp;prov\u00edncia de Castell\u00f3&nbsp;al nivell&nbsp; roig, el m\u00e9s greu dels sistemes d&#8217;av\u00eds meteorol\u00f2gic i que s&#8217;esperen, sobretot, per a aquest dissabte. Aix\u00f2 ha provocat l&#8217;enviament de&nbsp;missatges d&#8217;alerta directament als tel\u00e8fons m\u00f2bils dels residents, recomanant extremar les precaucions davant el risc clim\u00e0tic, tant a Castell\u00f3 com a la prov\u00edncia de Val\u00e8ncia.&nbsp;<\/p>\n\n\n\n<p>L&#8217;av\u00eds, dif\u00f3s pel servei&nbsp;112 Comunitat Valenciana, informa que&nbsp;les ratxes de vent poden arribar fins als 140 km\/h, especialment a partir de la matinada i durant el cap de setmana, la qual cosa implica un&nbsp;risc extrem per a persones i b\u00e9ns.&nbsp;<\/p>\n\n\n\n<p>Aquest episodi est\u00e0 relacionat amb un sistema de baixes pressions actiu en la pen\u00ednsula ib\u00e8rica que afecta bona part de la Comunitat Valenciana i que mant\u00e9 tamb\u00e9 alertes taronges i grogues per vent i fen\u00f2mens costaners en altres zones.&nbsp;<\/p>\n\n\n\n<p>La secret\u00e0ria auton\u00f2mica d&#8217;Emerg\u00e8ncies i Interior, Irene Rodr\u00edguez, ha advertit que dem\u00e0 dissabte es presenta \u201cun dia complex i complicat en el qual sol\u00b7licitem i reclamem la m\u00e0xima precauci\u00f3 i evitar, si es pot, eixir de casa, evitar les activitats a l&#8217;aire lliure, evitar els despla\u00e7aments i, si s&#8217;han de fer, fer-los amb molta cura en la carretera\u201d.&nbsp;<\/p>\n\n\n\n<p>Irene Rodr\u00edguez ha assenyalat que \u201cles ratxes fortes de vent tenen un fort impacte en la conducci\u00f3, per tant, totes les mesures que es puguen prendre de cara a evitar incidents ens ajudaran en la gesti\u00f3 d&#8217;aquest episodi\u201d.<\/p>\n\n\n\n<p>Ha recordat que el 1-1-2 \u201c\u00e9s el tel\u00e8fon d&#8217;emerg\u00e8ncies al qual la ciutadania pot acudir davant qualsevol situaci\u00f3 d&#8217;emerg\u00e8ncia que estiguem patint\u201d i ha demanat \u201cfer tamb\u00e9 un \u00fas responsable d&#8217;aquest servei per a poder atendre els incidents de m\u00e0xima prioritat en aquests casos\u201d.<\/p>\n\n\n\n<p>Tamb\u00e9 ha posat l&#8217;accent en la recomanaci\u00f3 als municipis i organismes amb compet\u00e8ncies en la gesti\u00f3 de les emerg\u00e8ncies de mantindre la necess\u00e0ria atenci\u00f3 i seguiment de tots els avisos que emeta el CCE amb l&#8217;objectiu d&#8217;activar amb antelaci\u00f3 els seus plans de protecci\u00f3 civil i establir les pertinents mesures preventives.<\/p>\n\n\n\n<p>De fet, la secret\u00e0ria auton\u00f2mica ha explicat que \u201ctots els ajuntaments i serveis d&#8217;intervenci\u00f3 estan avisats des d&#8217;ahir, que es va emetre un av\u00eds especial\u201d i que ja hui \u201camb la confirmaci\u00f3 d&#8217;aquesta alerta roja, tamb\u00e9 s&#8217;ha tornat a emetre un av\u00eds especial perqu\u00e8 es prenguen totes les mesures preventives i s&#8217;activen els protocols, procediments i plans que siguen pertinents de cara a evitar incidents que siguen m\u00e9s complicats\u201d.<\/p>\n\n\n\n<p><strong>Previsions per al cap de setmana<\/strong><\/p>\n\n\n\n<p>Segons les&nbsp;previsions meteorol\u00f2giques oficials pel temporal associat a la borrasca&nbsp;Oriana, l&#8217;episodi&nbsp; m\u00e9s intens de vents huracanats&nbsp;(amb ratxes que poden superar els 140 km\/h a Castell\u00f3 i forts vents en la resta de la Comunitat Valenciana) est\u00e0&nbsp;previst especialment per al dissabte 14 de febrer, amb el&nbsp;nivell d&#8217;alerta m\u00e9s alt durant eixa jornada.&nbsp;<\/p>\n\n\n\n<p>A partir de&nbsp;la nit del dissabte i durant el diumenge, la situaci\u00f3&nbsp;anir\u00e0 millorant gradualment, amb&nbsp;disminuci\u00f3 significativa de la intensitat del vent&nbsp;i un descens en els nivells d&#8217;av\u00eds (passant de roig a taronja o fins i tot groc segons les zones).&nbsp;<\/p>\n\n\n\n<p>A partir del diumenge&nbsp; a la vesprada o dilluns, s&#8217;espera que la influ\u00e8ncia de la borrasca s&#8217;allunye i el vent perda for\u00e7a, amb condicions m\u00e9s calmades, encara que els detalls fins i qualsevol canvi dependran de com evolucione la situaci\u00f3 atmosf\u00e8rica.<\/p>\n\n\n\n<p><strong>Missatge d&#8217;emerg\u00e8ncia i recomanacions<\/strong><\/p>\n\n\n\n<p>Els missatges enviats als m\u00f2bils insten la poblaci\u00f3 a:<\/p>\n\n\n\n<p>Mantindre&#8217;s informada a trav\u00e9s dels&nbsp;canals oficials&nbsp;de protecci\u00f3 civil i meteorologia.<\/p>\n\n\n\n<p>Extremar les precaucions&nbsp;davant possibles incidents, especialment en exteriors.<\/p>\n\n\n\n<p>En cas d&#8217;urg\u00e8ncia o perill,&nbsp;contactar immediatament amb el 1-1-2.&nbsp;<\/p>\n\n\n\n<p>Aquest sistema d&#8217;alertes \u2014similar a altres usats en emerg\u00e8ncies meteorol\u00f2giques\u2014 permet que els tel\u00e8fons reben directament notificacions urgents, acompanyades de so i vibraci\u00f3, fins i tot amb el dispositiu en mode silenci\u00f3s.<\/p>\n\n\n\n<p><\/p>\n\n\n\n<figure class=\"wp-block-gallery has-nested-images columns-1 is-cropped wp-block-gallery-2 is-layout-flex wp-block-gallery-is-layout-flex\">\n<figure class=\"wp-block-image size-large\"><img loading=\"lazy\" decoding=\"async\" width=\"1024\" height=\"576\" data-id=\"293136\" src=\"https:\/\/www.tucomarca.com\/wordpress\/segunda\/wp-content\/uploads\/2026\/02\/Viento13022026-1024x576.jpeg\" alt=\"\" class=\"wp-image-293136\" srcset=\"https:\/\/www.tucomarca.com\/wordpress\/segunda\/wp-content\/uploads\/2026\/02\/Viento13022026-1024x576.jpeg 1024w, https:\/\/www.tucomarca.com\/wordpress\/segunda\/wp-content\/uploads\/2026\/02\/Viento13022026-300x169.jpeg 300w, https:\/\/www.tucomarca.com\/wordpress\/segunda\/wp-content\/uploads\/2026\/02\/Viento13022026-768x432.jpeg 768w, https:\/\/www.tucomarca.com\/wordpress\/segunda\/wp-content\/uploads\/2026\/02\/Viento13022026-1536x864.jpeg 1536w, https:\/\/www.tucomarca.com\/wordpress\/segunda\/wp-content\/uploads\/2026\/02\/Viento13022026-678x381.jpeg 678w, https:\/\/www.tucomarca.com\/wordpress\/segunda\/wp-content\/uploads\/2026\/02\/Viento13022026.jpeg 1920w\" sizes=\"auto, (max-width: 1024px) 100vw, 1024px\" \/><\/figure>\n\n\n\n<figure class=\"wp-block-image size-large\"><img loading=\"lazy\" decoding=\"async\" width=\"819\" height=\"1024\" data-id=\"293138\" src=\"https:\/\/www.tucomarca.com\/wordpress\/segunda\/wp-content\/uploads\/2026\/02\/EsAlert13022026-819x1024.jpeg\" alt=\"\" class=\"wp-image-293138\" srcset=\"https:\/\/www.tucomarca.com\/wordpress\/segunda\/wp-content\/uploads\/2026\/02\/EsAlert13022026-819x1024.jpeg 819w, https:\/\/www.tucomarca.com\/wordpress\/segunda\/wp-content\/uploads\/2026\/02\/EsAlert13022026-240x300.jpeg 240w, https:\/\/www.tucomarca.com\/wordpress\/segunda\/wp-content\/uploads\/2026\/02\/EsAlert13022026-768x960.jpeg 768w, https:\/\/www.tucomarca.com\/wordpress\/segunda\/wp-content\/uploads\/2026\/02\/EsAlert13022026.jpeg 1080w\" sizes=\"auto, (max-width: 819px) 100vw, 819px\" \/><\/figure>\n<\/figure>\n","protected":false},"excerpt":{"rendered":"<div class=\"mh-excerpt\">El&nbsp;Centre de Coordinaci\u00f3 d&#8217;Emerg\u00e8ncies de la Generalitat Valenciana&nbsp;ha elevat l&#8217;av\u00eds per l&#8217;episodi de forts vents a la&nbsp;prov\u00edncia de Castell\u00f3&nbsp;al nivell&nbsp; roig, el m\u00e9s greu dels sistemes d&#8217;av\u00eds meteorol\u00f2gic i que s&#8217;esperen, sobretot, per a aquest <a class=\"mh-excerpt-more\" href=\"https:\/\/www.tucomarca.com\/wordpress\/segunda\/ca\/emergencies-llanca-un-es-alert-per-vents-huracanats-a-valencia-de-mes-de-140-km-h-durant-aquest-dissabte\/\" title=\"Emerg\u00e8ncies llan\u00e7a un \u00c9S-alert per vents huracanats a Val\u00e8ncia de m\u00e9s de 140 km\/h durant aquest dissabte\">[+] <\/a><\/div>\n","protected":false},"author":1,"featured_media":293139,"comment_status":"open","ping_status":"open","sticky":false,"template":"","format":"standard","meta":{"footnotes":""},"categories":[10890,10951,10892,11046,10898,10948,10963,10894,10904,10912,10902,10903,10947,10909,10896,10897],"tags":[23922,11199,13644],"class_list":{"0":"post-293143","1":"post","2":"type-post","3":"status-publish","4":"format-standard","5":"has-post-thumbnail","7":"category-ademus","8":"category-ayora-cofrentes-ca","9":"category-camp-de-turia-ca","10":"category-los-serranos-ca","11":"category-ventana-ca","12":"category-infraestructuras-ca","13":"category-la-canal-de-navarres-ca","14":"category-la-comarca-ca","15":"category-sin-categorizar-ca","16":"category-la-hoya-ca","17":"category-la-ribera-ca","18":"category-medio-ambiente-la-comarca-ca","19":"category-politica","20":"category-requena-utiel-ca","21":"category-seccion-ca","22":"category-sucesos-la-comarca-ca","23":"tag-es-alert-ca","24":"tag-la-comunitat-ca","25":"tag-viento-ca"},"_links":{"self":[{"href":"https:\/\/www.tucomarca.com\/wordpress\/segunda\/ca\/wp-json\/wp\/v2\/posts\/293143","targetHints":{"allow":["GET"]}}],"collection":[{"href":"https:\/\/www.tucomarca.com\/wordpress\/segunda\/ca\/wp-json\/wp\/v2\/posts"}],"about":[{"href":"https:\/\/www.tucomarca.com\/wordpress\/segunda\/ca\/wp-json\/wp\/v2\/types\/post"}],"author":[{"embeddable":true,"href":"https:\/\/www.tucomarca.com\/wordpress\/segunda\/ca\/wp-json\/wp\/v2\/users\/1"}],"replies":[{"embeddable":true,"href":"https:\/\/www.tucomarca.com\/wordpress\/segunda\/ca\/wp-json\/wp\/v2\/comments?post=293143"}],"version-history":[{"count":0,"href":"https:\/\/www.tucomarca.com\/wordpress\/segunda\/ca\/wp-json\/wp\/v2\/posts\/293143\/revisions"}],"wp:featuredmedia":[{"embeddable":true,"href":"https:\/\/www.tucomarca.com\/wordpress\/segunda\/ca\/wp-json\/wp\/v2\/media\/293139"}],"wp:attachment":[{"href":"https:\/\/www.tucomarca.com\/wordpress\/segunda\/ca\/wp-json\/wp\/v2\/media?parent=293143"}],"wp:term":[{"taxonomy":"category","embeddable":true,"href":"https:\/\/www.tucomarca.com\/wordpress\/segunda\/ca\/wp-json\/wp\/v2\/categories?post=293143"},{"taxonomy":"post_tag","embeddable":true,"href":"https:\/\/www.tucomarca.com\/wordpress\/segunda\/ca\/wp-json\/wp\/v2\/tags?post=293143"}],"curies":[{"name":"wp","href":"https:\/\/api.w.org\/{rel}","templated":true}]}}