{"id":293168,"date":"2026-02-13T17:30:00","date_gmt":"2026-02-13T16:30:00","guid":{"rendered":"https:\/\/www.tucomarca.com\/wordpress\/segunda\/?p=293168"},"modified":"2026-02-13T20:11:23","modified_gmt":"2026-02-13T19:11:23","slug":"cecopal-utiel-suspen-activitats-a-laire-lliure-i-tanca-parcs-i-jardins-davant-lalerta-taronja-per-vents-establida-aquest-dissabte","status":"publish","type":"post","link":"https:\/\/www.tucomarca.com\/wordpress\/segunda\/ca\/cecopal-utiel-suspen-activitats-a-laire-lliure-i-tanca-parcs-i-jardins-davant-lalerta-taronja-per-vents-establida-aquest-dissabte\/","title":{"rendered":"CECOPAL Utiel susp\u00e9n activitats a l&#8217;aire lliure i tanca parcs i jardins davant l&#8217;alerta taronja per vents establida aquest dissabte"},"content":{"rendered":"\n<p>L&#8217;Ajuntament d&#8217;Utiel ha convocat reuni\u00f3 del Centre de Coordinaci\u00f3 Operativa Local (CECOPAL) despr\u00e9s de rebre l&#8217;av\u00eds del Centre de Coordinaci\u00f3 d&#8217;Emerg\u00e8ncies que estableix alerta taronja per forts vents durant la jornada de dem\u00e0 , dissabte 14 de febrer.<\/p>\n\n\n\n<p>En aquesta reuni\u00f3 s&#8217;ha acordat com a mesures preventives:<\/p>\n\n\n\n<ul class=\"wp-block-list\">\n<li>Tancament de parcs i jardins<\/li>\n\n\n\n<li>Suspendre tot tipus d&#8217;activitats a l&#8217;aire lliure en la via p\u00fablica<\/li>\n\n\n\n<li>Suspendre la Desfilada de Carnestoltes programat per al dissabte 14 de febrer a les 17.30 hores<\/li>\n<\/ul>\n\n\n\n<p>Aix\u00ed mateix, des de l&#8217;Ajuntament trasllada a la poblaci\u00f3 una s\u00e8rie de recomanacions preventives, amb la finalitat de minimitzar els riscos associats a les fortes ratxes de vent :<\/p>\n\n\n\n<p><strong>Recomanacions<\/strong><\/p>\n\n\n\n<ul class=\"wp-block-list\">\n<li>Evita parcs i zones arbrades si hi ha ratxes fortes.<\/li>\n\n\n\n<li>Assegura tests, tendals, antenes i qualsevol objecte que puga caure o despla\u00e7ar-se pel vent.<\/li>\n\n\n\n<li>Evita transitar per davall de cornises, balcons i fa\u00e7anes en mal estat que puguen produir caigudes de rebles i enderrocs.<\/li>\n\n\n\n<li>Amb cotxe, evita viaductes i redueix la velocitat<\/li>\n\n\n\n<li>En cas d&#8217;emerg\u00e8ncia, contacten amb el servei 112<\/li>\n<\/ul>\n\n\n\n<p>Se sol\u00b7licita a la poblaci\u00f3 prud\u00e8ncia i col\u00b7laboraci\u00f3, romanent atenta a l&#8217;evoluci\u00f3 de la previsi\u00f3 meteorol\u00f2gica i als avisos oficials del servei d&#8217;emerg\u00e8ncies de Generalitat 112 i de l&#8217;Ag\u00e8ncia Estatal de Meteorologia (AEMET)<\/p>\n","protected":false},"excerpt":{"rendered":"<div class=\"mh-excerpt\">L&#8217;Ajuntament d&#8217;Utiel ha convocat reuni\u00f3 del Centre de Coordinaci\u00f3 Operativa Local (CECOPAL) despr\u00e9s de rebre l&#8217;av\u00eds del Centre de Coordinaci\u00f3 d&#8217;Emerg\u00e8ncies que estableix alerta taronja per forts vents durant la jornada de dem\u00e0 , dissabte <a class=\"mh-excerpt-more\" href=\"https:\/\/www.tucomarca.com\/wordpress\/segunda\/ca\/cecopal-utiel-suspen-activitats-a-laire-lliure-i-tanca-parcs-i-jardins-davant-lalerta-taronja-per-vents-establida-aquest-dissabte\/\" title=\"CECOPAL Utiel susp\u00e9n activitats a l&#8217;aire lliure i tanca parcs i jardins davant l&#8217;alerta taronja per vents establida aquest dissabte\">[+] <\/a><\/div>\n","protected":false},"author":12,"featured_media":293166,"comment_status":"open","ping_status":"open","sticky":false,"template":"","format":"standard","meta":{"footnotes":""},"categories":[10948,10894,10903,10947,10909,10896,10897,11059],"tags":[21978,10910,11174],"class_list":{"0":"post-293168","1":"post","2":"type-post","3":"status-publish","4":"format-standard","5":"has-post-thumbnail","7":"category-infraestructuras-ca","8":"category-la-comarca-ca","9":"category-medio-ambiente-la-comarca-ca","10":"category-politica","11":"category-requena-utiel-ca","12":"category-seccion-ca","13":"category-sucesos-la-comarca-ca","14":"category-utiel-ca","15":"tag-cecopal-ca","16":"tag-requena-utiel-ca","17":"tag-utiel-ca"},"_links":{"self":[{"href":"https:\/\/www.tucomarca.com\/wordpress\/segunda\/ca\/wp-json\/wp\/v2\/posts\/293168","targetHints":{"allow":["GET"]}}],"collection":[{"href":"https:\/\/www.tucomarca.com\/wordpress\/segunda\/ca\/wp-json\/wp\/v2\/posts"}],"about":[{"href":"https:\/\/www.tucomarca.com\/wordpress\/segunda\/ca\/wp-json\/wp\/v2\/types\/post"}],"author":[{"embeddable":true,"href":"https:\/\/www.tucomarca.com\/wordpress\/segunda\/ca\/wp-json\/wp\/v2\/users\/12"}],"replies":[{"embeddable":true,"href":"https:\/\/www.tucomarca.com\/wordpress\/segunda\/ca\/wp-json\/wp\/v2\/comments?post=293168"}],"version-history":[{"count":0,"href":"https:\/\/www.tucomarca.com\/wordpress\/segunda\/ca\/wp-json\/wp\/v2\/posts\/293168\/revisions"}],"wp:featuredmedia":[{"embeddable":true,"href":"https:\/\/www.tucomarca.com\/wordpress\/segunda\/ca\/wp-json\/wp\/v2\/media\/293166"}],"wp:attachment":[{"href":"https:\/\/www.tucomarca.com\/wordpress\/segunda\/ca\/wp-json\/wp\/v2\/media?parent=293168"}],"wp:term":[{"taxonomy":"category","embeddable":true,"href":"https:\/\/www.tucomarca.com\/wordpress\/segunda\/ca\/wp-json\/wp\/v2\/categories?post=293168"},{"taxonomy":"post_tag","embeddable":true,"href":"https:\/\/www.tucomarca.com\/wordpress\/segunda\/ca\/wp-json\/wp\/v2\/tags?post=293168"}],"curies":[{"name":"wp","href":"https:\/\/api.w.org\/{rel}","templated":true}]}}