{"id":293309,"date":"2026-02-16T09:00:00","date_gmt":"2026-02-16T08:00:00","guid":{"rendered":"https:\/\/www.tucomarca.com\/wordpress\/segunda\/?p=293309"},"modified":"2026-02-16T19:13:40","modified_gmt":"2026-02-16T18:13:40","slug":"riba-roja-de-turia-dona-suport-a-larribada-de-3-700-milions-deuros-a-la-comunitat-valenciana-amb-el-nou-model-de-financament-que-permetra-millorar-els-serveis-municipals","status":"publish","type":"post","link":"https:\/\/www.tucomarca.com\/wordpress\/segunda\/ca\/riba-roja-de-turia-dona-suport-a-larribada-de-3-700-milions-deuros-a-la-comunitat-valenciana-amb-el-nou-model-de-financament-que-permetra-millorar-els-serveis-municipals\/","title":{"rendered":"Riba-roja de T\u00faria dona suport a l&#8217;arribada de 3.700 milions d&#8217;euros a la Comunitat Valenciana amb el nou model de finan\u00e7ament que permetr\u00e0 millorar els serveis municipals"},"content":{"rendered":"\n<h3 class=\"wp-block-heading\">El ple aprova la proposta del PSPV, a m\u00e9s, de Comprom\u00eds, Esquerra Unida-Podem i el vot en contra del PP i Vox.<\/h3>\n\n\n\n<p>El ple de l&#8217;Ajuntament de Riba-roja de T\u00faria ha aprovat una moci\u00f3 del PSPV en la qual es manifesta el seu suport a la proposta del Govern d&#8217;Espanya d&#8217;un nou model de finan\u00e7ament auton\u00f2mic que suposar\u00e0, en l&#8217;\u00e0mbit de la Comunitat Valenciana, una aportaci\u00f3 addicional valorada en 3.669 milions d&#8217;euros durant l&#8217;any 2027 amb l&#8217;objectiu de refor\u00e7ar l&#8217;actual estat del benestar.<\/p>\n\n\n\n<p>La moci\u00f3 del grup socialista ha tirat avant amb el vot favorable, a m\u00e9s, de Comprom\u00eds i Esquerra Unida-Unides Podem i el vot en contra del Partit Popular i Vox. La proposta aprovada finalment introdueix, a m\u00e9s, dues esmenes redactades per Esquerra Unida-Unides Podem i de Comprom\u00eds sobre el finan\u00e7ament auton\u00f2mic.<\/p>\n\n\n\n<p>En una de les esmenes referendada pel ple municipal de Riba-roja de T\u00faria s&#8217;insta el Govern d&#8217;Espanya a activar un sistema transitori amb aportacions basades en la disponibilitat pressupost\u00e0ria anual de l&#8217;Estat i, d&#8217;altra banda, la condonaci\u00f3 del deute suportat per la Generalitat a conseq\u00fc\u00e8ncia de l&#8217;infrafinan\u00e7ament.<\/p>\n\n\n\n<p>La proposta aprovada subratlla que el nou model plantejat \u201crepresenta una oportunitat hist\u00f2rica que el poble valenci\u00e0 no pot deixar escapar, es tracta d&#8217;una nova arquitectura en la qual cristal\u00b7litzen els anhels i les demandes dels valencians i les valencianes per un finan\u00e7ament just per a Espanya i la Comunitat Valenciana\u201d i que suposar\u00e0 una aportaci\u00f3 de 21.000 milions d&#8217;euros addicionals per a les comunitats aut\u00f2nomes.<br>El nou sistema plantejat permetr\u00e0 aportar a la Comunitat Valenciana fins a 3.669 milions d&#8217;euros addicionals, un 18% m\u00e9s de les percepcions actuals, de manera que la bretxa vigent entre les comunitats es reduiria, dr\u00e0sticament, i, al mateix temps, permetria millorar i atendre amb major efic\u00e0cia els serveis p\u00fablics de l&#8217;estat de benestar, especialment, en l&#8217;\u00e0mbit municipal.<\/p>\n\n\n\n<p>Els 3.669 milions d&#8217;euros addicionals permetrien multiplicar per 12 el pressupost per 12 en habitatge, un altre 7% addicional en atenci\u00f3 a la depend\u00e8ncia, construir fins a 200 centres de salut o duplicar la plantilla de docents en l&#8217;\u00e0mbit de la Comunitat Valenciana, amb un d\u00e8ficit hist\u00f2ric en infrafinan\u00e7ament i que, d&#8217;aquesta manera, suposaria garantir la viabilitat auton\u00f2mica.<\/p>\n\n\n\n<p>La moci\u00f3 referendada pel ple de l&#8217;Ajuntament de Riba-roja de T\u00faria manifesta el seu suport a la proposta del Govern, insta els partits valencians a donar suport a la proposta en les Corts Generals i exhorta a la Generalitat a destinar els recursos que s&#8217;incorporaran mitjan\u00e7ant el nou sistema de finan\u00e7ament auton\u00f2mic a blindar, millorar i refor\u00e7ar l&#8217;estat de benestar.<\/p>\n\n\n\n<p>El nou sistema de finan\u00e7ament permetria dur a terme les actuacions priorit\u00e0ries que necessita, actualment, Riba-roja de T\u00faria en diferents \u00e0mbits, com la construcci\u00f3 del nou centre de salut, la millora de l&#8217;actual ambulatori, millores en centres educatius en el Cervantes, Eres Altes, Mes d\u2019Escote i Camp de T\u00faria, millores en majors i depend\u00e8ncia, la construcci\u00f3 del centre de dia i la resid\u00e8ncia o partides en habitatge, entre altres aspectes.<\/p>\n\n\n\n<p>L&#8217;alcalde de Riba-roja de T\u00faria, Robert Raga, ha subratllat que \u201cestem davant una oportunitat hist\u00f2rica que no podem desaprofitar perqu\u00e8 est\u00e0 en joc l&#8217;actual estat de benestar, especialment en l&#8217;\u00e0mbit local on tenim moltes mancances per culpa d&#8217;eixe infrafinan\u00e7ament, en temes tan sensibles com l&#8217;Educaci\u00f3, la Sanitat, els Serveis Socials o l&#8217;Habitatge\u201d.<\/p>\n","protected":false},"excerpt":{"rendered":"<div class=\"mh-excerpt\">El ple aprova la proposta del PSPV, a m\u00e9s, de Comprom\u00eds, Esquerra Unida-Podem i el vot en contra del PP i Vox. El ple de l&#8217;Ajuntament de Riba-roja de T\u00faria ha aprovat una moci\u00f3 del <a class=\"mh-excerpt-more\" href=\"https:\/\/www.tucomarca.com\/wordpress\/segunda\/ca\/riba-roja-de-turia-dona-suport-a-larribada-de-3-700-milions-deuros-a-la-comunitat-valenciana-amb-el-nou-model-de-financament-que-permetra-millorar-els-serveis-municipals\/\" title=\"Riba-roja de T\u00faria dona suport a l&#8217;arribada de 3.700 milions d&#8217;euros a la Comunitat Valenciana amb el nou model de finan\u00e7ament que permetr\u00e0 millorar els serveis municipals\">[+] <\/a><\/div>\n","protected":false},"author":12,"featured_media":167345,"comment_status":"open","ping_status":"open","sticky":false,"template":"","format":"standard","meta":{"footnotes":""},"categories":[10892,10948,10894,10947,10906,10896],"tags":[10899,11610,15024],"class_list":{"0":"post-293309","1":"post","2":"type-post","3":"status-publish","4":"format-standard","5":"has-post-thumbnail","7":"category-camp-de-turia-ca","8":"category-infraestructuras-ca","9":"category-la-comarca-ca","10":"category-politica","11":"category-riba-roja-ca","12":"category-seccion-ca","13":"tag-camp-de-turia-ca","14":"tag-pspv-psoe-riba-roja-ca","15":"tag-riba-roja-de-turia-ca"},"_links":{"self":[{"href":"https:\/\/www.tucomarca.com\/wordpress\/segunda\/ca\/wp-json\/wp\/v2\/posts\/293309","targetHints":{"allow":["GET"]}}],"collection":[{"href":"https:\/\/www.tucomarca.com\/wordpress\/segunda\/ca\/wp-json\/wp\/v2\/posts"}],"about":[{"href":"https:\/\/www.tucomarca.com\/wordpress\/segunda\/ca\/wp-json\/wp\/v2\/types\/post"}],"author":[{"embeddable":true,"href":"https:\/\/www.tucomarca.com\/wordpress\/segunda\/ca\/wp-json\/wp\/v2\/users\/12"}],"replies":[{"embeddable":true,"href":"https:\/\/www.tucomarca.com\/wordpress\/segunda\/ca\/wp-json\/wp\/v2\/comments?post=293309"}],"version-history":[{"count":0,"href":"https:\/\/www.tucomarca.com\/wordpress\/segunda\/ca\/wp-json\/wp\/v2\/posts\/293309\/revisions"}],"wp:featuredmedia":[{"embeddable":true,"href":"https:\/\/www.tucomarca.com\/wordpress\/segunda\/ca\/wp-json\/wp\/v2\/media\/167345"}],"wp:attachment":[{"href":"https:\/\/www.tucomarca.com\/wordpress\/segunda\/ca\/wp-json\/wp\/v2\/media?parent=293309"}],"wp:term":[{"taxonomy":"category","embeddable":true,"href":"https:\/\/www.tucomarca.com\/wordpress\/segunda\/ca\/wp-json\/wp\/v2\/categories?post=293309"},{"taxonomy":"post_tag","embeddable":true,"href":"https:\/\/www.tucomarca.com\/wordpress\/segunda\/ca\/wp-json\/wp\/v2\/tags?post=293309"}],"curies":[{"name":"wp","href":"https:\/\/api.w.org\/{rel}","templated":true}]}}