{"id":293388,"date":"2026-02-16T11:46:00","date_gmt":"2026-02-16T10:46:00","guid":{"rendered":"https:\/\/www.tucomarca.com\/wordpress\/segunda\/?p=293388"},"modified":"2026-02-16T21:19:30","modified_gmt":"2026-02-16T20:19:30","slug":"el-temporal-de-vent-provoca-a-utiel-la-caiguda-darbres-branques-senyals-i-fanals","status":"publish","type":"post","link":"https:\/\/www.tucomarca.com\/wordpress\/segunda\/ca\/el-temporal-de-vent-provoca-a-utiel-la-caiguda-darbres-branques-senyals-i-fanals\/","title":{"rendered":"El temporal de vent provoca a Utiel la caiguda d&#8217;arbres, branques, senyals i fanals"},"content":{"rendered":"\n<p>Les fortes ratxes de vent del passat dissabte, han provocat en el municipi d&#8217;Utiel nombroses incid\u00e8ncies que afortunadament no han derivat en danys de car\u00e0cter personal.<\/p>\n\n\n\n<p>L&#8217;alerta taronja per vent amb ratxes de fins a 100 km\/h se saldava amb la caiguda d&#8217;arbres en el Poliesportiu i en el Barri de la Constituci\u00f3 on es va necessitar de la intervenci\u00f3 d&#8217;efectius de bombers. A m\u00e9s, nombroses branques d&#8217;arbres es partien per la for\u00e7a del vent en diferents punts del municipi.<\/p>\n\n\n\n<p>El temporal tamb\u00e9 ha provocat que senyals de tr\u00e0nsit i fanals s&#8217;hagen doblegat i mobiliari urb\u00e0 s&#8217;haja despla\u00e7at per la intensitat de les ratxes de vent.<\/p>\n\n\n\n<p>L&#8217;alcalde d&#8217;Utiel, Ricardo Gabald\u00f3n, ha agra\u00eft la r\u00e0pida intervenci\u00f3 del personal laboral, bombers, policia local i regidories implicades.<\/p>\n\n\n\n<p>L&#8217;Ajuntament d&#8217;Utiel recorda a la ciutadania la import\u00e0ncia de seguir les recomanacions i extremar les precaucions en situacions d&#8217;alerta.<\/p>\n\n\n\n<figure class=\"wp-block-gallery has-nested-images columns-1 is-cropped wp-block-gallery-1 is-layout-flex wp-block-gallery-is-layout-flex\">\n<figure class=\"wp-block-image size-large\"><img loading=\"lazy\" decoding=\"async\" width=\"1024\" height=\"768\" data-id=\"293385\" src=\"https:\/\/www.tucomarca.com\/wordpress\/segunda\/wp-content\/uploads\/2026\/02\/UtielTemporalViento3-1024x768.jpeg\" alt=\"\" class=\"wp-image-293385\" srcset=\"https:\/\/www.tucomarca.com\/wordpress\/segunda\/wp-content\/uploads\/2026\/02\/UtielTemporalViento3-1024x768.jpeg 1024w, https:\/\/www.tucomarca.com\/wordpress\/segunda\/wp-content\/uploads\/2026\/02\/UtielTemporalViento3-300x225.jpeg 300w, https:\/\/www.tucomarca.com\/wordpress\/segunda\/wp-content\/uploads\/2026\/02\/UtielTemporalViento3-768x576.jpeg 768w, https:\/\/www.tucomarca.com\/wordpress\/segunda\/wp-content\/uploads\/2026\/02\/UtielTemporalViento3-1536x1152.jpeg 1536w, https:\/\/www.tucomarca.com\/wordpress\/segunda\/wp-content\/uploads\/2026\/02\/UtielTemporalViento3-678x509.jpeg 678w, https:\/\/www.tucomarca.com\/wordpress\/segunda\/wp-content\/uploads\/2026\/02\/UtielTemporalViento3-326x245.jpeg 326w, https:\/\/www.tucomarca.com\/wordpress\/segunda\/wp-content\/uploads\/2026\/02\/UtielTemporalViento3-80x60.jpeg 80w, https:\/\/www.tucomarca.com\/wordpress\/segunda\/wp-content\/uploads\/2026\/02\/UtielTemporalViento3.jpeg 2048w\" sizes=\"auto, (max-width: 1024px) 100vw, 1024px\" \/><\/figure>\n\n\n\n<figure class=\"wp-block-image size-large\"><img loading=\"lazy\" decoding=\"async\" width=\"768\" height=\"1024\" data-id=\"293381\" src=\"https:\/\/www.tucomarca.com\/wordpress\/segunda\/wp-content\/uploads\/2026\/02\/UtielTemporalViento-768x1024.jpeg\" alt=\"\" class=\"wp-image-293381\" srcset=\"https:\/\/www.tucomarca.com\/wordpress\/segunda\/wp-content\/uploads\/2026\/02\/UtielTemporalViento-768x1024.jpeg 768w, https:\/\/www.tucomarca.com\/wordpress\/segunda\/wp-content\/uploads\/2026\/02\/UtielTemporalViento-225x300.jpeg 225w, https:\/\/www.tucomarca.com\/wordpress\/segunda\/wp-content\/uploads\/2026\/02\/UtielTemporalViento-1152x1536.jpeg 1152w, https:\/\/www.tucomarca.com\/wordpress\/segunda\/wp-content\/uploads\/2026\/02\/UtielTemporalViento-1536x2048.jpeg 1536w, https:\/\/www.tucomarca.com\/wordpress\/segunda\/wp-content\/uploads\/2026\/02\/UtielTemporalViento-scaled.jpeg 1920w\" sizes=\"auto, (max-width: 768px) 100vw, 768px\" \/><\/figure>\n<\/figure>\n","protected":false},"excerpt":{"rendered":"<div class=\"mh-excerpt\">Les fortes ratxes de vent del passat dissabte, han provocat en el municipi d&#8217;Utiel nombroses incid\u00e8ncies que afortunadament no han derivat en danys de car\u00e0cter personal. L&#8217;alerta taronja per vent amb ratxes de fins a <a class=\"mh-excerpt-more\" href=\"https:\/\/www.tucomarca.com\/wordpress\/segunda\/ca\/el-temporal-de-vent-provoca-a-utiel-la-caiguda-darbres-branques-senyals-i-fanals\/\" title=\"El temporal de vent provoca a Utiel la caiguda d&#8217;arbres, branques, senyals i fanals\">[+] <\/a><\/div>\n","protected":false},"author":1,"featured_media":293384,"comment_status":"open","ping_status":"open","sticky":false,"template":"","format":"gallery","meta":{"footnotes":""},"categories":[10898,10948,10894,10904,10903,10909,10896,10897,11059],"tags":[13413,10910,11257,11174],"class_list":{"0":"post-293388","1":"post","2":"type-post","3":"status-publish","4":"format-gallery","5":"has-post-thumbnail","7":"category-ventana-ca","8":"category-infraestructuras-ca","9":"category-la-comarca-ca","10":"category-sin-categorizar-ca","11":"category-medio-ambiente-la-comarca-ca","12":"category-requena-utiel-ca","13":"category-seccion-ca","14":"category-sucesos-la-comarca-ca","15":"category-utiel-ca","16":"tag-fuertes-vientos-ca","17":"tag-requena-utiel-ca","18":"tag-temporal-ca","19":"tag-utiel-ca","20":"post_format-post-format-gallery"},"_links":{"self":[{"href":"https:\/\/www.tucomarca.com\/wordpress\/segunda\/ca\/wp-json\/wp\/v2\/posts\/293388","targetHints":{"allow":["GET"]}}],"collection":[{"href":"https:\/\/www.tucomarca.com\/wordpress\/segunda\/ca\/wp-json\/wp\/v2\/posts"}],"about":[{"href":"https:\/\/www.tucomarca.com\/wordpress\/segunda\/ca\/wp-json\/wp\/v2\/types\/post"}],"author":[{"embeddable":true,"href":"https:\/\/www.tucomarca.com\/wordpress\/segunda\/ca\/wp-json\/wp\/v2\/users\/1"}],"replies":[{"embeddable":true,"href":"https:\/\/www.tucomarca.com\/wordpress\/segunda\/ca\/wp-json\/wp\/v2\/comments?post=293388"}],"version-history":[{"count":0,"href":"https:\/\/www.tucomarca.com\/wordpress\/segunda\/ca\/wp-json\/wp\/v2\/posts\/293388\/revisions"}],"wp:featuredmedia":[{"embeddable":true,"href":"https:\/\/www.tucomarca.com\/wordpress\/segunda\/ca\/wp-json\/wp\/v2\/media\/293384"}],"wp:attachment":[{"href":"https:\/\/www.tucomarca.com\/wordpress\/segunda\/ca\/wp-json\/wp\/v2\/media?parent=293388"}],"wp:term":[{"taxonomy":"category","embeddable":true,"href":"https:\/\/www.tucomarca.com\/wordpress\/segunda\/ca\/wp-json\/wp\/v2\/categories?post=293388"},{"taxonomy":"post_tag","embeddable":true,"href":"https:\/\/www.tucomarca.com\/wordpress\/segunda\/ca\/wp-json\/wp\/v2\/tags?post=293388"}],"curies":[{"name":"wp","href":"https:\/\/api.w.org\/{rel}","templated":true}]}}