{"id":293496,"date":"2026-02-18T09:30:00","date_gmt":"2026-02-18T08:30:00","guid":{"rendered":"https:\/\/www.tucomarca.com\/wordpress\/segunda\/?p=293496"},"modified":"2026-02-18T19:47:48","modified_gmt":"2026-02-18T18:47:48","slug":"benaguasil-dona-la-benvinguda-aquest-dissabte-a-les-falles-amb-la-crida-fallera-2026","status":"publish","type":"post","link":"https:\/\/www.tucomarca.com\/wordpress\/segunda\/ca\/benaguasil-dona-la-benvinguda-aquest-dissabte-a-les-falles-amb-la-crida-fallera-2026\/","title":{"rendered":"Benaguasil dona la benvinguda aquest dissabte a les Falles amb la Crida Fallera 2026"},"content":{"rendered":"\n<p>Benaguasil ja comen\u00e7a a olorar a p\u00f3lvora, m\u00fasica i emoci\u00f3. La localitat celebrar\u00e0 aquest dissabte, 21 de febrer, la tradicional Crida Fallera 2026, l\u2019acte que marca oficialment l\u2019inici de les festes josefines i que reunir\u00e0 fallers, falleres i ve\u00efnat en una jornada carregada de tradici\u00f3 i ambient festiu.<\/p>\n\n\n\n<p>La Crida simbolitza l\u2019arrancada del calendari faller i suposa una invitaci\u00f3 col\u00b7lectiva a viure intensament unes setmanes en qu\u00e8 la cultura, la conviv\u00e8ncia i la festa seran protagonistes als carrers del municipi.<\/p>\n\n\n\n<h3 class=\"wp-block-heading\">Programa d\u2019actes<\/h3>\n\n\n\n<ul class=\"wp-block-list\">\n<li><strong>18.30 hores<\/strong> \u2013 Concentraci\u00f3 a la Pla\u00e7a Major.<\/li>\n\n\n\n<li><strong>19.00 hores<\/strong> \u2013 Crida des del balc\u00f3 de l\u2019Ayuntamiento de Benaguasil, amb el missatge que donar\u00e0 inici oficial a les Falles.<\/li>\n\n\n\n<li><strong>22.30 hores<\/strong> \u2013 Ambientaci\u00f3 musical amb DJ\u2019s per a continuar la celebraci\u00f3.<\/li>\n<\/ul>\n\n\n\n<p>Des del consistori s\u2019anima tota la ciutadania i visitants a participar en esta cita tan esperada, que dona la benvinguda a les Falles com es mereixen i obri la porta a uns dies plens de tradici\u00f3 valenciana.<\/p>\n","protected":false},"excerpt":{"rendered":"<div class=\"mh-excerpt\">Benaguasil ja comen\u00e7a a olorar a p\u00f3lvora, m\u00fasica i emoci\u00f3. La localitat celebrar\u00e0 aquest dissabte, 21 de febrer, la tradicional Crida Fallera 2026, l\u2019acte que marca oficialment l\u2019inici de les festes josefines i que reunir\u00e0 <a class=\"mh-excerpt-more\" href=\"https:\/\/www.tucomarca.com\/wordpress\/segunda\/ca\/benaguasil-dona-la-benvinguda-aquest-dissabte-a-les-falles-amb-la-crida-fallera-2026\/\" title=\"Benaguasil dona la benvinguda aquest dissabte a les Falles amb la Crida Fallera 2026\">[+] <\/a><\/div>\n","protected":false},"author":12,"featured_media":293490,"comment_status":"open","ping_status":"open","sticky":false,"template":"","format":"standard","meta":{"footnotes":""},"categories":[11019,10952,10892,10894,11007,10896],"tags":[11136,10899,23938,23199],"class_list":{"0":"post-293496","1":"post","2":"type-post","3":"status-publish","4":"format-standard","5":"has-post-thumbnail","7":"category-agenda-ca","8":"category-benaguasil-ca","9":"category-camp-de-turia-ca","10":"category-la-comarca-ca","11":"category-ocio-y-cultura-ca","12":"category-seccion-ca","13":"tag-benaguasil-ca","14":"tag-camp-de-turia-ca","15":"tag-crida-2026-ca","16":"tag-fallas-2026-ca"},"_links":{"self":[{"href":"https:\/\/www.tucomarca.com\/wordpress\/segunda\/ca\/wp-json\/wp\/v2\/posts\/293496","targetHints":{"allow":["GET"]}}],"collection":[{"href":"https:\/\/www.tucomarca.com\/wordpress\/segunda\/ca\/wp-json\/wp\/v2\/posts"}],"about":[{"href":"https:\/\/www.tucomarca.com\/wordpress\/segunda\/ca\/wp-json\/wp\/v2\/types\/post"}],"author":[{"embeddable":true,"href":"https:\/\/www.tucomarca.com\/wordpress\/segunda\/ca\/wp-json\/wp\/v2\/users\/12"}],"replies":[{"embeddable":true,"href":"https:\/\/www.tucomarca.com\/wordpress\/segunda\/ca\/wp-json\/wp\/v2\/comments?post=293496"}],"version-history":[{"count":0,"href":"https:\/\/www.tucomarca.com\/wordpress\/segunda\/ca\/wp-json\/wp\/v2\/posts\/293496\/revisions"}],"wp:featuredmedia":[{"embeddable":true,"href":"https:\/\/www.tucomarca.com\/wordpress\/segunda\/ca\/wp-json\/wp\/v2\/media\/293490"}],"wp:attachment":[{"href":"https:\/\/www.tucomarca.com\/wordpress\/segunda\/ca\/wp-json\/wp\/v2\/media?parent=293496"}],"wp:term":[{"taxonomy":"category","embeddable":true,"href":"https:\/\/www.tucomarca.com\/wordpress\/segunda\/ca\/wp-json\/wp\/v2\/categories?post=293496"},{"taxonomy":"post_tag","embeddable":true,"href":"https:\/\/www.tucomarca.com\/wordpress\/segunda\/ca\/wp-json\/wp\/v2\/tags?post=293496"}],"curies":[{"name":"wp","href":"https:\/\/api.w.org\/{rel}","templated":true}]}}