{"id":293508,"date":"2026-02-18T09:00:00","date_gmt":"2026-02-18T08:00:00","guid":{"rendered":"https:\/\/www.tucomarca.com\/wordpress\/segunda\/?p=293508"},"modified":"2026-02-18T19:43:48","modified_gmt":"2026-02-18T18:43:48","slug":"la-falla-monte-alton-de-yatova-presenta-aquest-dissabte-als-seus-representants-per-a-2026","status":"publish","type":"post","link":"https:\/\/www.tucomarca.com\/wordpress\/segunda\/ca\/la-falla-monte-alton-de-yatova-presenta-aquest-dissabte-als-seus-representants-per-a-2026\/","title":{"rendered":"La Falla Monte Alt\u00f3n de Y\u00e1tova presenta aquest dissabte als seus representants per a 2026"},"content":{"rendered":"\n<p>La Falla Monte Alt\u00f3n celebrar\u00e0 este dissabte, 21 de febrer, l\u2019acte de presentaci\u00f3 de les seues Falleres Majors i Presidents per a l\u2019exercici 2026, una cita molt esperada tant per la comissi\u00f3 com pels ve\u00efns de Y\u00e1tova i que marcar\u00e0 l\u2019inici oficial del nou cicle faller.<\/p>\n\n\n\n<p>Com a novetat, l\u2019esdeveniment es traslladar\u00e0 enguany a les instal\u00b7lacions del CEIP Pintor Sorolla, un espai m\u00e9s ampli que permetr\u00e0 acollir amb major comoditat el p\u00fablic assistent i els integrants de la comissi\u00f3.<\/p>\n\n\n\n<p>L\u2019acte estar\u00e0 dividit en dos parts diferenciades. En primer lloc, tindr\u00e0 lloc l\u2019exaltaci\u00f3 de la Fallera Major Infantil, <strong>Cayetana Veinat Zahonero<\/strong>, i del president infantil, <strong>Jos\u00e9 Romero Grau<\/strong>, junt amb les seues respectives Corts d\u2019Honor i la comissi\u00f3 infantil. Despr\u00e9s d\u2019un breu rec\u00e9s, se celebrar\u00e0 la presentaci\u00f3 de la Fallera Major, <strong>Andrea Lozano Cifre<\/strong>, i la reafirmaci\u00f3 en el c\u00e0rrec del president de la comissi\u00f3, <strong>H\u00e9ctor Rey G\u00f3mez<\/strong>.<\/p>\n\n\n\n<p>Amb esta cerim\u00f2nia, la Falla Monte Alt\u00f3n donar\u00e0 el tret d\u2019eixida a les Falles 2026. L\u2019activitat festiva continuar\u00e0 eixe mateix cap de setmana amb l\u2019assist\u00e8ncia a la Crida en Valencia i prosseguir\u00e0 en els dies seg\u00fcents amb diversos actes, entre ells la Crid\u00e0 local i la tradicional paella gegant acompanyada d\u2019orquestra, un dels esdeveniments m\u00e9s multitudinaris del programa.<\/p>\n\n\n\n<p><strong>La setmana gran fallera se celebrar\u00e0 del 2 al 8 de mar\u00e7<\/strong>, culminant el diumenge amb la Crem\u00e0 dels monuments, posant aix\u00ed el punt final a unes festes que cada any reunixen ve\u00efns i visitants al voltant de la tradici\u00f3, la conviv\u00e8ncia i la cultura valenciana.<\/p>\n","protected":false},"excerpt":{"rendered":"<div class=\"mh-excerpt\">La Falla Monte Alt\u00f3n celebrar\u00e0 este dissabte, 21 de febrer, l\u2019acte de presentaci\u00f3 de les seues Falleres Majors i Presidents per a l\u2019exercici 2026, una cita molt esperada tant per la comissi\u00f3 com pels ve\u00efns <a class=\"mh-excerpt-more\" href=\"https:\/\/www.tucomarca.com\/wordpress\/segunda\/ca\/la-falla-monte-alton-de-yatova-presenta-aquest-dissabte-als-seus-representants-per-a-2026\/\" title=\"La Falla Monte Alt\u00f3n de Y\u00e1tova presenta aquest dissabte als seus representants per a 2026\">[+] <\/a><\/div>\n","protected":false},"author":12,"featured_media":293506,"comment_status":"open","ping_status":"open","sticky":false,"template":"","format":"standard","meta":{"footnotes":""},"categories":[11019,10980,10894,10912,11007,10896],"tags":[16567,23199,10914,11141],"class_list":{"0":"post-293508","1":"post","2":"type-post","3":"status-publish","4":"format-standard","5":"has-post-thumbnail","7":"category-agenda-ca","8":"category-yatova-ca","9":"category-la-comarca-ca","10":"category-la-hoya-ca","11":"category-ocio-y-cultura-ca","12":"category-seccion-ca","13":"tag-falla-monte-alton-ca","14":"tag-fallas-2026-ca","15":"tag-la-hoya-de-bunol-chiva-ca","16":"tag-yatova-ca"},"_links":{"self":[{"href":"https:\/\/www.tucomarca.com\/wordpress\/segunda\/ca\/wp-json\/wp\/v2\/posts\/293508","targetHints":{"allow":["GET"]}}],"collection":[{"href":"https:\/\/www.tucomarca.com\/wordpress\/segunda\/ca\/wp-json\/wp\/v2\/posts"}],"about":[{"href":"https:\/\/www.tucomarca.com\/wordpress\/segunda\/ca\/wp-json\/wp\/v2\/types\/post"}],"author":[{"embeddable":true,"href":"https:\/\/www.tucomarca.com\/wordpress\/segunda\/ca\/wp-json\/wp\/v2\/users\/12"}],"replies":[{"embeddable":true,"href":"https:\/\/www.tucomarca.com\/wordpress\/segunda\/ca\/wp-json\/wp\/v2\/comments?post=293508"}],"version-history":[{"count":0,"href":"https:\/\/www.tucomarca.com\/wordpress\/segunda\/ca\/wp-json\/wp\/v2\/posts\/293508\/revisions"}],"wp:featuredmedia":[{"embeddable":true,"href":"https:\/\/www.tucomarca.com\/wordpress\/segunda\/ca\/wp-json\/wp\/v2\/media\/293506"}],"wp:attachment":[{"href":"https:\/\/www.tucomarca.com\/wordpress\/segunda\/ca\/wp-json\/wp\/v2\/media?parent=293508"}],"wp:term":[{"taxonomy":"category","embeddable":true,"href":"https:\/\/www.tucomarca.com\/wordpress\/segunda\/ca\/wp-json\/wp\/v2\/categories?post=293508"},{"taxonomy":"post_tag","embeddable":true,"href":"https:\/\/www.tucomarca.com\/wordpress\/segunda\/ca\/wp-json\/wp\/v2\/tags?post=293508"}],"curies":[{"name":"wp","href":"https:\/\/api.w.org\/{rel}","templated":true}]}}