{"id":293668,"date":"2026-02-20T12:15:00","date_gmt":"2026-02-20T11:15:00","guid":{"rendered":"https:\/\/www.tucomarca.com\/wordpress\/segunda\/?p=293668"},"modified":"2026-02-20T20:15:27","modified_gmt":"2026-02-20T19:15:27","slug":"el-consell-ratifica-linforme-de-les-actuacions-de-reconstruccio-executades-per-la-generalitat-en-infraestructures-viaries-afectades-per-la-dana","status":"publish","type":"post","link":"https:\/\/www.tucomarca.com\/wordpress\/segunda\/ca\/el-consell-ratifica-linforme-de-les-actuacions-de-reconstruccio-executades-per-la-generalitat-en-infraestructures-viaries-afectades-per-la-dana\/","title":{"rendered":"El Consell ratifica l&#8217;informe de les actuacions de reconstrucci\u00f3 executades per la Generalitat en infraestructures vi\u00e0ries afectades per la DANA"},"content":{"rendered":"\n<h3 class=\"wp-block-heading\">La Generalitat ha mobilitzat m\u00e9s de 750 milions en el marc del Pla Endavant per a agilitzar la reconstrucci\u00f3 d&#8217;infraestructures i medi ambient<\/h3>\n\n\n\n<h3 class=\"wp-block-heading\">Totes les carreteres auton\u00f2miques afectades a la prov\u00edncia de Val\u00e8ncia es troben obertes i m\u00e9s del 81% de les infraestructures municipals reparades<\/h3>\n\n\n\n<p>El Consell ha ratificat l&#8217;informe detallat de les actuacions de reconstrucci\u00f3 executades per la Generalitat en infraestructures vi\u00e0ries despr\u00e9s dels greus danys ocasionats per la DANA. El document reflecteix l&#8217;abast de la intervenci\u00f3 auton\u00f2mica, la rapidesa amb la qual es va recuperar la mobilitat i l&#8217;important esfor\u00e7 inversor realitzat per a retornar la normalitat a les zones afectades.<\/p>\n\n\n\n<p>Despr\u00e9s de les riuades, la Generalitat va posar en marxa un dispositiu sense precedents per a atendre la poblaci\u00f3 afectada i accelerar la reconstrucci\u00f3. En total, s&#8217;han mobilitzat 3.100 milions d&#8217;euros, dels quals 750 corresponen a actuacions en mat\u00e8ria d&#8217;infraestructures i medi ambient. Un de les principals fites reeixides radica en les infraestructures vi\u00e0ries, amb quasi la totalitat de les actuacions ja finalitzades.<\/p>\n\n\n\n<p>Les setmanes posteriors a les inundacions, la Generalitat va aconseguir restablir la circulaci\u00f3 en les 18 carreteres auton\u00f2miques afectades, recuperant la mobilitat en 47,3 quil\u00f2metres danyats per la riuada. Durant 2025, l&#8217;objectiu va ser executar solucions definitives que permeteren la reposici\u00f3 completa d&#8217;aquestes infraestructures, amb una inversi\u00f3 superior a 75 milions d&#8217;euros destinada a aquest efecte. En l&#8217;actualitat, totes les carreteres auton\u00f2miques afectades a la prov\u00edncia de Val\u00e8ncia es troben obertes des del passat estiu.<\/p>\n\n\n\n<p>D&#8217;altra banda, davant la magnitud dels danys en camins i estructures de titularitat municipal, el Consell va habilitar els instruments jur\u00eddics necessaris per a poder ajudar a les entitats locals i assumir compet\u00e8ncies municipals en prop d&#8217;una trentena de localitats. Gr\u00e0cies a aix\u00f2, la Generalitat est\u00e0 en la fase final d&#8217;execuci\u00f3 de 60 actuacions en 28 municipis als quals destina 52 milions d&#8217;euros. En aquests moments, ja han finalitzat 49 obres, la qual cosa suposa un 81,6% d&#8217;execuci\u00f3.<\/p>\n\n\n\n<p>La reconstrucci\u00f3 despr\u00e9s de la DANA s&#8217;ha plantejat no sols per a restaurar obres, sin\u00f3 que s&#8217;han aplicat criteris de resili\u00e8ncia perqu\u00e8 les infraestructures estiguen millor preparades davant futures avingudes. S&#8217;han incorporat fonamentacions m\u00e9s profundes, refor\u00e7os d&#8217;escullera i un augment de la capacitat hidr\u00e0ulica, com a Paiporta, on la unificaci\u00f3 de la passarel\u00b7la i el pont de Metrovalencia evita que puga repetir-se l&#8217;efecte d&#8217;arrossegament que va danyar l&#8217;estructura, mentre que en municipis com Godelleta, Setaig\u00fces, Sot de Xera, Utiel, Requena o Sinarques s&#8217;han ampliat ponts i passos per a adaptar-los al nou ample dels llits i millorar la seua resposta davant episodis de pluges intenses.<\/p>\n\n\n\n<p>L&#8217;informe ratificat pel Consell posa de manifest la capacitat de resposta, coordinaci\u00f3 i execuci\u00f3 de la Generalitat per a recuperar en temps r\u00e8cord la xarxa vi\u00e0ria afectada per la DANA i garantir la seguretat, la connectivitat i l&#8217;activitat econ\u00f2mica dels municipis damnificats.<\/p>\n\n\n\n<p><strong>Metrovalencia, depuradores i gesti\u00f3 de residus<\/strong><\/p>\n\n\n\n<p>Del total dels 750 milions d&#8217;euros destinats a infraestructures i medi ambient, s&#8217;han invertit 140 en la reconstrucci\u00f3 i modernitzaci\u00f3 de Metrovalencia, amb la fita de reobrir 50 quil\u00f2metres afectats per les inundacions el passat estiu.<\/p>\n\n\n\n<p>D&#8217;altra banda, s&#8217;han destinat 100 milions d&#8217;euros a infraestructures hidr\u00e0uliques i depuradores. Totes les depuradors estan ja restaurades, mentre que en infraestructures forestals la inversi\u00f3 aconsegueix els 93 milions d&#8217;euros, amb m\u00e9s de la meitat ja executats.<\/p>\n\n\n\n<p>Aix\u00ed mateix, en infraestructures portu\u00e0ries s&#8217;han invertit 6 milions d&#8217;euros amb actuacions centrades en el port de Cullera. Destaca tamb\u00e9 la inversi\u00f3 de 225 milions d&#8217;euros en la gesti\u00f3 de residus, completament executada, incloent-hi l&#8217;ampliaci\u00f3 de 44 milions en execuci\u00f3 del servei per a la retirada de residus de construcci\u00f3, demolici\u00f3 i voluminosos en vies i espais p\u00fablics.<\/p>\n","protected":false},"excerpt":{"rendered":"<div class=\"mh-excerpt\">La Generalitat ha mobilitzat m\u00e9s de 750 milions en el marc del Pla Endavant per a agilitzar la reconstrucci\u00f3 d&#8217;infraestructures i medi ambient Totes les carreteres auton\u00f2miques afectades a la prov\u00edncia de Val\u00e8ncia es troben <a class=\"mh-excerpt-more\" href=\"https:\/\/www.tucomarca.com\/wordpress\/segunda\/ca\/el-consell-ratifica-linforme-de-les-actuacions-de-reconstruccio-executades-per-la-generalitat-en-infraestructures-viaries-afectades-per-la-dana\/\" title=\"El Consell ratifica l&#8217;informe de les actuacions de reconstrucci\u00f3 executades per la Generalitat en infraestructures vi\u00e0ries afectades per la DANA\">[+] <\/a><\/div>\n","protected":false},"author":12,"featured_media":272609,"comment_status":"closed","ping_status":"open","sticky":false,"template":"","format":"standard","meta":{"footnotes":""},"categories":[21466,21465,10898,10977,14,128,10948,8,10894,72,10904,10912,10,10903,142,10947,10908,28,10909,27,10896,3,10979,12,235,11058,10897,29,11059,45],"tags":[12831,15409,10716,11498,23952,23953,10914,10910],"class_list":{"0":"post-293668","1":"post","2":"type-post","3":"status-publish","4":"format-standard","5":"has-post-thumbnail","7":"category-dana-ca","8":"category-dana","9":"category-ventana-ca","10":"category-godelleta-ca","11":"category-godelleta","12":"category-infraestructuras","13":"category-infraestructuras-ca","14":"category-la-comarca","15":"category-la-comarca-ca","16":"category-sin-categorizar","17":"category-sin-categorizar-ca","18":"category-la-hoya-ca","19":"category-la-hoya","20":"category-medio-ambiente-la-comarca-ca","21":"category-politica-la-comarca","22":"category-politica","23":"category-requena-ca","24":"category-requena","25":"category-requena-utiel-ca","26":"category-requena-utiel","27":"category-seccion-ca","28":"category-seccion","29":"category-siete-aguas-ca","30":"category-siete-aguas","31":"category-sinarcas","32":"category-sinarcas-ca","33":"category-sucesos-la-comarca-ca","34":"category-utiel","35":"category-utiel-ca","36":"category-ventana","37":"tag-dana-2","38":"tag-dana-2-ca","39":"tag-generalitat-valenciana","40":"tag-generalitat-valenciana-ca","41":"tag-infraestucturas-viarias","43":"tag-la-hoya-de-bunol-chiva-ca","44":"tag-requena-utiel-ca"},"_links":{"self":[{"href":"https:\/\/www.tucomarca.com\/wordpress\/segunda\/ca\/wp-json\/wp\/v2\/posts\/293668","targetHints":{"allow":["GET"]}}],"collection":[{"href":"https:\/\/www.tucomarca.com\/wordpress\/segunda\/ca\/wp-json\/wp\/v2\/posts"}],"about":[{"href":"https:\/\/www.tucomarca.com\/wordpress\/segunda\/ca\/wp-json\/wp\/v2\/types\/post"}],"author":[{"embeddable":true,"href":"https:\/\/www.tucomarca.com\/wordpress\/segunda\/ca\/wp-json\/wp\/v2\/users\/12"}],"replies":[{"embeddable":true,"href":"https:\/\/www.tucomarca.com\/wordpress\/segunda\/ca\/wp-json\/wp\/v2\/comments?post=293668"}],"version-history":[{"count":0,"href":"https:\/\/www.tucomarca.com\/wordpress\/segunda\/ca\/wp-json\/wp\/v2\/posts\/293668\/revisions"}],"wp:featuredmedia":[{"embeddable":true,"href":"https:\/\/www.tucomarca.com\/wordpress\/segunda\/ca\/wp-json\/wp\/v2\/media\/272609"}],"wp:attachment":[{"href":"https:\/\/www.tucomarca.com\/wordpress\/segunda\/ca\/wp-json\/wp\/v2\/media?parent=293668"}],"wp:term":[{"taxonomy":"category","embeddable":true,"href":"https:\/\/www.tucomarca.com\/wordpress\/segunda\/ca\/wp-json\/wp\/v2\/categories?post=293668"},{"taxonomy":"post_tag","embeddable":true,"href":"https:\/\/www.tucomarca.com\/wordpress\/segunda\/ca\/wp-json\/wp\/v2\/tags?post=293668"}],"curies":[{"name":"wp","href":"https:\/\/api.w.org\/{rel}","templated":true}]}}