{"id":293736,"date":"2026-02-21T11:00:00","date_gmt":"2026-02-21T10:00:00","guid":{"rendered":"https:\/\/www.tucomarca.com\/wordpress\/segunda\/?p=293736"},"modified":"2026-02-21T11:57:37","modified_gmt":"2026-02-21T10:57:37","slug":"video-lajuntament-de-bunyol-posa-en-servei-la-seua-aula-respir-municipal-per-a-donar-suport-a-majors-dependents-i-els-seus-cuidadors","status":"publish","type":"post","link":"https:\/\/www.tucomarca.com\/wordpress\/segunda\/ca\/video-lajuntament-de-bunyol-posa-en-servei-la-seua-aula-respir-municipal-per-a-donar-suport-a-majors-dependents-i-els-seus-cuidadors\/","title":{"rendered":"V\u00eddeo: l&#8217;Ajuntament de Bunyol posa en servei la seua Aula Respir Municipal per a donar suport a majors dependents i els seus cuidadors"},"content":{"rendered":"\n<figure class=\"wp-block-embed is-type-video is-provider-youtube wp-block-embed-youtube wp-embed-aspect-16-9 wp-has-aspect-ratio\"><div class=\"wp-block-embed__wrapper\">\n<iframe loading=\"lazy\" title=\"V\u00eddeo: Bu\u00f1ol pone en servicio su Aula Respiro para dar apoyo a mayores dependientes y sus cuidadores\" width=\"500\" height=\"281\" src=\"https:\/\/www.youtube.com\/embed\/EiZiaANLzk4?feature=oembed\" frameborder=\"0\" allow=\"accelerometer; autoplay; clipboard-write; encrypted-media; gyroscope; picture-in-picture; web-share\" referrerpolicy=\"strict-origin-when-cross-origin\" allowfullscreen><\/iframe>\n<\/div><\/figure>\n\n\n\n<p>L&#8217;Ajuntament de Bunyol ha posat en marxa l&#8217;Aula Respir Municipal de la localitat, un nou servei impulsat pel consistori per a donar suport a persones majors en situaci\u00f3 de depend\u00e8ncia, a persones amb discapacitat i a les seues fam\u00edlies cuidadores, tal com resum en aquest v\u00eddeo l&#8217;alcaldessa de Bunyol, <strong>Virg\u00ednia Sanz<\/strong>, i el regidor de Benestar Social, <strong>Carlos Avi\u00f1\u00f3<\/strong>. En l&#8217;obertura del servei tamb\u00e9 ha participat la diputada provincial de Benestar Social, <strong>Imma Gonz\u00e1lez<\/strong>, el departament del qual ha contribu\u00eft a sufragar aquest projecte. Informa, <strong>M. A. Pall\u00e1s<\/strong>.<\/p>\n","protected":false},"excerpt":{"rendered":"<div class=\"mh-excerpt\">L&#8217;Ajuntament de Bunyol ha posat en marxa l&#8217;Aula Respir Municipal de la localitat, un nou servei impulsat pel consistori per a donar suport a persones majors en situaci\u00f3 de depend\u00e8ncia, a persones amb discapacitat i <a class=\"mh-excerpt-more\" href=\"https:\/\/www.tucomarca.com\/wordpress\/segunda\/ca\/video-lajuntament-de-bunyol-posa-en-servei-la-seua-aula-respir-municipal-per-a-donar-suport-a-majors-dependents-i-els-seus-cuidadors\/\" title=\"V\u00eddeo: l&#8217;Ajuntament de Bunyol posa en servei la seua Aula Respir Municipal per a donar suport a majors dependents i els seus cuidadors\">[+] <\/a><\/div>\n","protected":false},"author":1,"featured_media":293733,"comment_status":"closed","ping_status":"open","sticky":false,"template":"","format":"video","meta":{"footnotes":""},"categories":[18,10911,10898,128,10948,8,10894,72,10904,10912,10,11007,7,142,10947,10896,3,45,26,11062],"tags":[12639,10913,10914],"class_list":{"0":"post-293736","1":"post","2":"type-post","3":"status-publish","4":"format-video","5":"has-post-thumbnail","7":"category-bunol","8":"category-bunol-ca","9":"category-ventana-ca","10":"category-infraestructuras","11":"category-infraestructuras-ca","12":"category-la-comarca","13":"category-la-comarca-ca","14":"category-sin-categorizar","15":"category-sin-categorizar-ca","16":"category-la-hoya-ca","17":"category-la-hoya","18":"category-ocio-y-cultura-ca","19":"category-ocio-y-cultura","20":"category-politica-la-comarca","21":"category-politica","22":"category-seccion-ca","23":"category-seccion","24":"category-ventana","25":"category-video","26":"category-videos","27":"tag-aula-respiro-ca","28":"tag-bunol-ca","29":"tag-la-hoya-de-bunol-chiva-ca","30":"post_format-post-format-video"},"_links":{"self":[{"href":"https:\/\/www.tucomarca.com\/wordpress\/segunda\/ca\/wp-json\/wp\/v2\/posts\/293736","targetHints":{"allow":["GET"]}}],"collection":[{"href":"https:\/\/www.tucomarca.com\/wordpress\/segunda\/ca\/wp-json\/wp\/v2\/posts"}],"about":[{"href":"https:\/\/www.tucomarca.com\/wordpress\/segunda\/ca\/wp-json\/wp\/v2\/types\/post"}],"author":[{"embeddable":true,"href":"https:\/\/www.tucomarca.com\/wordpress\/segunda\/ca\/wp-json\/wp\/v2\/users\/1"}],"replies":[{"embeddable":true,"href":"https:\/\/www.tucomarca.com\/wordpress\/segunda\/ca\/wp-json\/wp\/v2\/comments?post=293736"}],"version-history":[{"count":0,"href":"https:\/\/www.tucomarca.com\/wordpress\/segunda\/ca\/wp-json\/wp\/v2\/posts\/293736\/revisions"}],"wp:featuredmedia":[{"embeddable":true,"href":"https:\/\/www.tucomarca.com\/wordpress\/segunda\/ca\/wp-json\/wp\/v2\/media\/293733"}],"wp:attachment":[{"href":"https:\/\/www.tucomarca.com\/wordpress\/segunda\/ca\/wp-json\/wp\/v2\/media?parent=293736"}],"wp:term":[{"taxonomy":"category","embeddable":true,"href":"https:\/\/www.tucomarca.com\/wordpress\/segunda\/ca\/wp-json\/wp\/v2\/categories?post=293736"},{"taxonomy":"post_tag","embeddable":true,"href":"https:\/\/www.tucomarca.com\/wordpress\/segunda\/ca\/wp-json\/wp\/v2\/tags?post=293736"}],"curies":[{"name":"wp","href":"https:\/\/api.w.org\/{rel}","templated":true}]}}